{"id":233524,"date":"2026-09-05T06:01:13","date_gmt":"2026-09-05T06:01:13","guid":{"rendered":"https:\/\/www.europesays.com\/hu\/233524\/"},"modified":"2026-09-05T06:01:13","modified_gmt":"2026-09-05T06:01:13","slug":"index-belfold-egesz-hetvegere-megbenul-a-fovaros-negy-hidat-es-a-rakpartokat-is-lezarjak","status":"publish","type":"post","link":"https:\/\/www.europesays.com\/hu\/233524\/","title":{"rendered":"Index &#8211; Belf\u00f6ld &#8211; Eg\u00e9sz h\u00e9tv\u00e9g\u00e9re megb\u00e9nul a f\u0151v\u00e1ros, n\u00e9gy hidat \u00e9s a rakpartokat is lez\u00e1rj\u00e1k"},"content":{"rendered":"<p>Szombaton \u00e9s vas\u00e1rnap ideiglenes forgalomkorl\u00e1toz\u00e1sokra kell sz\u00e1m\u00edtani a f\u0151v\u00e1ros t\u00f6bb ker\u00fclet\u00e9ben is a 41. Wizz Air Budapest <a href=\"https:\/\/index.hu\/sport\/2025\/08\/29\/wizzair-budapest-felmaraton-szeptember-7.\/\" id=\"hyperlink_1770b41d0593d019f7c888b238fce145\" target=\"_blank\" title=\"Ausztr\u00e1li\u00e1b\u00f3l \u00e9s Keny\u00e1b\u00f3l is \u00e9rkeznek fut\u00f3k a Budapest F\u00e9lmaratonra\" rel=\"nofollow noopener\">F\u00e9lmaraton<\/a> miatt. Az id\u0151szakos lez\u00e1r\u00e1sok a Szabads\u00e1g hidat, valamint az \u00c1rp\u00e1d hidat, a Margit hidat \u00e9s a L\u00e1nchidat is \u00e9rintik. A Budapesti Rend\u0151r-f\u0151kapit\u00e1nys\u00e1g (BRFK) t\u00e1j\u00e9koztat\u00e1sa szerint a p\u00e9ntek \u00f3ta \u00e9rv\u00e9nyben l\u00e9v\u0151 lez\u00e1r\u00e1sok a f\u0151v\u00e1ros I., II., III., V., IX., XI. \u00e9s XIII. ker\u00fclet\u00e9re terjednek ki.<\/p>\n<p>\n                          Ma reggelt\u0151l holnap, vas\u00e1rnap 21 \u00f3r\u00e1ig lez\u00e1rj\u00e1k a P\u00e1zm\u00e1ny P\u00e9ter s\u00e9t\u00e1nyt a M\u0171egyetem rakpart \u00e9s a Domb\u00f3v\u00e1ri \u00fat k\u00f6z\u00f6tt. Vas\u00e1rnap eg\u00e9szen d\u00e9lut\u00e1nig nem lehet majd k\u00f6zlekedni a Magyar tud\u00f3sok k\u00f6r\u00fatj\u00e1n, a budai \u00e9s a pesti als\u00f3 rakparton, a M\u0171egyetem rakparton, tov\u00e1bb\u00e1 a Szabads\u00e1g h\u00eddon \u00e9s a Szent Gell\u00e9rt t\u00e9ren.\n                        <\/p>\n<p>Illetve szakaszosan \u00e9s id\u0151szakosan lez\u00e1rj\u00e1k vas\u00e1rnap a P\u00e1zm\u00e1ny P\u00e9ter s\u00e9t\u00e1ny \u2013 budai als\u00f3 rakpart \u2013 \u00c1rp\u00e1d fejedelem \u00fatja \u2013 \u00c1rp\u00e1d h\u00edd (d\u00e9li \u00e1g, k\u00e9t s\u00e1v) \u2013 Margitsziget \u2013 Margit h\u00edd (\u00e9szaki oldal, k\u00e9t s\u00e1v) \u2013 J\u00e1szai Mari t\u00e9r \u2013 \u00dajpesti rakpart \u2013 pesti als\u00f3 rakpart \u2013 F\u0151v\u00e1m t\u00e9r \u2013 Szabads\u00e1g h\u00edd \u2013 Szent Gell\u00e9rt t\u00e9r \u2013 M\u0171egyetem rakpart \u2013 P\u00e1zm\u00e1ny P\u00e9ter s\u00e9t\u00e1ny \u00fatvonalat.<\/p>\n<p>K\u00e9s\u0151bb pedig a P\u00e1zm\u00e1ny P\u00e9ter s\u00e9t\u00e1ny \u2013 budai als\u00f3 rakpart \u2013 Bem rakpart \u2013 J\u00e9gverem utca \u2013 F\u0151 utca \u2013 Clark \u00c1d\u00e1m t\u00e9r \u2013 L\u00e1nch\u00edd \u2013 Sz\u00e9chenyi Istv\u00e1n t\u00e9r \u2013 E\u00f6tv\u00f6s t\u00e9r \u2013 pesti als\u00f3 rakpart \u2013 F\u0151v\u00e1m t\u00e9r \u2013 Szabads\u00e1g h\u00edd \u2013 Szent Gell\u00e9rt t\u00e9r \u2013 M\u0171egyetem rakpart \u2013 P\u00e1zm\u00e1ny P\u00e9ter s\u00e9t\u00e1ny \u00fatvonalat z\u00e1rj\u00e1k le.<\/p>\n<p>A BRFK arra k\u00e9ri a j\u00e1rm\u0171vezet\u0151ket, hogy a megv\u00e1ltozott forgalmi rend szerint, fokozott figyelemmel k\u00f6zlekedjenek. A police.hu oldal\u00e1n r\u00e9szletesen is ismertetik a lez\u00e1r\u00e1sok helysz\u00edn\u00e9t \u00e9s id\u0151pontj\u00e1t, tov\u00e1bb\u00e1 egy interakt\u00edv t\u00e9rk\u00e9pet is k\u00f6zz\u00e9tettek, amelyen az \u00e9rintett \u00fatszakaszokra kattintva megjelennek az arra vonatkoz\u00f3 korl\u00e1toz\u00e1sok.<\/p>\n<p>K\u00e9t \u00e9vvel kor\u00e1bban <a href=\"https:\/\/index.hu\/sport\/2024\/09\/01\/futas-felmaraton-futoverseny-budapest-repuloter-bud-wizz-air-jotekonysag\/\" id=\"hyperlink_96c4481a6b9b905649bf341026c9c12f\" target=\"_blank\" title=\"Rekordott d\u00f6nt a Wizz Air budapesti f\u00e9lmaratonja\" data-recommendation=\"bekezdes_utan\" data-recommendation-preview=\"{&quot;og:title&quot;:&quot;Rekordott d\u00f6nt a Wizz Air budapesti f\u00e9lmaratonja&quot;,&quot;og:description&quot;:&quot;T\u00f6bb mint h\u00e1romezren neveztek eddig a 21.1 kilom\u00e9teres t\u00e1vra.&quot;,&quot;og:image&quot;:&quot;\\\/\\\/kep.cdn.indexvas.hu\\\/1\\\/0\\\/5807\\\/58074\\\/580741\\\/58074139_4297099_2a5e5fa85d7b40e3a5afc0581f6db79e_wm.jpg&quot;}\" data-recommendation-id=\"5848725\" rel=\"nofollow noopener\">rekordot d\u00f6nt\u00f6tt az esem\u00e9ny<\/a>: a 39. volt\u00a0a verseny t\u00f6rt\u00e9net\u00e9ben minden id\u0151k legn\u00e9pesebb nemzetk\u00f6zi mez\u0151nye, magasan t\u00falsz\u00e1rnyalva a 2018-ban 2700 k\u00fclf\u00f6ldi nevez\u0151t sz\u00e1ml\u00e1l\u00f3 addigi cs\u00facsot.<\/p>\n<p><a href=\"https:\/\/dex.hu\/x.php?id=googlepref_desktop&amp;url=https:\/\/google.com\/preferences\/source?q=https:\/\/index.hu\" class=\"google-pref-banner \" id=\"googlePrefBanner\" rel=\"nofollow noopener\" target=\"_blank\"><\/p>\n<p>    Itt \u00e1ll\u00edtsa be, hogy az Index az els\u0151k k\u00f6z\u00f6tt legyen a Google-tal\u00e1latokban!<\/p>\n<p><\/a><\/p>\n<p>                <a href=\"https:\/\/konyvek.index.hu\/\" target=\"_blank\" rel=\"nofollow noopener\"><br \/>\n                <img decoding=\"async\" src=\"https:\/\/index.hu\/assets\/images\/konyvajanlo\/book_indapress\/book_indapress_logo.svg\" loading=\"lazy\" alt=\"Inda Press Kiad\u00f3\"\/><br \/>\n                <\/a><\/p>\n<p>                <img decoding=\"async\" src=\"https:\/\/www.europesays.com\/hu\/wp-content\/uploads\/2026\/09\/1788588071_978_budapest.png\" loading=\"lazy\" alt=\"23 \u2013 Nagy budapesti ker\u00fclethat\u00e1roz\u00f3\"\/><\/p>\n<p>Izgalmas t\u00f6rt\u00e9netek, rejtett kincsek, \u00e9rdekes \u00e9p\u00fcletek &#8211; nem csak budapestieknek.<\/p>\n<p>                <a class=\"book_index_btn\" href=\"https:\/\/indexadhu.hit.gemius.pl\/hitredir?id=nSCbubuYpDWJZLZs0TssLrbt33Lk5kbipuiZrkg89G3.g7&amp;stparam=yoojcxjrby&amp;fastid=maqqjzmjjiorpyjhphrcutrnpkmz&amp;nc=0&amp;url=https:\/\/www.indapresskiado.hu\/products\/23-nagy-budapesti-ker-hat\" target=\"_blank\" rel=\"nofollow noopener\">MEGVESZEM<\/a><\/p>\n<p>    <img decoding=\"async\" src=\"https:\/\/www.europesays.com\/hu\/wp-content\/uploads\/2026\/09\/1788588073_343_redot.gif\"\/><\/p>\n<p>    <img decoding=\"async\" src=\"https:\/\/index.hu\/assets\/images\/social-follow\/logo-big.svg\" alt=\"Index.hu logo\"\/><\/p>\n<p>K\u00f6vesse az Indexet Facebookon is!<\/p>\n<p>    <a href=\"https:\/\/facebook.com\/Indexhu\" target=\"_blank\" rel=\"nofollow noopener\"><\/p>\n<p>        K\u00f6vetem!<br \/>\n    <\/a><\/p>\n","protected":false},"excerpt":{"rendered":"Szombaton \u00e9s vas\u00e1rnap ideiglenes forgalomkorl\u00e1toz\u00e1sokra kell sz\u00e1m\u00edtani a f\u0151v\u00e1ros t\u00f6bb ker\u00fclet\u00e9ben is a 41. Wizz Air Budapest F\u00e9lmaraton&hellip;\n","protected":false},"author":2,"featured_media":233525,"comment_status":"","ping_status":"","sticky":false,"template":"","format":"standard","meta":{"footnotes":"","_share_on_mastodon":"0"},"categories":[22],"tags":[80,73,25917,15657,2098,44,42,40,8104,12837,43,41,2435],"class_list":["post-233524","post","type-post","status-publish","format-standard","has-post-thumbnail","category-budapest","tag-belfold","tag-budapest","tag-felmaraton","tag-futoverseny","tag-hidak","tag-hu","tag-hungarian","tag-hungary","tag-keruletek","tag-lezarasok","tag-magyar","tag-magyarorszag","tag-wizz-air"],"share_on_mastodon":{"url":"https:\/\/pubeurope.com\/@hu\/117216915911408714","error":""},"_links":{"self":[{"href":"https:\/\/www.europesays.com\/hu\/wp-json\/wp\/v2\/posts\/233524","targetHints":{"allow":["GET"]}}],"collection":[{"href":"https:\/\/www.europesays.com\/hu\/wp-json\/wp\/v2\/posts"}],"about":[{"href":"https:\/\/www.europesays.com\/hu\/wp-json\/wp\/v2\/types\/post"}],"author":[{"embeddable":true,"href":"https:\/\/www.europesays.com\/hu\/wp-json\/wp\/v2\/users\/2"}],"replies":[{"embeddable":true,"href":"https:\/\/www.europesays.com\/hu\/wp-json\/wp\/v2\/comments?post=233524"}],"version-history":[{"count":0,"href":"https:\/\/www.europesays.com\/hu\/wp-json\/wp\/v2\/posts\/233524\/revisions"}],"wp:featuredmedia":[{"embeddable":true,"href":"https:\/\/www.europesays.com\/hu\/wp-json\/wp\/v2\/media\/233525"}],"wp:attachment":[{"href":"https:\/\/www.europesays.com\/hu\/wp-json\/wp\/v2\/media?parent=233524"}],"wp:term":[{"taxonomy":"category","embeddable":true,"href":"https:\/\/www.europesays.com\/hu\/wp-json\/wp\/v2\/categories?post=233524"},{"taxonomy":"post_tag","embeddable":true,"href":"https:\/\/www.europesays.com\/hu\/wp-json\/wp\/v2\/tags?post=233524"}],"curies":[{"name":"wp","href":"https:\/\/api.w.org\/{rel}","templated":true}]}}