{"id":233526,"date":"2026-09-05T06:08:12","date_gmt":"2026-09-05T06:08:12","guid":{"rendered":"https:\/\/www.europesays.com\/hu\/233526\/"},"modified":"2026-09-05T06:08:12","modified_gmt":"2026-09-05T06:08:12","slug":"index-futball-futball-1172","status":"publish","type":"post","link":"https:\/\/www.europesays.com\/hu\/233526\/","title":{"rendered":"Index &#8211; Futball &#8211; Futball"},"content":{"rendered":"<p>Megvan <a href=\"https:\/\/index.hu\/sport\/futball\/2026\/09\/04\/liverpool-ipswich-premier-league-2026-2027-3.-fordulo-szoboszlai-dominik-kerkez-milos-alexander-isak\/\" id=\"hyperlink_e4f95ba82c869cec55f177550ee5badd\" target=\"_self\" title=\"A jubil\u00e1l\u00f3 Szoboszlaival a Liverpool kilenc perc alatt kiv\u00e9gezte a Premier League-\u00fajoncot\" data-recommendation=\"bekezdes_utan\" data-recommendation-preview=\"{&quot;og:title&quot;:&quot;A jubil\u00e1l\u00f3 Szoboszlaival a Liverpool kilenc perc alatt kiv\u00e9gezte a Premier League-\u00fajoncot&quot;,&quot;og:description&quot;:&quot;A j\u00e1t\u00e9kvezet\\u0151 is kiemelt figyelmet szentelt a magyar j\u00e1t\u00e9kosnak.&quot;,&quot;og:image&quot;:&quot;\\\/\\\/kep.cdn.indexvas.hu\\\/1\\\/0\\\/7140\\\/71408\\\/714086\\\/71408689_5265489_daf1cb204e46c560053f00695846a0dc_wm.jpg&quot;}\" data-recommendation-id=\"6272477\" rel=\"nofollow noopener\">a Liverpool els\u0151 bajnoki gy\u0151zelme<\/a> Andoni Iraola keze alatt, r\u00e1ad\u00e1sul idegenben, \u00e9s meglehet\u0151s magabiztoss\u00e1ggal. Igaz, az \u00fajonc ellen, de h\u00e1rom pont az h\u00e1rom pont. Tov\u00e1bbi j\u00f3 h\u00edr, hogy Szoboszlai Dominikot a k\u00f6z\u00e9pp\u00e1ly\u00e1n alkalmazta a baszk tr\u00e9ner, \u00e9s honfit\u00e1rsunk roppant akt\u00edv volt: h\u00e1romszor l\u0151tt kapura az els\u0151 f\u00e9lid\u0151ben, mindh\u00e1romszor tal\u00e1lt, csak a kapus v\u00e9dett. Passzpontoss\u00e1ga kiemelked\u0151 volt (90 sz\u00e1zal\u00e9k), \u00e9s ez azt jelenti, hogy ez\u00fattal fel\u00fclkerekedett \u00f6nmag\u00e1n, legkir\u00edv\u00f3bb gyenges\u00e9ge, a sok elsz\u00f3rt labda ez\u00fattal nem jellemezte a j\u00e1t\u00e9k\u00e1t.<\/p>\n<p>No \u00e9s ez a fut\u00f3teljes\u00edtm\u00e9ny! Dominik 11,5 megtett kilom\u00e9ter\u00e9vel a m\u00e1sodik helyre ker\u00fclt a csapaton bel\u00fcli rangsorban.<\/p>\n<p>Legal\u00e1bb ennyire \u00f6rvendetes, hogy Kerkez Milos v\u00e9gre kiegyens\u00falyozott teljes\u00edtm\u00e9nyt ny\u00fajtott, b\u00e1r ehhez az is kellett, hogy Iraola v\u00e9gig s\u00fagjon neki a partvonal mellett. Hi\u00e1ba, olykor meg kell mondani neki, hova \u00e1lljon, mit csin\u00e1ljon. De ha megmondj\u00e1k, akkor azt meg is csin\u00e1lja.<\/p>\n<p>Az oszt\u00e1lyzatok kimondottan j\u00f3k, mindk\u00e9t magyar a csapat er\u0151ss\u00e9gei k\u00f6z\u00e9 tartozott a Portman Roadon.<\/p>\n<p>Thisisaanfield.com: Szoboszlai 8, Kerkez 7. Szoboszlai szeme mindv\u00e9gig a c\u00e9lpontra ir\u00e1nyult, nem is egyszer tesztelte az Ipswich kapus\u00e1t. Nem mentek el mellette annyiszor, mint a szezon els\u0151 k\u00e9t meccs\u00e9n, szemmel l\u00e1that\u00f3an megfogadta Iraola intelmeit, meg\u00e9rtette filoz\u00f3fi\u00e1j\u00e1t. A m\u00e1sodik legnagyobb t\u00e1vols\u00e1got futotta be a csapatban, 11,5 kilom\u00e9tert. Kiharcolt egy b\u00fcntet\u0151t, k\u00e1r, hogy millim\u00e9terekkel lesre futott. Kerkez\u00a0agressz\u00edv volt, mik\u00f6zben a menedzser v\u00e9gig a f\u00fcl\u00e9be duruzsolt az oldalvonal mellett, de meg\u00e9rte. Rendre labdaveszt\u00e9sre k\u00e9nyszer\u00edtette az ellenfelet. Egy kiss\u00e9 lehiggadhatna.<\/p>\n<p>Sofascore.com: Szoboszlai 7,5, Kerkez 6,8.<\/p>\n<p>Whoscored.com: Szoboszlai 7,3, Kerkez 6,7.<\/p>\n<p>Fotmob.com: Szoboszlai 7,6, Kerkez 6,8.\u00a0<\/p>\n<p>Si.com: Szoboszlai 7,6, Kerkez 6,7. Szoboszlainak b\u0151ven jutott ideje t\u00e1madni, mert az Ipswich nem vesz\u00e9lyeztetett, ilyen luxusban nem sokszor lesz r\u00e9sze honfit\u00e1rsunknak. H\u00e1rom kapura l\u00f6v\u00e9s \u00e9s k\u00e9t kialak\u00edtott helyzet a term\u00e9s. Kerkezt nagyon figyelik mostan\u00e1ban, ez\u00e9rt j\u00f3 h\u00edr, hogy az \u0151 agressz\u00edv let\u00e1mad\u00e1sa vezetett az els\u0151 g\u00f3lt megel\u0151z\u0151 labdaszerz\u00e9shez.<\/p>\n<p>Msn.com: Szoboszlai 6, Kerkez 6. Szoboszlai h\u00e1romszor is pr\u00f3b\u00e1ra tette a szerencs\u00e9j\u00e9t, de nem tudta bevenni\u00a0Kjell Scherpen h\u00e1l\u00f3j\u00e1t. Kerkeznek t\u00f6bbsz\u00f6r meggy\u0171lt a baja\u00a0Abdul Fatawuval, de egy\u00e1ltal\u00e1n nem j\u00e1tszott rosszul. Viszont megint kapott egy s\u00e1rg\u00e1t.<\/p>\n<p>Liverpool.com: Szoboszlai 7, Kerkez 6. Szoboszlai a k\u00f6z\u00e9pp\u00e1ly\u00e1n j\u00e1tszott, nem jobbh\u00e1tv\u00e9dben, ahogy sokan gondolt\u00e1k. Kevesebb labd\u00e1t adott el, mint a m\u00falt h\u00e9ten, \u00e1ltal\u00e1ban j\u00f3l teljes\u00edtett. Kerkez kapott hideget-meleget az elm\u00falt h\u00e9ten, de most megb\u00edzhat\u00f3 volt. Nem j\u00e1tszott l\u00e1tv\u00e1nyosan, azt m\u00e1sok megtett\u00e9k helyette, de a v\u00e9d\u0151munk\u00e1ja megfelelt. T\u00f6bb ilyen meccs kellene, \u00e9s akkor nem vegz\u00e1ln\u00e1k. Az\u00e9rt egy s\u00e1rga most is becs\u00faszott.<\/p>\n<p>BBC.com: Szoboszlai 7, Kerkez 6. Szoboszlai f\u00e1radhatatlan volt a jobb sz\u00e9len, folyamatosan pr\u00f3b\u00e1ra tette a kapust. Iraol\u00e1nak nem volna szabad \u0151t jobb-bekkben j\u00e1tszatni. Kerkezt Fatawu olykor tesztelte, de nem voltak s\u00falyos gondjai.<\/p>\n<p>\n                          Premier League, 3. fordul\u00f3\n                        <\/p>\n<p>\n                          Ipswich Town\u2013Liverpool 0\u20132\n                        <\/p>\n<p> G\u00f3lszerz\u0151: Isak (7., 9.)<\/p>\n<p>\n                          Szombat:\n                        <\/p>\n<p>                        Newcastle United\u2013Bournemouth, 13.30<br \/>\n                        Brentford\u2013Sunderland, 16.00<br \/>\n                        Fulham\u2013Crystal Palace, 16.00<br \/>\n                        Brighton\u2013Leeds United. 16.00<br \/>\n                        Manchester City\u2013Coventry City, 16.00<br \/>\n                        Nottingham Forest\u2013Tottenham, 16.00<br \/>\n                        Hull City\u2013Aston Villa, 18.30<\/p>\n<p>\n                          Vas\u00e1rnap:\n                        <\/p>\n<p>                        Everton\u2013Manchester United, 15.00<br \/>\n                        Arsenal\u2013Chelsea, 17.30<\/p>\n<p>\n                          (Bor\u00edt\u00f3k\u00e9p: Daizen Maeda,\u00a0az Ipswich Town j\u00e1t\u00e9kosa \u00e9s Szoboszlai Dominik, Liverpool j\u00e1t\u00e9kosa az Ipswich Town \u2013 Liverpool m\u00e9rk\u0151z\u00e9s\u00e9n 2026. szeptember 4-\u00e9n. Fot\u00f3: David Klein \/ Reuters)\u00a0\n                        <\/p>\n<p><a href=\"https:\/\/dex.hu\/x.php?id=googlepref_desktop&amp;url=https:\/\/google.com\/preferences\/source?q=https:\/\/index.hu\" class=\"google-pref-banner \" id=\"googlePrefBanner\" rel=\"nofollow noopener\" target=\"_blank\"><\/p>\n<p>    Itt \u00e1ll\u00edtsa be, hogy az Index az els\u0151k k\u00f6z\u00f6tt legyen a Google-tal\u00e1latokban!<\/p>\n<p><\/a><\/p>\n<p>                <a href=\"https:\/\/konyvek.index.hu\/\" target=\"_blank\" rel=\"nofollow noopener\"><br \/>\n                <img decoding=\"async\" src=\"https:\/\/index.hu\/assets\/images\/konyvajanlo\/book_indapress\/book_indapress_logo.svg\" loading=\"lazy\" alt=\"Inda Press Kiad\u00f3\"\/><br \/>\n                <\/a><\/p>\n<p>                <img decoding=\"async\" src=\"https:\/\/www.europesays.com\/hu\/wp-content\/uploads\/2026\/09\/1788588490_713_rossi.png\" loading=\"lazy\" alt=\"Rossi\"\/><\/p>\n<p>Ismerd meg a magyar labdar\u00fag\u00e1s h\u0151s\u00e9nek eml\u00e9kezetes pillanatait!<br \/>Folytassa, Mister!<\/p>\n<p>                <a class=\"book_index_btn\" href=\"https:\/\/indexadhu.hit.gemius.pl\/hitredir\/id=nSCbubuYpDWJZLZs0TssLrbt33Lk5kbipuiZrkg89G3.g7\/stparam=uciklwjurk\/fastid=efdamtuhsxcjschvtzobuxredglq\/nc=0\/url=https:\/\/www.indapresskiado.hu\/products\/marco-rossi?_pos=1&amp;_psq=rossi&amp;_ss=e&amp;_v=1.0\" target=\"_blank\" rel=\"nofollow noopener\">MEGVESZEM<\/a><\/p>\n<p>    <img loading=\"lazy\" decoding=\"async\" src=\"https:\/\/www.europesays.com\/hu\/wp-content\/uploads\/2026\/09\/1788588492_636_nc=0.gif\" border=\"0\" height=\"0\" width=\"0\"\/><\/p>\n<p>    <img decoding=\"async\" src=\"https:\/\/index.hu\/assets\/images\/social-follow\/logo-big.svg\" alt=\"Index.hu logo\"\/><\/p>\n<p>K\u00f6vesse az Indexet Facebookon is!<\/p>\n<p>    <a href=\"https:\/\/facebook.com\/Indexhu\" target=\"_blank\" rel=\"nofollow noopener\"><\/p>\n<p>        K\u00f6vetem!<br \/>\n    <\/a><\/p>\n","protected":false},"excerpt":{"rendered":"Megvan a Liverpool els\u0151 bajnoki gy\u0151zelme Andoni Iraola keze alatt, r\u00e1ad\u00e1sul idegenben, \u00e9s meglehet\u0151s magabiztoss\u00e1ggal. Igaz, az \u00fajonc&hellip;\n","protected":false},"author":2,"featured_media":233527,"comment_status":"","ping_status":"","sticky":false,"template":"","format":"standard","meta":{"footnotes":"","_share_on_mastodon":"0"},"categories":[14],"tags":[4871,44,42,40,13339,3138,1028,43,41,3139,698,45,131,1811],"class_list":["post-233526","post","type-post","status-publish","format-standard","has-post-thumbnail","category-sport","tag-anglia","tag-hu","tag-hungarian","tag-hungary","tag-ipswich-town","tag-kerkez-milos","tag-liverpool","tag-magyar","tag-magyarorszag","tag-osztalyzatok","tag-premier-league","tag-sport","tag-sports","tag-szoboszlai-dominik"],"share_on_mastodon":{"url":"https:\/\/pubeurope.com\/@hu\/117216943147769780","error":""},"_links":{"self":[{"href":"https:\/\/www.europesays.com\/hu\/wp-json\/wp\/v2\/posts\/233526","targetHints":{"allow":["GET"]}}],"collection":[{"href":"https:\/\/www.europesays.com\/hu\/wp-json\/wp\/v2\/posts"}],"about":[{"href":"https:\/\/www.europesays.com\/hu\/wp-json\/wp\/v2\/types\/post"}],"author":[{"embeddable":true,"href":"https:\/\/www.europesays.com\/hu\/wp-json\/wp\/v2\/users\/2"}],"replies":[{"embeddable":true,"href":"https:\/\/www.europesays.com\/hu\/wp-json\/wp\/v2\/comments?post=233526"}],"version-history":[{"count":0,"href":"https:\/\/www.europesays.com\/hu\/wp-json\/wp\/v2\/posts\/233526\/revisions"}],"wp:featuredmedia":[{"embeddable":true,"href":"https:\/\/www.europesays.com\/hu\/wp-json\/wp\/v2\/media\/233527"}],"wp:attachment":[{"href":"https:\/\/www.europesays.com\/hu\/wp-json\/wp\/v2\/media?parent=233526"}],"wp:term":[{"taxonomy":"category","embeddable":true,"href":"https:\/\/www.europesays.com\/hu\/wp-json\/wp\/v2\/categories?post=233526"},{"taxonomy":"post_tag","embeddable":true,"href":"https:\/\/www.europesays.com\/hu\/wp-json\/wp\/v2\/tags?post=233526"}],"curies":[{"name":"wp","href":"https:\/\/api.w.org\/{rel}","templated":true}]}}