{"id":233578,"date":"2026-09-05T06:57:18","date_gmt":"2026-09-05T06:57:18","guid":{"rendered":"https:\/\/www.europesays.com\/hu\/233578\/"},"modified":"2026-09-05T06:57:18","modified_gmt":"2026-09-05T06:57:18","slug":"index-gazdasag-rtl-kozpenzbol-szallasoltak-el-a-szijjarto-peter-vezette-miniszterium-vendegeit-a-dorothea-hotelben","status":"publish","type":"post","link":"https:\/\/www.europesays.com\/hu\/233578\/","title":{"rendered":"Index &#8211; Gazdas\u00e1g &#8211; RTL: k\u00f6zp\u00e9nzb\u0151l sz\u00e1ll\u00e1solt\u00e1k el a Szijj\u00e1rt\u00f3 P\u00e9ter vezette miniszt\u00e9rium vend\u00e9geit a Dorothea Hotelben"},"content":{"rendered":"<p>        <img decoding=\"async\" src=\"https:\/\/www.europesays.com\/hu\/wp-content\/uploads\/2026\/09\/68724961_1eaa871a5f14cd67fbc0020b9963db6f_wm.jpg\" alt=\"SZS 5630\"\/><\/p>\n<p>                 Tov\u00e1bbi Gazdas\u00e1g cikkek<\/p>\n<p>\n                K\u00f6zp\u00e9nzb\u0151l foglalt szob\u00e1t t\u00f6bb k\u00fclf\u00f6ldi vend\u00e9gnek a K\u00fclgazdas\u00e1gi \u00e9s K\u00fcl\u00fcgyminiszt\u00e9rium a Tiborcz Istv\u00e1n c\u00e9gcsoportj\u00e1hoz tartoz\u00f3 \u00f6tcsillagos Dorothea Hotelben \u2013 der\u00fcl ki az RTL H\u00edrad\u00f3 \u00f6ssze\u00e1ll\u00edt\u00e1s\u00e1b\u00f3l.            <\/p>\n<p>T\u00f6bb k\u00fclf\u00f6ldi vend\u00e9gnek is a Tiborcz Istv\u00e1n c\u00e9gcsoportj\u00e1hoz tartoz\u00f3 \u00f6tcsillagos <a href=\"https:\/\/index.hu\/gazdasag\/2024\/05\/18\/orban-rahel-tombor-zoltan-bellak-gabor-turizmus-muveszet-dorothea-hotel\/\" id=\"hyperlink_ab81220b0e219b2402dbecaa7ec16e96\" target=\"_blank\" title=\"Orb\u00e1n R\u00e1hel a magyar titkokba akarta beavatni az utaz\u00f3kat\" rel=\"nofollow noopener\">Dorothea Hotelben<\/a> foglalt szob\u00e1t a K\u00fclgazdas\u00e1gi \u00e9s K\u00fcl\u00fcgyminiszt\u00e9rium, m\u00e9gpedig k\u00f6zp\u00e9nzb\u0151l \u2013 tudta meg az <a href=\"https:\/\/rtl.hu\/hirado\/2026\/09\/04\/szijjarto-peter-tiborcz-istvan-hotel-kulugy-kozpenz-vendegek\" id=\"hyperlink_9076f89d5bc152741fa9af2120dbbb50\" rel=\"nofollow noopener\" target=\"_blank\">RTL<\/a>.\u00a0<\/p>\n<p>Az Orb\u00e1n Viktor vej\u00e9hez tartoz\u00f3 sz\u00e1lloda 2024 m\u00e1jus\u00e1ban nyitotta meg kapuit, majd 3 h\u00f3nappal k\u00e9s\u0151bb m\u00e1r a <a href=\"https:\/\/index.hu\/gazdasag\/2026\/05\/15\/szijjarto-peter-kulgazdasagi-es-kulugyminiszterium-egyedi-kormanydontes-milliardok\/\" id=\"hyperlink_71ee455e2638a05328929144b750a732\" target=\"_blank\" title=\"M\u00e9g a v\u00e1laszt\u00e1s het\u00e9n is kiosztott 42 milli\u00e1rdot Szijj\u00e1rt\u00f3 P\u00e9ter miniszt\u00e9riuma\" rel=\"nofollow noopener\">miniszt\u00e9rium<\/a> partnerei k\u00f6z\u00f6tt szerepelt.<\/p>\n<p>Az els\u0151 k\u00fclf\u00f6ldi vend\u00e9g 2024 szeptember\u00e9ben az orosz eg\u00e9szs\u00e9g\u00fcgyi miniszter volt, de t\u00f6bbek k\u00f6z\u00f6tt a bissau-guineai \u00e9s a kolumbiai eln\u00f6k\u00f6t, valamint ut\u00f3bbi feles\u00e9g\u00e9t, illetve a\u00a0T\u00fcrk \u00c1llamok Szervezet\u00e9nek f\u0151titk\u00e1r\u00e1t is ott sz\u00e1ll\u00e1solt\u00e1k el \u2013 ut\u00f3bbit 15 milli\u00f3 forint\u00e9rt.\u00a0<\/p>\n<p>2026 m\u00e1rcius\u00e1ban Andrej Babisnak is oda foglaltak szob\u00e1t, \u00e1m a cseh minisztereln\u00f6k v\u00e9g\u00fcl\u00a0<a href=\"https:\/\/index.hu\/kulfold\/2026\/03\/20\/andrej-babis-visszafordulas-budapest-cpac-hungary-csehorszag-fegyvergyar-tuz-terrortamadas\/\" id=\"hyperlink_1f49b9bd995f7e815051bbeac3201b0b\" target=\"_blank\" title=\"Andrej Babis Budapestre tartva fordult vissza, miut\u00e1n kigyulladt egy izraeli fegyvergy\u00e1r Csehorsz\u00e1gban\" rel=\"nofollow noopener\">visszafordult<\/a>, mert v\u00e9szhelyzet volt az orsz\u00e1g\u00e1ban, kigyulladt egy izraeli fegyvergy\u00e1r. Babis sz\u00e1ll\u00e1s\u00e1nak k\u00f6lts\u00e9geit annak ellen\u00e9re \u00e1llta a miniszt\u00e9rium, hogy a korm\u00e1nyf\u0151 a CPAC Hungaryre \u00e9rkezett volna, amelynek az Alapjogok\u00e9rt K\u00f6zpont volt a f\u0151szervez\u0151je. Emellett t\u00f6bbek k\u00f6z\u00f6tt az argentin eln\u00f6k is a Dorothea Hotelben kapott helyet.\u00a0\u00a0<\/p>\n<p>A h\u00edrad\u00f3 k\u00e9rd\u00e9seire az Alapjogok\u00e9rt K\u00f6zpont nem reag\u00e1lt, a K\u00fcl\u00fcgyminiszt\u00e9rium pedig k\u00e9s\u0151bbre \u00edg\u00e9rt t\u00e1j\u00e9koztat\u00e1st.\u00a0<\/p>\n<p>A Dorothea Hotel tulajdonosa, a BDPST Group k\u00f6z\u00f6lte, a sz\u00e1llod\u00e1t a Marriott International \u00fczemelteti, \u00e9s nincs r\u00e1hat\u00e1suk a napi m\u0171k\u00f6d\u00e9sre.<\/p>\n<p>\n                          (Bor\u00edt\u00f3k\u00e9p: Szijj\u00e1rt\u00f3 P\u00e9ter 2026. m\u00e1rcius 23-\u00e1n. Fot\u00f3:\u00a0Szoll\u00e1r Zs\u00f3fi \/ Index)\u00a0\n                        <\/p>\n<p><a href=\"https:\/\/dex.hu\/x.php?id=googlepref_desktop&amp;url=https:\/\/google.com\/preferences\/source?q=https:\/\/index.hu\" class=\"google-pref-banner \" id=\"googlePrefBanner\" rel=\"nofollow noopener\" target=\"_blank\"><\/p>\n<p>    Itt \u00e1ll\u00edtsa be, hogy az Index az els\u0151k k\u00f6z\u00f6tt legyen a Google-tal\u00e1latokban!<\/p>\n<p><\/a><\/p>\n<p>    <img decoding=\"async\" src=\"https:\/\/index.hu\/assets\/images\/social-follow\/logo-big.svg\" alt=\"Index.hu logo\"\/><\/p>\n<p>K\u00f6vesse az Indexet Facebookon is!<\/p>\n<p>    <a href=\"https:\/\/facebook.com\/Indexhu\" target=\"_blank\" rel=\"nofollow noopener\"><\/p>\n<p>        K\u00f6vetem!<br \/>\n    <\/a><\/p>\n","protected":false},"excerpt":{"rendered":"Tov\u00e1bbi Gazdas\u00e1g cikkek K\u00f6zp\u00e9nzb\u0151l foglalt szob\u00e1t t\u00f6bb k\u00fclf\u00f6ldi vend\u00e9gnek a K\u00fclgazdas\u00e1gi \u00e9s K\u00fcl\u00fcgyminiszt\u00e9rium a Tiborcz Istv\u00e1n c\u00e9gcsoportj\u00e1hoz tartoz\u00f3&hellip;\n","protected":false},"author":2,"featured_media":233579,"comment_status":"","ping_status":"","sticky":false,"template":"","format":"standard","meta":{"footnotes":"","_share_on_mastodon":"0"},"categories":[33],"tags":[2401,4182,15681,35199,38,63,35,37,44,42,40,16316,7666,43,41,34,22337,57,36,39],"class_list":["post-233578","post","type-post","status-publish","format-standard","has-post-thumbnail","category-hirek","tag-alapjogokert-kozpont","tag-andrej-babis","tag-cpac-hungary","tag-dorothea-hotel","tag-focimek","tag-gazdasag","tag-headlines","tag-hirek","tag-hu","tag-hungarian","tag-hungary","tag-kozpenz","tag-kulgazdasagi-es-kulugyminiszterium","tag-magyar","tag-magyarorszag","tag-news","tag-szallas","tag-szijjarto-peter","tag-top-stories","tag-vezeto-hirek"],"share_on_mastodon":{"url":"https:\/\/pubeurope.com\/@hu\/117217135745660645","error":""},"_links":{"self":[{"href":"https:\/\/www.europesays.com\/hu\/wp-json\/wp\/v2\/posts\/233578","targetHints":{"allow":["GET"]}}],"collection":[{"href":"https:\/\/www.europesays.com\/hu\/wp-json\/wp\/v2\/posts"}],"about":[{"href":"https:\/\/www.europesays.com\/hu\/wp-json\/wp\/v2\/types\/post"}],"author":[{"embeddable":true,"href":"https:\/\/www.europesays.com\/hu\/wp-json\/wp\/v2\/users\/2"}],"replies":[{"embeddable":true,"href":"https:\/\/www.europesays.com\/hu\/wp-json\/wp\/v2\/comments?post=233578"}],"version-history":[{"count":0,"href":"https:\/\/www.europesays.com\/hu\/wp-json\/wp\/v2\/posts\/233578\/revisions"}],"wp:featuredmedia":[{"embeddable":true,"href":"https:\/\/www.europesays.com\/hu\/wp-json\/wp\/v2\/media\/233579"}],"wp:attachment":[{"href":"https:\/\/www.europesays.com\/hu\/wp-json\/wp\/v2\/media?parent=233578"}],"wp:term":[{"taxonomy":"category","embeddable":true,"href":"https:\/\/www.europesays.com\/hu\/wp-json\/wp\/v2\/categories?post=233578"},{"taxonomy":"post_tag","embeddable":true,"href":"https:\/\/www.europesays.com\/hu\/wp-json\/wp\/v2\/tags?post=233578"}],"curies":[{"name":"wp","href":"https:\/\/api.w.org\/{rel}","templated":true}]}}