{"id":233635,"date":"2026-09-05T08:06:11","date_gmt":"2026-09-05T08:06:11","guid":{"rendered":"https:\/\/www.europesays.com\/hu\/233635\/"},"modified":"2026-09-05T08:06:11","modified_gmt":"2026-09-05T08:06:11","slug":"telex-megszavaztak-hogy-a-vilag-fokozatosan-atterjen-egy-olyan-terkepre-amin-afrika-mar-nem-kicsi","status":"publish","type":"post","link":"https:\/\/www.europesays.com\/hu\/233635\/","title":{"rendered":"Telex: Megszavazt\u00e1k, hogy a vil\u00e1g fokozatosan \u00e1tt\u00e9rjen egy olyan t\u00e9rk\u00e9pre, amin Afrika m\u00e1r nem kicsi"},"content":{"rendered":"<p>Az ENSZ megszavazta, hogy a vil\u00e1g fokozatosan \u00e1tt\u00e9rjen a jelenleg haszn\u00e1lt Mercator-t\u00e9rk\u00e9pr\u0151l egy olyan vet\u00fcletre, amely pontosabban \u00e1br\u00e1zolja Afrika m\u00e9ret\u00e9t \u2013 \u00edrta a <a href=\"https:\/\/www.theguardian.com\/world\/2026\/sep\/04\/un-vote-world-map-mercator-equal-earth-africa\" target=\"_blank\" rel=\"nofollow noopener\">Guardian<\/a>.<\/p>\n<p>Az ENSZ K\u00f6zgy\u0171l\u00e9se a New York-i sz\u00e9khely\u00e9n tartott \u00fcl\u00e9s\u00e9n hivatalosan elvetette a 16. sz\u00e1zadi Mercator-vet\u00fcletet, \u00e9s a 2018-ban kidolgozott, pontosabb Equal Earth-vet\u00fcleten alapul\u00f3 megold\u00e1st t\u00e1mogatta. Az \u00fcl\u00e9sen 164 orsz\u00e1g szavazott a hat\u00e1rozat elfogad\u00e1sa mellett. Csak az Egyes\u00fclt \u00c1llamok szavazott ellene, k\u00e9pvisel\u0151je pedig feleslegesnek nevezte a hat\u00e1rozatot. Hat orsz\u00e1g tart\u00f3zkodott.<\/p>\n<p>Az ENSZ hat\u00e1rozatai nem kik\u00e9nyszer\u00edthet\u0151k, \u00edgy az orsz\u00e1goknak nem lesz k\u00f6telez\u0151 kiz\u00e1r\u00f3lag az \u00faj vet\u00fcletet haszn\u00e1lniuk, \u00e9s a r\u00e9gi haszn\u00e1lata sem lesz tiltott. A d\u00f6nt\u00e9s miatt val\u00f3sz\u00edn\u0171leg friss\u00edteni kell az iskolai tananyagokat \u00e9s a mindennapi technol\u00f3giai eszk\u00f6z\u00f6ket, hiszen a Mercator-vet\u00fcletet jelenleg sz\u00e9les k\u00f6rben haszn\u00e1lj\u00e1k az oktat\u00e1sban, a technol\u00f3gi\u00e1ban \u00e9s a k\u00f6zigazgat\u00e1sban.<\/p>\n<p>Togo az Afrikai Uni\u00f3 nev\u00e9ben kamp\u00e1nyt ind\u00edtott a hat\u00e1rozat elfogad\u00e1s\u00e1\u00e9rt. Az afrikai orsz\u00e1g szerint a hat\u00e1rozat elismeri \u00e9s meger\u0151s\u00edti, hogy az ar\u00e1nytalan kartogr\u00e1fiai \u00e1br\u00e1zol\u00e1sok, k\u00fcl\u00f6n\u00f6sen a Mercator-vet\u00fcletb\u0151l ered\u0151ek, tart\u00f3s kognit\u00edv, oktat\u00e1si, kultur\u00e1lis, geopolitikai \u00e9s t\u00e1rsadalmi-gazdas\u00e1gi hat\u00e1sokat gyakoroltak, \u00e9s hozz\u00e1j\u00e1rultak ahhoz, hogy Afrika \u00e9s a vil\u00e1g m\u00e1s r\u00e9gi\u00f3inak \u00e9rz\u00e9kelt m\u00e9rete drasztikusan cs\u00f6kkenjen a glob\u00e1lis kollekt\u00edv k\u00e9pzeletben.<\/p>\n<p>Robert Dussey, Togo k\u00fcl\u00fcgyminisztere a hat\u00e1rozat elfogad\u00e1sa el\u0151tt azt mondta, hogy ez nem politikai, hanem tudom\u00e1nyos vita, mert tudom\u00e1nyos bizony\u00edt\u00e9kok \u00e1llnak rendelkez\u00e9sre, \u00edgy mindannyiunknak el kell fogadnunk a val\u00f3s\u00e1got.<\/p>\n<p>A jelenleg haszn\u00e1lt t\u00e9rk\u00e9pek egy flamand t\u00e9rk\u00e9p\u00e9sz, Gerardus Mercator rajzain alapulnak. A vet\u00fcletet 1569-ben vezette be, hogy seg\u00edtse a tenger\u00e9szeket a tengeri navig\u00e1ci\u00f3ban. A Mercator-vet\u00fclet saj\u00e1toss\u00e1gai miatt az Egyenl\u00edt\u0151 k\u00f6zel\u00e9ben fekv\u0151 ter\u00fcletek j\u00f3val kisebbnek l\u00e1tsz\u00f3dnak a val\u00f3di m\u00e9ret\u00fckn\u00e9l, mik\u00f6zben a magasabb sz\u00e9less\u00e9gi k\u00f6r\u00f6k\u00f6n fekv\u0151 ter\u00fcletek sokkal nagyobbnak t\u0171nnek. A t\u00e9rk\u00e9p p\u00e9ld\u00e1ul Afrik\u00e1t nagyj\u00e1b\u00f3l Gr\u00f6nland m\u00e9ret\u00e9vel azonosnak mutatja, holott a kontinens 14-szer nagyobb a f\u00e9lauton\u00f3m d\u00e1n ter\u00fcletn\u00e9l.<\/p>\n<p>\u201eAz Egyes\u00fclt \u00c1llamokat, K\u00edn\u00e1t, Indi\u00e1t, Jap\u00e1nt, Mexik\u00f3t \u00e9s Eur\u00f3pa nagy r\u00e9sz\u00e9t is el lehetne helyezni Afrik\u00e1n bel\u00fcl, \u00e9s m\u00e9g mindig maradna szabad ter\u00fclet\u201d \u2013 \u00edrt\u00e1k a #CorrectTheMap, vagyis a jav\u00edtsuk ki a t\u00e9rk\u00e9pet elnevez\u00e9s\u0171 kamp\u00e1ny r\u00e9szek\u00e9nt ind\u00edtott pet\u00edci\u00f3 <a href=\"https:\/\/www.change.org\/p\/correctthemap-to-show-africa-s-true-size\" target=\"_blank\" rel=\"nofollow noopener\">honlapj\u00e1n<\/a>. Az Afrikai Uni\u00f3 m\u00e1r 2025 augusztus\u00e1ban <a href=\"https:\/\/telex.hu\/kulfold\/2025\/08\/15\/afrikai-unio-terkep-foldrajz-kontinens\" target=\"_blank\" rel=\"nofollow noopener\">m\u00e1sik n\u00e9zetet javasolt, mert Afrika t\u00fal kicsinek t\u0171nik a mostani t\u00e9rk\u00e9peken<\/a>.<\/p>\n<p>Franciaorsz\u00e1g is t\u00e1mogatta az ENSZ-hat\u00e1rozatot, Jean-No\u00ebl Barrot francia k\u00fcl\u00fcgyminiszter szerint olyan t\u00e9rk\u00e9pi \u00e1br\u00e1zol\u00e1sokat fognak haszn\u00e1lni, amelyek h\u0171ebben t\u00fckr\u00f6zik a t\u00e9nyleges ter\u00fcleteket, \u00e9s \u00f6sszhangban vannak a t\u00e9rk\u00e9p\u00e9szek \u00e9s tud\u00f3sok aj\u00e1nl\u00e1saival. Franciaorsz\u00e1g az Eckert IV-vet\u00fcletet fogja haszn\u00e1lni, ami hasonl\u00edt a hat\u00e1rozatban aj\u00e1nlott Equal Earth-vet\u00fclethez.<\/p>\n<p>T\u00f6rt\u00e9n\u00e9szek \u00e9s f\u00f6ldrajztud\u00f3sok \u00e9vek \u00f3ta hangoztatj\u00e1k, hogy a Mercator-vet\u00fclet nyugati sztereot\u00edpi\u00e1kb\u00f3l indul ki. Ezzel az aktivist\u00e1k is egyet \u00e9rtenek, k\u00f6z\u00fcl\u00fck n\u00e9h\u00e1nyan kartogr\u00e1fiai gyarmatos\u00edt\u00e1sr\u00f3l besz\u00e9lnek.<\/p>\n<p>Egyesek szerint a t\u00e9rk\u00e9p finoman, de jelent\u0151sen alak\u00edtotta a nemzetk\u00f6zi er\u0151viszonyokat az\u00e1ltal, hogy cs\u00f6kkentette a glob\u00e1lis d\u00e9l jelenl\u00e9t\u00e9nek vizu\u00e1lis s\u00faly\u00e1t, mik\u00f6zben az \u00e9szaki f\u00e9lteke orsz\u00e1gait felnagy\u00edtotta, az Egyenl\u00edt\u0151 t\u00e9rs\u00e9geit pedig lekicsiny\u00edtette. A Mercator-vet\u00fclet egyik legismertebb kritikusa Arno Peters n\u00e9met t\u00f6rt\u00e9n\u00e9sz volt, aki 1973-ban, a Gall-Peters-vet\u00fclet alapj\u00e1n elk\u00e9sz\u00edtette saj\u00e1t vil\u00e1gt\u00e9rk\u00e9p\u00e9t. Ezt gyakran a Mercator-t\u00e9rk\u00e9p alternat\u00edv\u00e1jak\u00e9nt haszn\u00e1lt\u00e1k.<\/p>\n<p>Togo #CorrectTheMap kamp\u00e1nya a 2018-ban kidolgozott Equal Earth-t\u00e9rk\u00e9p alkalmaz\u00e1s\u00e1t n\u00e9pszer\u0171s\u00edtette. Ezt a vet\u00fcletet t\u00e9rk\u00e9p\u00e9szek nemzetk\u00f6zi csapata fejlesztette ki. T\u00e1mogat\u00f3i szerint ez a vet\u00fclet seg\u00edthet megv\u00e1ltoztatni az Afrik\u00e1r\u00f3l kialakult k\u00e9p\u00fcnket, \u00e9s hozz\u00e1j\u00e1rulhat a glob\u00e1lis oktat\u00e1si rendszerek dekoloniz\u00e1ci\u00f3j\u00e1hoz.<\/p>\n","protected":false},"excerpt":{"rendered":"Az ENSZ megszavazta, hogy a vil\u00e1g fokozatosan \u00e1tt\u00e9rjen a jelenleg haszn\u00e1lt Mercator-t\u00e9rk\u00e9pr\u0151l egy olyan vet\u00fcletre, amely pontosabban \u00e1br\u00e1zolja&hellip;\n","protected":false},"author":2,"featured_media":233636,"comment_status":"","ping_status":"","sticky":false,"template":"","format":"standard","meta":{"footnotes":"","_share_on_mastodon":"0"},"categories":[8],"tags":[1353,2306,42,43,34,554,12718,94,93,92],"class_list":["post-233635","post","type-post","status-publish","format-standard","has-post-thumbnail","category-vilag","tag-afrika","tag-ensz","tag-hungarian","tag-magyar","tag-news","tag-techtud","tag-terkep","tag-vilag","tag-world","tag-world-news"],"share_on_mastodon":{"url":"https:\/\/pubeurope.com\/@hu\/117217406946610401","error":""},"_links":{"self":[{"href":"https:\/\/www.europesays.com\/hu\/wp-json\/wp\/v2\/posts\/233635","targetHints":{"allow":["GET"]}}],"collection":[{"href":"https:\/\/www.europesays.com\/hu\/wp-json\/wp\/v2\/posts"}],"about":[{"href":"https:\/\/www.europesays.com\/hu\/wp-json\/wp\/v2\/types\/post"}],"author":[{"embeddable":true,"href":"https:\/\/www.europesays.com\/hu\/wp-json\/wp\/v2\/users\/2"}],"replies":[{"embeddable":true,"href":"https:\/\/www.europesays.com\/hu\/wp-json\/wp\/v2\/comments?post=233635"}],"version-history":[{"count":0,"href":"https:\/\/www.europesays.com\/hu\/wp-json\/wp\/v2\/posts\/233635\/revisions"}],"wp:featuredmedia":[{"embeddable":true,"href":"https:\/\/www.europesays.com\/hu\/wp-json\/wp\/v2\/media\/233636"}],"wp:attachment":[{"href":"https:\/\/www.europesays.com\/hu\/wp-json\/wp\/v2\/media?parent=233635"}],"wp:term":[{"taxonomy":"category","embeddable":true,"href":"https:\/\/www.europesays.com\/hu\/wp-json\/wp\/v2\/categories?post=233635"},{"taxonomy":"post_tag","embeddable":true,"href":"https:\/\/www.europesays.com\/hu\/wp-json\/wp\/v2\/tags?post=233635"}],"curies":[{"name":"wp","href":"https:\/\/api.w.org\/{rel}","templated":true}]}}