{"id":233700,"date":"2026-09-05T09:11:08","date_gmt":"2026-09-05T09:11:08","guid":{"rendered":"https:\/\/www.europesays.com\/hu\/233700\/"},"modified":"2026-09-05T09:11:08","modified_gmt":"2026-09-05T09:11:08","slug":"index-fomo-sydney-sweeney-teljesen-atlatszo-ruhaban-es-egy-szal-tangaban-hoditott-velenceben","status":"publish","type":"post","link":"https:\/\/www.europesays.com\/hu\/233700\/","title":{"rendered":"Index &#8211; FOMO &#8211; Sydney Sweeney teljesen \u00e1tl\u00e1tsz\u00f3 ruh\u00e1ban \u00e9s egy sz\u00e1l tang\u00e1ban h\u00f3d\u00edtott Velenc\u00e9ben"},"content":{"rendered":"<p>Sydney Sweeney-t m\u00e9g nem l\u00e1thattuk id\u00e9n a Velencei Filmfesztiv\u00e1l v\u00f6r\u00f6s sz\u0151nyeg\u00e9n, de p\u00e9ntek este megjelent az Armani Beauty vacsor\u00e1j\u00e1n, ahol ez\u00fattal is minden szem r\u00e1 szegez\u0151d\u00f6tt. A sz\u00edn\u00e9szn\u0151 egy t\u0151le m\u00e1r megszokott, nem t\u00fal visszafogott szettet v\u00e1lasztott az alkalomra:<\/p>\n<p>egy \u00e1ttetsz\u0151, ujjatlan, flitterekkel bor\u00edtott Giorgio Armani ruh\u00e1t, amely alatt csup\u00e1n egy fekete tang\u00e1t viselt.<\/p>\n<p>A vintage darab a divath\u00e1z 2000-es \u0151szi\/t\u00e9li kollekci\u00f3j\u00e1b\u00f3l sz\u00e1rmazik, a ruh\u00e1t pedig Chopard \u00e9kszerekkel eg\u00e9sz\u00edtette ki.<\/p>\n<p>Az <a href=\"https:\/\/www.elle.com\/culture\/celebrities\/a73616371\/sydney-sweeney-sheer-vintage-armani-gown-venice-dinner-photos\/\" id=\"hyperlink_fe4c147745def43ba715dfe8c58f9d9d\" rel=\"nofollow noopener\" target=\"_blank\">ELLE<\/a>\u00a0divatmagazin szerint ezzel gyakorlatilag megism\u00e9telte egyik legismertebb v\u00f6r\u00f6s sz\u0151nyeges pillanat\u00e1t, amikor 2025 okt\u00f3ber\u00e9ben a Variety Power of Women g\u00e1l\u00e1j\u00e1n egy hasonl\u00f3an \u00e1ttetsz\u0151, ez\u00fcst sz\u00edn\u0171 Christian Cowan \u00e9s Elias Matso ruh\u00e1ban t\u0171nt fel.<\/p>\n<p>A The Housmaid \u2013 A t\u00e9boly otthona \u00e9s az Im\u00e1dlak ut\u00e1lni szt\u00e1rja <a href=\"https:\/\/index.hu\/mindekozben\/poszt\/2026\/09\/03\/sydney-sweeney-paparazzi-olaszorszag-attetszo-felso\/\" id=\"hyperlink_00e2f0ecfac3a2f77ef3ac44f755e988\" target=\"_blank\" title=\"Sydney Sweeney alig tette be a l\u00e1b\u00e1t Velenc\u00e9be, r\u00f6gt\u00f6n el is lopta a show-t \u00e1ttetsz\u0151 fels\u0151j\u00e9ben\" rel=\"nofollow noopener\">szint\u00e9n meg\u00e9rkezett Velenc\u00e9be<\/a>, ahova \u00e9pphogy betette a l\u00e1b\u00e1t, m\u00e1ris nagy felt\u0171n\u00e9st keltett. A lesifot\u00f3sok a rept\u00e9ren kapt\u00e1k lencsev\u00e9gre, ahol egy b\u00e9zs \u00e1rnyalat\u00fa csipk\u00e9s topot viselt, amely nem sokat b\u00edzott a fant\u00e1zi\u00e1ra.\u00a0<\/p>\n<p>Az Euf\u00f3ria sz\u00edn\u00e9szn\u0151je 2022-ben vett r\u00e9szt el\u0151sz\u00f6r a Velencei Filmfesztiv\u00e1lon, amikor egyik sz\u00edn\u00e9szt\u00e1rs\u00e1val, Maude Apatow-val egyforma fekete est\u00e9lyi ruh\u00e1ban vonultak v\u00e9gig.\u00a0<\/p>\n<p>\n                          (Bor\u00edt\u00f3k\u00e9p:\u00a0Sydney Sweeney Velenc\u00e9ben 2026. szeptember 3-\u00e1n. Fot\u00f3:\u00a0Jacopo Raule \/ Getty Images)\n                        <\/p>\n<p><a href=\"https:\/\/dex.hu\/x.php?id=googlepref_desktop&amp;url=https:\/\/google.com\/preferences\/source?q=https:\/\/index.hu\" class=\"google-pref-banner \" id=\"googlePrefBanner\" rel=\"nofollow noopener\" target=\"_blank\"><\/p>\n<p>    Itt \u00e1ll\u00edtsa be, hogy az Index az els\u0151k k\u00f6z\u00f6tt legyen a Google-tal\u00e1latokban!<\/p>\n<p><\/a><\/p>\n<p>    <img decoding=\"async\" src=\"https:\/\/index.hu\/assets\/images\/social-follow\/logo-big.svg\" alt=\"Index.hu logo\"\/><\/p>\n<p>K\u00f6vesse az Indexet Facebookon is!<\/p>\n<p>    <a href=\"https:\/\/facebook.com\/Indexhu\" target=\"_blank\" rel=\"nofollow noopener\"><\/p>\n<p>        K\u00f6vetem!<br \/>\n    <\/a><\/p>\n","protected":false},"excerpt":{"rendered":"Sydney Sweeney-t m\u00e9g nem l\u00e1thattuk id\u00e9n a Velencei Filmfesztiv\u00e1l v\u00f6r\u00f6s sz\u0151nyeg\u00e9n, de p\u00e9ntek este megjelent az Armani Beauty&hellip;\n","protected":false},"author":2,"featured_media":233701,"comment_status":"","ping_status":"","sticky":false,"template":"","format":"standard","meta":{"footnotes":"","_share_on_mastodon":"0"},"categories":[16],"tags":[137,185,2832,44,42,40,43,41,716,1253,138,9652,19579],"class_list":["post-233700","post","type-post","status-publish","format-standard","has-post-thumbnail","category-szorakozas","tag-entertainment","tag-fomo","tag-giorgio-armani","tag-hu","tag-hungarian","tag-hungary","tag-magyar","tag-magyarorszag","tag-ruha","tag-sydney-sweeney","tag-szorakozas","tag-velencei-filmfesztival","tag-vintage"],"share_on_mastodon":{"url":"https:\/\/pubeurope.com\/@hu\/117217662637893779","error":""},"_links":{"self":[{"href":"https:\/\/www.europesays.com\/hu\/wp-json\/wp\/v2\/posts\/233700","targetHints":{"allow":["GET"]}}],"collection":[{"href":"https:\/\/www.europesays.com\/hu\/wp-json\/wp\/v2\/posts"}],"about":[{"href":"https:\/\/www.europesays.com\/hu\/wp-json\/wp\/v2\/types\/post"}],"author":[{"embeddable":true,"href":"https:\/\/www.europesays.com\/hu\/wp-json\/wp\/v2\/users\/2"}],"replies":[{"embeddable":true,"href":"https:\/\/www.europesays.com\/hu\/wp-json\/wp\/v2\/comments?post=233700"}],"version-history":[{"count":0,"href":"https:\/\/www.europesays.com\/hu\/wp-json\/wp\/v2\/posts\/233700\/revisions"}],"wp:featuredmedia":[{"embeddable":true,"href":"https:\/\/www.europesays.com\/hu\/wp-json\/wp\/v2\/media\/233701"}],"wp:attachment":[{"href":"https:\/\/www.europesays.com\/hu\/wp-json\/wp\/v2\/media?parent=233700"}],"wp:term":[{"taxonomy":"category","embeddable":true,"href":"https:\/\/www.europesays.com\/hu\/wp-json\/wp\/v2\/categories?post=233700"},{"taxonomy":"post_tag","embeddable":true,"href":"https:\/\/www.europesays.com\/hu\/wp-json\/wp\/v2\/tags?post=233700"}],"curies":[{"name":"wp","href":"https:\/\/api.w.org\/{rel}","templated":true}]}}