{"id":233718,"date":"2026-09-05T09:31:11","date_gmt":"2026-09-05T09:31:11","guid":{"rendered":"https:\/\/www.europesays.com\/hu\/233718\/"},"modified":"2026-09-05T09:31:11","modified_gmt":"2026-09-05T09:31:11","slug":"wizz-air-egyes-legitarsasagok-elobb-kapacitast-csokkenthetnek-aztan-dragulas-johet","status":"publish","type":"post","link":"https:\/\/www.europesays.com\/hu\/233718\/","title":{"rendered":"Wizz Air: egyes l\u00e9git\u00e1rsas\u00e1gok el\u0151bb kapacit\u00e1st cs\u00f6kkenthetnek, azt\u00e1n dr\u00e1gul\u00e1s j\u00f6het"},"content":{"rendered":"<p>\u201eA tart\u00f3san magas olaj- \u00e9s rep\u00fcl\u0151g\u00e9p\u00fczemanyag-\u00e1rak elker\u00fclhetetlen\u00fcl k\u00f6lts\u00e9gnyom\u00e1st gyakoroln\u00e1nak az eur\u00f3pai l\u00e9gik\u00f6zleked\u00e9si \u00e1gazatra, k\u00fcl\u00f6n\u00f6sen ahogy a l\u00e9git\u00e1rsas\u00e1gok megl\u00e9v\u0151 fedezeti poz\u00edci\u00f3i fokozatosan kifutnak. Ugyanakkor m\u00e9g korai lenne sz\u00e1mszer\u0171s\u00edteni ennek a 2027-es viteld\u00edjakra gyakorolt lehets\u00e9ges hat\u00e1s\u00e1t.<\/p>\n<p>El\u0151sz\u00f6r a kapacit\u00e1sok cs\u00f6kkent\u00e9se v\u00e1rhat\u00f3, ezt k\u00f6vethetik a kereslet \u00e9s k\u00edn\u00e1lat alakul\u00e1sa \u00e1ltal meghat\u00e1rozott \u00e1raz\u00e1si l\u00e9p\u00e9sek<\/p>\n<p>\u2013 k\u00f6z\u00f6lte a 24.hu \u00e9rdekl\u0151d\u00e9s\u00e9re a Wizz Air.<\/p>\n<p>A l\u00e9git\u00e1rsas\u00e1got azt k\u00f6vet\u0151en kerest\u00fck meg, hogy a Ryanair <a href=\"https:\/\/24.hu\/kulfold\/2026\/09\/02\/ryanair-repulojegyarak-dragulas\/\" target=\"_blank\" rel=\"noopener nofollow\">a repjegy\u00e1rak dr\u00e1gul\u00e1s\u00e1t vet\u00edtette el\u0151re<\/a>, valamint cs\u00f6kkentette az utassz\u00e1mra vonatkoz\u00f3 v\u00e1rakoz\u00e1sait a 2027. m\u00e1rcius 31-ig terjed\u0151 id\u0151szakra.<\/p>\n<p>A Wizz Air v\u00e1lasz\u00e1ban kifejtette, a Brent hord\u00f3nk\u00e9nti \u00e1r\u00e1nak tart\u00f3san 90\u2013100 doll\u00e1ros vagy enn\u00e9l magasabb szintje tov\u00e1bbi k\u00f6lts\u00e9gnyom\u00e1st gyakorolna az \u00e1gazatra, \u00e9s id\u0151vel magasabb piaci viteld\u00edjakhoz vezethetne, amennyiben a l\u00e9git\u00e1rsas\u00e1gok kapacit\u00e1st cs\u00f6kkentenek, vagy megpr\u00f3b\u00e1lj\u00e1k k\u00f6lts\u00e9geik egy r\u00e9sz\u00e9t \u00e9rv\u00e9nyes\u00edteni \u00e1raikban. A Wizz Air eset\u00e9ben a c\u00e9g \u00e1ll\u00e1spontja szerint a k\u00f6zvetlen, r\u00f6vid t\u00e1v\u00fa hat\u00e1st m\u00e9rs\u00e9keln\u00e9 a fedezeti portf\u00f3li\u00f3juk \u00e9s az \u00fczemanyag-hat\u00e9kony flotta. A tart\u00f3san magas \u00e1rak ugyanakkor elker\u00fclhetetlen\u00fcl nyom\u00e1st gyakoroln\u00e1nak \u00fczemanyagk\u00f6lts\u00e9geik fedezetlen r\u00e9sz\u00e9re, ez\u00e1ltal pedig a j\u00f6vedelmez\u0151s\u00e9gre is.<\/p>\n<p>Nem c\u00e1folt\u00e1k, hogy a rep\u00fcl\u0151jegy\u00e1rak dr\u00e1gul\u00e1sa egy val\u00f3s forgat\u00f3k\u00f6nyv. \u00dagy fogalmaztak, hogy \u201ea tart\u00f3san magas k\u00f6lts\u00e9gek id\u0151vel elker\u00fclhetetlen\u00fcl megjelennek a viteld\u00edjakban is\u201d,\u00a0<\/p>\n","protected":false},"excerpt":{"rendered":"\u201eA tart\u00f3san magas olaj- \u00e9s rep\u00fcl\u0151g\u00e9p\u00fczemanyag-\u00e1rak elker\u00fclhetetlen\u00fcl k\u00f6lts\u00e9gnyom\u00e1st gyakoroln\u00e1nak az eur\u00f3pai l\u00e9gik\u00f6zleked\u00e9si \u00e1gazatra, k\u00fcl\u00f6n\u00f6sen ahogy a l\u00e9git\u00e1rsas\u00e1gok megl\u00e9v\u0151&hellip;\n","protected":false},"author":2,"featured_media":233719,"comment_status":"","ping_status":"","sticky":false,"template":"","format":"standard","meta":{"footnotes":"","_share_on_mastodon":"0"},"categories":[8],"tags":[42,9664,3165,43,34,6786,7351,94,2435,93,92],"class_list":["post-233718","post","type-post","status-publish","format-standard","has-post-thumbnail","category-vilag","tag-hungarian","tag-legiforgalom","tag-legikozlekedes","tag-magyar","tag-news","tag-olajar","tag-ryanair","tag-vilag","tag-wizz-air","tag-world","tag-world-news"],"share_on_mastodon":{"url":"https:\/\/pubeurope.com\/@hu\/117217741189509064","error":""},"_links":{"self":[{"href":"https:\/\/www.europesays.com\/hu\/wp-json\/wp\/v2\/posts\/233718","targetHints":{"allow":["GET"]}}],"collection":[{"href":"https:\/\/www.europesays.com\/hu\/wp-json\/wp\/v2\/posts"}],"about":[{"href":"https:\/\/www.europesays.com\/hu\/wp-json\/wp\/v2\/types\/post"}],"author":[{"embeddable":true,"href":"https:\/\/www.europesays.com\/hu\/wp-json\/wp\/v2\/users\/2"}],"replies":[{"embeddable":true,"href":"https:\/\/www.europesays.com\/hu\/wp-json\/wp\/v2\/comments?post=233718"}],"version-history":[{"count":0,"href":"https:\/\/www.europesays.com\/hu\/wp-json\/wp\/v2\/posts\/233718\/revisions"}],"wp:featuredmedia":[{"embeddable":true,"href":"https:\/\/www.europesays.com\/hu\/wp-json\/wp\/v2\/media\/233719"}],"wp:attachment":[{"href":"https:\/\/www.europesays.com\/hu\/wp-json\/wp\/v2\/media?parent=233718"}],"wp:term":[{"taxonomy":"category","embeddable":true,"href":"https:\/\/www.europesays.com\/hu\/wp-json\/wp\/v2\/categories?post=233718"},{"taxonomy":"post_tag","embeddable":true,"href":"https:\/\/www.europesays.com\/hu\/wp-json\/wp\/v2\/tags?post=233718"}],"curies":[{"name":"wp","href":"https:\/\/api.w.org\/{rel}","templated":true}]}}