{"id":233726,"date":"2026-09-05T09:38:16","date_gmt":"2026-09-05T09:38:16","guid":{"rendered":"https:\/\/www.europesays.com\/hu\/233726\/"},"modified":"2026-09-05T09:38:16","modified_gmt":"2026-09-05T09:38:16","slug":"80-eve-szuletett-freddie-mercury-10-emlekezetes-tortenet-a-queen-legendas-enekeserol","status":"publish","type":"post","link":"https:\/\/www.europesays.com\/hu\/233726\/","title":{"rendered":"80 \u00e9ve sz\u00fcletett Freddie Mercury: 10 eml\u00e9kezetes t\u00f6rt\u00e9net a Queen legend\u00e1s \u00e9nekes\u00e9r\u0151l"},"content":{"rendered":"<p>\n                        Freddie Mercurynak olyan sz\u00ednes \u00e9s izgalmas \u00e9lete volt, ami garant\u00e1lta, hogy rengeteg eml\u00e9kezetes sztori sz\u00fclessen r\u00f3la.                    <\/p>\n<p>A bundabiznisz&#13;<\/p>\n<p>Freddie-nek Londonba k\u00f6lt\u00f6zve valahogy fenn kellett tartania mag\u00e1t, \u00e9s az Ealing Art College grafikus-diz\u00e1jn szak\u00e1nak elv\u00e9gz\u00e9se ut\u00e1n a h\u00edres Kensington Marketen b\u00e9relt egy kis ruh\u00e1s standot, ahol a Queen k\u00e9s\u0151bbi dobos\u00e1val, Roger Taylorral k\u00f6z\u00f6sen \u00e1rultak haszn\u00e1lt vintage ruh\u00e1kat. A standjuk hamar a helyi m\u0171v\u00e9szvil\u00e1g kedvelt tal\u00e1lkoz\u00f3hely\u00e9v\u00e9 v\u00e1lt. Gyakran el\u0151fordult, hogy a saj\u00e1t k\u00e9szlet\u00fckb\u0151l \u00f6lt\u00f6zk\u00f6dtek, \u00e9s a piaci napok v\u00e9g\u00e9n a bev\u00e9telt azonnal elbulizt\u00e1k. Egy alkalommal 100 darab sz\u0151rmekab\u00e1tot v\u00e1s\u00e1roltak meg egy keresked\u0151t\u0151l \u00f6sszesen 50 font\u00e9rt, majd darabj\u00e1t 8 font\u00e9rt adt\u00e1k tov\u00e1bb a piacon, ami az egyik legsikeresebb korai \u00fczlet\u00fck volt. A sz\u0151rmeim\u00e1dat a zenekarban is megmaradt: a korai \u00e9vekben mindenhol \u2013 n\u0151i \u2013 sz\u0151rmebund\u00e1ban jelentek meg<\/p>\n<p>&#13;<br \/>\n<img decoding=\"async\" src=\"https:\/\/www.europesays.com\/hu\/wp-content\/uploads\/2026\/09\/536.jpg\" alt=\"\" caption=\"true\" captiontext=\"Freddie Mercury \u00e9s Samantha Fox, Kensington Roof Gardens, London, 1986. j\u00falius 12., a Wembley-koncert ut\u00e1ni after-partyn (Fot\u00f3: Dave Hogan\/Getty Images)\"\/>Freddie Mercury \u00e9s Samantha Fox, London, 1986. (Fot\u00f3: Dave Hogan\/Getty Images)<\/p>\n<p>\u00a0<\/p>\n<p>&#13;<br \/>\nA rep\u00fcl\u0151t\u00e9ri kit\u00e9r\u0151&#13;<\/p>\n<p>A hatvanas \u00e9vek v\u00e9g\u00e9n a piaci \u00e1rus\u00edt\u00e1s mellett Freddie egy ideig k\u00e9nytelen volt neh\u00e9z fizikai munk\u00e1t is v\u00e1llalni a meg\u00e9lhet\u00e9s\u00e9rt. Ahogy azt a <a href=\"https:\/\/port.hu\/adatlap\/film\/tv\/bohem-rapszodia-bohemian-rhapsody\/movie-203928\" rel=\"nofollow noopener\" target=\"_blank\">Boh\u00e9m rapsz\u00f3di\u00e1<\/a>ban is l\u00e1thatjuk, a londoni Heathrow rep\u00fcl\u0151t\u00e9ren dolgozott mint csomagsz\u00e1ll\u00edt\u00f3 \u00e9s rakod\u00f3munk\u00e1s, ahol neh\u00e9z kofferokat pakolt a rep\u00fcl\u0151g\u00e9pekre. Munkat\u00e1rsai robusztus, egyszer\u0171 fizikai munk\u00e1sok voltak, akik kezdetben furcs\u00e1llt\u00e1k a finom kez\u0171, m\u0171v\u00e9sz lelk\u0171 fi\u00fa jelenl\u00e9t\u00e9t. Amikor megk\u00e9rdezt\u00e9k t\u0151le, hogy mi\u00e9rt v\u00e9gez ilyen munk\u00e1t, ha diplom\u00e1ja van, Freddie b\u00fcszk\u00e9n azt felelte, hogy<\/p>\n<p>&#13;<br \/>\n\u0151 val\u00f3j\u00e1ban egy rockszt\u00e1r, csak m\u00e9g nem fedezt\u00e9k fel.&#13;<\/p>\n<p>A koll\u00e9g\u00e1i nevettek rajta, de a magabiztoss\u00e1ga \u00e9s a szorgalma miatt gyorsan kiv\u00edvta a tisztelet\u00fcket. A rep\u00fcl\u0151t\u00e9r vezet\u0151s\u00e9ge \u00e9vtizedekkel k\u00e9s\u0151bb, Freddie sz\u00fclet\u00e9snapj\u00e1n egy k\u00fcl\u00f6nleges t\u00e1ncos koreogr\u00e1fi\u00e1val tisztelgett a Heathrow egykori legh\u00edresebb dolgoz\u00f3ja el\u0151tt.<\/p>\n<p>&#13;<br \/>\n&#13;<\/p>\n<p>\u00a0<\/p>\n<p>&#13;<br \/>\nA Trident St\u00fadi\u00f3 \u00e9jszakai szellemei&#13;<\/p>\n<p>A Queen els\u0151 nagylemez\u00e9nek felv\u00e9telei rendk\u00edv\u00fcl megal\u00e1z\u00f3 k\u00f6r\u00fclm\u00e9nyek k\u00f6z\u00f6tt zajlottak a neves londoni Trident St\u00fadi\u00f3ban. Mivel a zenekarnak egy\u00e1ltal\u00e1n nem volt p\u00e9nze, a st\u00fadi\u00f3 vezet\u0151s\u00e9ge csak az \u00fagynevezett \u201eholt id\u0151ben\u201d, vagyis hajnali egy \u00e9s reggel h\u00e9t \u00f3ra k\u00f6z\u00f6tt engedte \u0151ket dolgozni. Nappal a m\u00e1r befutott szt\u00e1rokkal vett\u00e9k fel az anyagaikat, \u00e9s a Queen tagjai sokszor az \u0151 otthagyott felszerel\u00e9seikkel k\u00eds\u00e9rleteztek.<\/p>\n<p>&#13;<\/p>\n<p>Freddie \u00e9s a fi\u00fak a st\u00fadi\u00f3 s\u00f6t\u00e9t folyos\u00f3in vagy a padl\u00f3n aludtak, <\/p>\n<p>&#13;<\/p>\n<p>mik\u00f6zben arra v\u00e1rtak, hogy a m\u00e9rn\u00f6k\u00f6k szabad jelz\u00e9st adjanak. A f\u00e1radts\u00e1g miatt a hangulat gyakran pattan\u00e1sig fesz\u00fclt volt, \u00e9s Freddie t\u00f6bbsz\u00f6r ordib\u00e1lt a hangm\u00e9rn\u00f6k\u00f6kkel a rossz min\u0151s\u00e9g\u0171 mikrofonok miatt. Ennek a nyom\u00e1snak \u00e9s az \u00e9jszakai m\u0171szakoknak a sz\u00fcl\u00f6tte lett az a nyers, s\u00f6t\u00e9t hangz\u00e1s, amely az els\u0151 albumukat jellemezte.<\/p>\n<p>&#13;<br \/>\n<img decoding=\"async\" src=\"https:\/\/www.europesays.com\/hu\/wp-content\/uploads\/2026\/09\/988.jpg\" alt=\"\" caption=\"true\" captiontext=\"A Queen - Forr\u00e1s: Pannonia Entertainment\"\/>A Queen &#8211; Forr\u00e1s: Pannonia Entertainment<\/p>\n<p>\u00a0<\/p>\n<p>&#13;<\/p>\n<p><img decoding=\"async\" src=\"https:\/\/www.europesays.com\/hu\/wp-content\/uploads\/2026\/09\/958.webp\"\/><\/p>\n<p>Freddie Mercury \u00e9lete k\u00e9pekben<\/p>\n<p>\u00a0<\/p>\n<p>21<\/p>\n<p>&#13;<br \/>\n&#13;<br \/>\nA Killer Queen \u00e9s a felem\u00e1s \u00e1tt\u00f6r\u00e9s&#13;<\/p>\n<p>Amikor a Killer Queen c\u00edm\u0171 dal 1974-ben vil\u00e1gsl\u00e1ger lett, a zenekar tagjai a toplist\u00e1k \u00e9l\u00e9n tal\u00e1lt\u00e1k magukat, de a val\u00f3s\u00e1gban m\u00e9g mindig le voltak \u00e9gve anyagilag. A menedzsmentj\u00fckkel k\u00f6t\u00f6tt rendk\u00edv\u00fcl el\u0151nytelen szerz\u0151d\u00e9sek miatt Freddie-nek \u00e9s a t\u00f6bbieknek heti fix, megal\u00e1z\u00f3an alacsony zsebp\u00e9nzb\u0151l kellett meg\u00e9lni\u00fck. A helyzet annyira abszurd volt, hogy mik\u00f6zben a r\u00e1di\u00f3k folyamatosan Freddie hangj\u00e1t j\u00e1tszott\u00e1k,<\/p>\n<p>&#13;<\/p>\n<p>\u0151 nem tudott kifizetni egy \u00faj zongor\u00e1t a lak\u00e1s\u00e1ba. <\/p>\n<p>&#13;<\/p>\n<p>John Deaconnak nem volt p\u00e9nze kauci\u00f3ra a h\u00e1zass\u00e1gk\u00f6t\u00e9se el\u0151tt, Brian May pedig k\u00f3rh\u00e1zba ker\u00fclt, \u00e9s a sz\u00e1ml\u00e1it a zenekar alig b\u00edrta rendezni. Ez a p\u00e9nz\u00fcgyi kiszolg\u00e1ltatotts\u00e1g vezetett oda, hogy Freddie feld\u00fch\u00f6dve felbontotta a szerz\u0151d\u00e9st a Trident menedzsmenttel. Ez a drasztikus \u00e9s kock\u00e1zatos l\u00e9p\u00e9s inspir\u00e1lta a k\u00e9s\u0151bbi, d\u00fch\u00f6dt Death on Two Legs c\u00edm\u0171 dal meg\u00edr\u00e1s\u00e1t is.<\/p>\n<p>&#13;<br \/>\n<img decoding=\"async\" src=\"https:\/\/www.europesays.com\/hu\/wp-content\/uploads\/2026\/09\/572.jpg\" alt=\"\" caption=\"true\" captiontext=\"Forr\u00e1s: Photo by Dave Hogan\/Getty Images\"\/>Forr\u00e1s: Photo by Dave Hogan\/Getty Images<\/p>\n<p><a href=\"https:\/\/port.hu\/cikk\/mozi\/ami-a-bohem-rapszodiabol-kimaradt-igy-bulizott-az-igazi-freddie-mercury\/article-56028\" rel=\"nofollow noopener\" target=\"_blank\"><img decoding=\"async\" src=\"https:\/\/www.europesays.com\/hu\/wp-content\/uploads\/2026\/09\/858.webp\" width=\"300\"\/><\/a><a href=\"https:\/\/port.hu\/cikk\/mozi\/ami-a-bohem-rapszodiabol-kimaradt-igy-bulizott-az-igazi-freddie-mercury\/article-56028\" rel=\"nofollow noopener\" target=\"_blank\">Ami a Boh\u00e9m rapsz\u00f3di\u00e1b\u00f3l kimaradt &#8211; \u00cdgy bulizott az igazi Freddie Mercury<\/a><\/p>\n<p>Merthogy az igazi Freddie Mercury m\u00e9g a filmben bemutatottn\u00e1l is boh\u00e9mabb volt, ha \u00fagy hozta a sors, \u00e9s n\u0151 is t\u00f6bb volt az \u00e9let\u00e9ben. Meg t\u00f6rpe, de l\u00e1ma csak alig.<\/p>\n<p><a class=\"article-btn\" href=\"https:\/\/port.hu\/cikk\/mozi\/ami-a-bohem-rapszodiabol-kimaradt-igy-bulizott-az-igazi-freddie-mercury\/article-56028\" rel=\"nofollow noopener\" target=\"_blank\">Tov\u00e1bb<\/a><\/p>\n<p>&#13;<\/p>\n<p>\u00a0<\/p>\n<p>&#13;<br \/>\nA legend\u00e1s 39. sz\u00fclet\u00e9snapi party M\u00fcnchenben<br \/>\n&#13;<\/p>\n<p>Freddie a m\u00fcncheni Mrs. Henderson klubban rendezte meg \u00e9lete tal\u00e1n legvadabb, fekete-feh\u00e9r drag b\u00e1lj\u00e1t. A megh\u00edvott vend\u00e9geknek k\u00f6telez\u0151 volt ellenkez\u0151 nem\u0171 ruh\u00e1ba vagy extr\u00e9m jelmezbe b\u00fajniuk. A rendezv\u00e9ny annyira kicsapong\u00f3 volt, hogy a lemezkiad\u00f3ja kezdetben be is tiltotta a felv\u00e9telek nyilv\u00e1nos bemutat\u00e1s\u00e1t. A vend\u00e9gek k\u00f6z\u00f6tt neves m\u0171v\u00e9szek, modellek \u00e9s a m\u00fcncheni \u00e9jszakai \u00e9let prominens alakjai sz\u00f3rakoztak hajnalig. <\/p>\n<p>&#13;<\/p>\n<p>A partin felszolg\u00e1lt kokt\u00e9lok \u00e9s az extravag\u00e1ns dekor\u00e1ci\u00f3 t\u00f6bb t\u00edzezer fontba ker\u00fclt. <\/p>\n<p>&#13;<\/p>\n<p>Ez az este t\u00f6k\u00e9letesen szimboliz\u00e1lta Freddie v\u00e1gy\u00e1t a hat\u00e1rtalan szabads\u00e1gra \u00e9s a csillog\u00e1sra. A buli hangulat\u00e1t \u00e9s a f\u00e9ktelen mulatoz\u00e1st a Living on My Own c\u00edm\u0171 sz\u00f3l\u00f3dal\u00e1nak vide\u00f3klipj\u00e9ben is meg\u00f6r\u00f6k\u00edtett\u00e9k. A klipet a BBC nem volt hajland\u00f3 leadni, de t\u00f6k mindegy volt, mert az akkor m\u00e1r has\u00edt\u00f3 MTV \u00edgy is agyonj\u00e1tszotta.<\/p>\n<p>&#13;<br \/>\n&#13;<\/p>\n<p>\u00a0<\/p>\n<p>&#13;<br \/>\nA Bohemian Rhapsody \u00e9s a szalagok elkop\u00e1sa&#13;<\/p>\n<p>A rockt\u00f6rt\u00e9nelem egyik legkomplexebb dal\u00e1nak felv\u00e9telei t\u00f6bb mint h\u00e1rom h\u00e9tig tartottak a st\u00fadi\u00f3ban. Freddie fej\u00e9ben m\u00e1r a kezdetekt\u0151l fogva pontosan megvolt a teljes operai r\u00e9sz minden egyes sz\u00f3lama. A zenekar tagjai naponta t\u00edz-tizenk\u00e9t \u00f3r\u00e1t \u00e9nekeltek a mikrofonok el\u0151tt, hogy el\u00e9rj\u00e9k a k\u00edv\u00e1nt monument\u00e1lis hat\u00e1st. A technol\u00f3gia akkori korl\u00e1tai miatt a m\u00e1gnesszalagokat \u00fajra \u00e9s \u00fajra fel\u00fcl\u00edrt\u00e1k a k\u00fcl\u00f6nb\u00f6z\u0151 s\u00e1vokkal, de a folyamatos haszn\u00e1latt\u00f3l a szalagok annyira elv\u00e9konyodtak, hogy a f\u00e9ny fel\u00e9 tartva szinte \u00e1tl\u00e1tsz\u00f3v\u00e1 v\u00e1ltak. A hangm\u00e9rn\u00f6k\u00f6k rettegtek att\u00f3l, hogy a felv\u00e9tel elszakad \u00e9s a teljes munka k\u00e1rba v\u00e9sz. Freddie azonban hajthatatlan volt, \u00e9s addig ism\u00e9teltette a r\u00e9szeket, am\u00edg az t\u00f6k\u00e9letes nem lett.<\/p>\n<p>&#13;<\/p>\n<p>\u00a0<\/p>\n<p>&#13;<br \/>\nAz Under Pressure sz\u00fclet\u00e9se egy \u00e1tmulatott \u00e9jszak\u00e1n&#13;<\/p>\n<p>A Queen \u00e9s David Bowie k\u00f6z\u00f6s sl\u00e1gere a sv\u00e1jci Montreux-ben, egy spont\u00e1n st\u00fadi\u00f3z\u00e1s alkalm\u00e1val j\u00f6tt l\u00e9tre. A zen\u00e9szek tetemes mennyis\u00e9g\u0171 alkohol \u00e9s drog elfogyaszt\u00e1sa ut\u00e1n \u00fcltek le \u00f6r\u00f6mzen\u00e9lni a kever\u0151pult m\u00f6g\u00e9. Az 1981 okt\u00f3ber\u00e9ben kiadott \u201eUnder Pressure\u201d alapj\u00e1t k\u00e9pez\u0151 ikonikus basszusfutamot John Deacon tal\u00e1lta ki, de a sz\u00fcnetben elfelejtette. Szerencs\u00e9re Roger Taylor eml\u00e9kezett a dallamra, \u00edgy siker\u00fclt megmenteni a sz\u00e1m gerinc\u00e9t, a sz\u00f6veget pedig nagyr\u00e9szt Bowie \u00edrta. Freddie \u00e9s Bowie k\u00f6z\u00f6tt fesz\u00fclt, de rendk\u00edv\u00fcl kreat\u00edv szakmai verseng\u00e9s alakult ki az \u00e9nekfelv\u00e9telek sor\u00e1n. Mindketten k\u00fcl\u00f6n szob\u00e1ba z\u00e1rk\u00f3ztak, \u00e9s egym\u00e1st\u00f3l f\u00fcggetlen\u00fcl \u00e9nekelt\u00e9k fel a saj\u00e1t vok\u00e1lis \u00f6tleteiket. A v\u00e9geredm\u00e9ny egy olyan zseni\u00e1lis kollabor\u00e1ci\u00f3 lett, amely a mai napig a popzene alapm\u0171ve. A dal \u201em\u00e1sodik \u00e9lete\u201d akkor kezd\u0151d\u00f6tt, amikor Vanilla Ice 1909-ben leny\u00falta a dall\u00e1m\u00e1t az \u2019Ice Ice Baby\u2019 c\u00edm\u0171 dal\u00e1hoz.<\/p>\n<p>&#13;<br \/>\n&#13;<\/p>\n<p>\u00a0<\/p>\n<p>&#13;<br \/>\nA Barcelona \u00e9s az opera ir\u00e1nti szenved\u00e9ly&#13;<\/p>\n<p>Freddie gyermekkori \u00e1lma v\u00e1lt val\u00f3ra, amikor egy\u00fctt dolgozhatott a spanyol opera d\u00edv\u00e1j\u00e1val, Montserrat Caball\u00e9val, akivel nem csak a c\u00edmad\u00f3 Barcelona dalt, de egy eg\u00e9sz albumot vettek fel. Mivel mindketten rendk\u00edv\u00fcl elfoglaltak voltak, az el\u0151k\u00e9sz\u00edt\u0151 munka nagyj\u00e1b\u00f3l k\u00fcl\u00f6nb\u00f6z\u0151 kazett\u00e1k egym\u00e1snak k\u00fcld\u00f6zget\u00e9s\u00e9b\u0151l \u00e1llt. Mercury annyira izgult a szem\u00e9lyes tal\u00e1lkoz\u00e1s el\u0151tt, hogy napokig gyakorolta a klasszikus \u00e9nektechnik\u00e1kat.<\/p>\n<p>&#13;<br \/>\nA st\u00fadi\u00f3ban kider\u00fclt, hogy hangja t\u00f6k\u00e9letesen passzol a szopr\u00e1n \u00e9nekesn\u0151 monument\u00e1lis el\u0151ad\u00e1sm\u00f3dj\u00e1hoz.&#13;<\/p>\n<p>Freddie nemcsak \u00e9nekelte, hanem szinte teljesen maga kompon\u00e1lta \u00e9s hangszerelte a lemez dalait. A k\u00f6z\u00f6s munka sor\u00e1n m\u00e9ly bar\u00e1ts\u00e1g sz\u00f6v\u0151d\u00f6tt a k\u00e9t teljesen elt\u00e9r\u0151 zenei vil\u00e1gb\u00f3l \u00e9rkez\u0151 m\u0171v\u00e9sz k\u00f6z\u00f6tt. Montserrat elragadtat\u00e1ssal besz\u00e9lt Freddie zenei precizit\u00e1s\u00e1r\u00f3l \u00e9s a ritmus\u00e9rz\u00e9k\u00e9r\u0151l. A c\u00edmad\u00f3 dal v\u00e9g\u00fcl az 1992-es olimpia hivatalos himnusza lett, b\u00e1r Freddie a bemutat\u00f3t m\u00e1r nem \u00e9lhette meg.<\/p>\n<p>&#13;<br \/>\n<img decoding=\"async\" src=\"https:\/\/www.europesays.com\/hu\/wp-content\/uploads\/2026\/09\/988.webp\" alt=\"\" caption=\"true\" captiontext=\"Freddie Mercury \u00e9s Montserrat Caballe 1988. okt\u00f3ber 8-\u00e1n duettet adtak el\u0151 Barcelon\u00e1ban - Forr\u00e1s: Getty Images \/ Dave Hogan\"\/>Freddie Mercury \u00e9s Montserrat Caballe 1988. okt\u00f3ber 8-\u00e1n duettet adtak el\u0151 Barcelon\u00e1ban &#8211; Forr\u00e1s: Getty Images \/ Dave Hogan<\/p>\n<p>\u00a0<\/p>\n<p>&#13;<br \/>\nFizikai f\u00e1jdalom a st\u00fadi\u00f3ban&#13;<\/p>\n<p>\u00c9lete utols\u00f3 h\u00f3napjaiban, a Innuendo \u00e9s a Made in Heaven albumok r\u00f6gz\u00edt\u00e9sekor Freddie m\u00e1r alig tudott j\u00e1rni. Ennek ellen\u00e9re ragaszkodott hozz\u00e1, hogy am\u00edg a t\u00fcdeje b\u00edrja, minden nap bemenjen a st\u00fadi\u00f3ba \u00e9nekelni. A zenekar t\u00f6bbi tagja sokszor \u00f3r\u00e1kat v\u00e1rt r\u00e1, am\u00edg \u00f6sszeszedte az erej\u00e9t a mikrofon el\u0151tt. Amikor a st\u00fadi\u00f3ban volt, nem t\u0171rt el semmilyen sajn\u00e1lkoz\u00e1st vagy szomor\u00fa hangulatot a munkat\u00e1rsakt\u00f3l. A f\u00e1jdalmak enyh\u00edt\u00e9s\u00e9re gyakran fogyasztott alkoholt, ami \u00e1tmenetileg melegs\u00e9get adott a tork\u00e1nak. Brian May elmond\u00e1sa szerint Freddie ekkor ny\u00fajtotta \u00e9lete legmeghat\u00f3bb \u00e9s leger\u0151teljesebb \u00e9nekesi teljes\u00edtm\u00e9ny\u00e9t. A zene ir\u00e1nti elk\u00f6telezetts\u00e9ge tartotta \u0151t \u00e9letben ezekben a rendk\u00edv\u00fcl neh\u00e9z utols\u00f3 id\u0151kben.<\/p>\n<p>&#13;<br \/>\n<img decoding=\"async\" src=\"https:\/\/www.europesays.com\/hu\/wp-content\/uploads\/2026\/09\/534.jpg\" alt=\"\" caption=\"true\" captiontext=\"Elton John, Peter Straker \u00e9s Freddie Mercury, 1977 (Fot\u00f3: Hulton Archive\/Getty Images)\"\/>Elton John, Peter Straker \u00e9s Freddie Mercury, 1977 (Fot\u00f3: Hulton Archive\/Getty Images)<\/p>\n<p>\u00a0<\/p>\n<p>&#13;<br \/>\nElton John \u00e9s a titkos becenevek&#13;<\/p>\n<p>Freddie \u00e9s Elton John k\u00f6z\u00f6tt nemcsak szakmai elismer\u00e9s, hanem m\u00e9ly, testv\u00e9ri szeretet \u00e9s bajt\u00e1rsiass\u00e1g l\u00e9tezett. Mindketten im\u00e1dt\u00e1k a t\u00falz\u00e1sokat, a divatot \u00e9s a felt\u0171n\u0151 sz\u00ednpadi megjelen\u00e9st az \u00e9letben. Egym\u00e1st priv\u00e1tban n\u0151i beceneveken sz\u00f3l\u00edtott\u00e1k:<\/p>\n<p>&#13;<\/p>\n<p>Freddie volt Melina, m\u00edg Elton a Sharon nevet kapta. <\/p>\n<p>&#13;<\/p>\n<p>Elton egyike volt azon keveseknek, akik megl\u00e1togathatt\u00e1k a haldokl\u00f3 \u00e9nekest a kensingtoni otthon\u00e1ban. Freddie m\u00e9g a hal\u00e1los \u00e1gy\u00e1n is gondolt bar\u00e1tj\u00e1ra, \u00e9s egy kar\u00e1csonyi aj\u00e1nd\u00e9kot k\u00e9sz\u00edtett el\u0151 neki. Egy gy\u00f6ny\u00f6r\u0171 festm\u00e9nyt k\u00fcld\u00f6tt Eltonnak, amelyet egy p\u00e1rnahuzatba csomagolva ny\u00fajtottak \u00e1t a temet\u00e9s ut\u00e1n. Elton a mai napig k\u00f6nnyek k\u00f6z\u00f6tt eml\u00e9kszik vissza erre a meghat\u00f3, utols\u00f3 bar\u00e1ti gesztusra.<\/p>\n<p>&#13;<br \/>\n&#13;<\/p>\n<p>\u00a0<\/p>\n<p>&#13;<\/p>\n<p>Bor\u00edt\u00f3k\u00e9p: Mercury 1982-ben &#8211; Forr\u00e1s: Daily Express\/Hulton Archive\/Getty Images<\/p>\n<p>                <a href=\"https:\/\/google.com\/preferences\/source?q=https:\/\/port.hu\" target=\"_blank\" class=\"google-pref-banner\" id=\"googlePrefBanner\" rel=\"nofollow noopener\"><br \/>\n                    <img loading=\"lazy\" decoding=\"async\" src=\"https:\/\/port.hu\/img\/svg\/google-logo.svg\" width=\"52\" height=\"52\"\/><br \/>\n                    Itt \u00e1ll\u00edtsa be, hogy a Port az els\u0151k k\u00f6z\u00f6tt legyen a Google-tal\u00e1latokban!<\/p>\n<p>                <\/a><\/p>\n","protected":false},"excerpt":{"rendered":"Freddie Mercurynak olyan sz\u00ednes \u00e9s izgalmas \u00e9lete volt, ami garant\u00e1lta, hogy rengeteg eml\u00e9kezetes sztori sz\u00fclessen r\u00f3la. A bundabiznisz&#13;&hellip;\n","protected":false},"author":2,"featured_media":233727,"comment_status":"","ping_status":"","sticky":false,"template":"","format":"standard","meta":{"footnotes":"","_share_on_mastodon":"0"},"categories":[18],"tags":[1770,23664,4790,4996,137,3082,25765,44,42,40,2479,715,43,41,176,25766,138,177],"class_list":["post-233726","post","type-post","status-publish","format-standard","has-post-thumbnail","category-zene","tag-barcelona","tag-bohem-rapszodia","tag-david-bowie","tag-elton-john","tag-entertainment","tag-evfordulo","tag-freddie-mercury","tag-hu","tag-hungarian","tag-hungary","tag-kepgaleria","tag-magazin","tag-magyar","tag-magyarorszag","tag-music","tag-queen","tag-szorakozas","tag-zene"],"share_on_mastodon":{"url":"https:\/\/pubeurope.com\/@hu\/117217768876213883","error":""},"_links":{"self":[{"href":"https:\/\/www.europesays.com\/hu\/wp-json\/wp\/v2\/posts\/233726","targetHints":{"allow":["GET"]}}],"collection":[{"href":"https:\/\/www.europesays.com\/hu\/wp-json\/wp\/v2\/posts"}],"about":[{"href":"https:\/\/www.europesays.com\/hu\/wp-json\/wp\/v2\/types\/post"}],"author":[{"embeddable":true,"href":"https:\/\/www.europesays.com\/hu\/wp-json\/wp\/v2\/users\/2"}],"replies":[{"embeddable":true,"href":"https:\/\/www.europesays.com\/hu\/wp-json\/wp\/v2\/comments?post=233726"}],"version-history":[{"count":0,"href":"https:\/\/www.europesays.com\/hu\/wp-json\/wp\/v2\/posts\/233726\/revisions"}],"wp:featuredmedia":[{"embeddable":true,"href":"https:\/\/www.europesays.com\/hu\/wp-json\/wp\/v2\/media\/233727"}],"wp:attachment":[{"href":"https:\/\/www.europesays.com\/hu\/wp-json\/wp\/v2\/media?parent=233726"}],"wp:term":[{"taxonomy":"category","embeddable":true,"href":"https:\/\/www.europesays.com\/hu\/wp-json\/wp\/v2\/categories?post=233726"},{"taxonomy":"post_tag","embeddable":true,"href":"https:\/\/www.europesays.com\/hu\/wp-json\/wp\/v2\/tags?post=233726"}],"curies":[{"name":"wp","href":"https:\/\/api.w.org\/{rel}","templated":true}]}}