{"id":233795,"date":"2026-09-05T10:42:08","date_gmt":"2026-09-05T10:42:08","guid":{"rendered":"https:\/\/www.europesays.com\/hu\/233795\/"},"modified":"2026-09-05T10:42:08","modified_gmt":"2026-09-05T10:42:08","slug":"index-kulfold-oroszorszag-haboruja-ukrajnaban-az-index-szombati-hirosszefoglaloja-5","status":"publish","type":"post","link":"https:\/\/www.europesays.com\/hu\/233795\/","title":{"rendered":"Index &#8211; K\u00fclf\u00f6ld &#8211; Oroszorsz\u00e1g h\u00e1bor\u00faja Ukrajn\u00e1ban \u2013 az Index szombati h\u00edr\u00f6sszefoglal\u00f3ja"},"content":{"rendered":"<p>A Kreml l\u00e9p\u00e9sei arra utalnak, hogy Oroszorsz\u00e1g nem \u00e1ll k\u00e9szen garant\u00e1lni az amerikai k\u00fcld\u00f6tts\u00e9g biztons\u00e1g\u00e1t a tervezett ukrajnai l\u00e1togat\u00e1s sor\u00e1n \u2013 \u00edrj\u00e1k a H\u00e1bor\u00fas Tanulm\u00e1nyok Int\u00e9zet\u00e9nek (<a href=\"https:\/\/understandingwar.org\/research\/russia-ukraine\/russian-offensive-campaign-assessment-september-4-2026\/\" id=\"hyperlink_e28d88eb1e7cb8d7f339831e42e8f108\" rel=\"nofollow noopener\" target=\"_blank\">ISW<\/a>) elemz\u0151i, akik szerint ez is j\u00f3l mutatja, mit szeretne el\u00e9rni val\u00f3j\u00e1ban Vlagyimir Putyin.<\/p>\n<p>Eml\u00e9keztettek, hogy Volodimir Zelenszkij szeptember 4-\u00e9n bejelentette: Donald Trump amerikai eln\u00f6k k\u00fcld\u00f6ttei, Steve Witkoff \u00e9s Jared Kushner, az oroszorsz\u00e1gi l\u00e1togat\u00e1sukat k\u00f6vet\u0151en szeptember 6-\u00e1n Ukrajn\u00e1ba is ell\u00e1togatnak. Az orosz m\u00e9diumok pedig szint\u00e9n meger\u0151s\u00edtett\u00e9k az amerikai deleg\u00e1ci\u00f3 mindk\u00e9t orsz\u00e1gba tervezett \u00fatj\u00e1t.<\/p>\n<p>Ugyanakkor forr\u00e1saik szerint Witkoff \u00e9s Kushner aggodalmuknak adtak hangot saj\u00e1t biztons\u00e1gukat illet\u0151en.\u00a0<\/p>\n<p>R\u00e1mutattak, hogy Ukrajna augusztus 26-\u00e1n, John Ratcliffe CIA-igazgat\u00f3 moszkvai l\u00e1togat\u00e1sa idej\u00e9n, le\u00e1ll\u00edtotta a Moszkvai ter\u00fclet elleni nagy hat\u00f3t\u00e1vols\u00e1g\u00fa csap\u00e1sokat. Ezzel szemben Putyin nem adott semmilyen jelz\u00e9st arra, hogy Oroszorsz\u00e1g felf\u00fcggeszten\u00e9 az Ukrajna elleni t\u00e1mad\u00e1sokat Witkoff \u00e9s Kushner ukrajnai l\u00e1togat\u00e1sa idej\u00e9re.<\/p>\n<p>\u201ePutyin nyilv\u00e1nval\u00f3 vonakod\u00e1sa att\u00f3l, hogy garant\u00e1lja az amerikai deleg\u00e1ci\u00f3 biztons\u00e1g\u00e1t Ukrajn\u00e1ban, azt jelzi, hogy a Kreml nem \u00e1ll k\u00e9szen elfogadni az Egyes\u00fclt \u00c1llamokat mint k\u00f6zvet\u00edt\u0151t a b\u00e9ket\u00e1rgyal\u00e1sokon, \u00e9s al\u00e1h\u00fazza azokat a t\u00f6rekv\u00e9seket, amelyek arra ir\u00e1nyulnak, hogy Washingtont kiz\u00e1r\u00f3lag Oroszorsz\u00e1ggal val\u00f3 t\u00e1rgyal\u00e1sra k\u00e9nyszer\u00edts\u00e9k\u201d \u2013 fogalmaztak az ISW elemz\u0151i.<\/p>\n","protected":false},"excerpt":{"rendered":"A Kreml l\u00e9p\u00e9sei arra utalnak, hogy Oroszorsz\u00e1g nem \u00e1ll k\u00e9szen garant\u00e1lni az amerikai k\u00fcld\u00f6tts\u00e9g biztons\u00e1g\u00e1t a tervezett ukrajnai&hellip;\n","protected":false},"author":2,"featured_media":233796,"comment_status":"","ping_status":"","sticky":false,"template":"","format":"standard","meta":{"footnotes":"","_share_on_mastodon":"0"},"categories":[8],"tags":[849,65,1551,429,42,847,64,43,848,103,34,845,102,58,300,94,299,846,93,92],"class_list":["post-233795","post","type-post","status-publish","format-standard","has-post-thumbnail","category-vilag","tag-beketargyalas","tag-donald-trump","tag-drontamadas","tag-europai-unio","tag-hungarian","tag-kijev","tag-kulfold","tag-magyar","tag-moszkva","tag-nato","tag-news","tag-orosz-ukran-konfliktus","tag-oroszorszag","tag-ukrajna","tag-ukrajnai-haboru","tag-vilag","tag-vlagyimir-putyin","tag-volodimir-zelenszkij","tag-world","tag-world-news"],"share_on_mastodon":{"url":"https:\/\/pubeurope.com\/@hu\/117218020211981643","error":""},"_links":{"self":[{"href":"https:\/\/www.europesays.com\/hu\/wp-json\/wp\/v2\/posts\/233795","targetHints":{"allow":["GET"]}}],"collection":[{"href":"https:\/\/www.europesays.com\/hu\/wp-json\/wp\/v2\/posts"}],"about":[{"href":"https:\/\/www.europesays.com\/hu\/wp-json\/wp\/v2\/types\/post"}],"author":[{"embeddable":true,"href":"https:\/\/www.europesays.com\/hu\/wp-json\/wp\/v2\/users\/2"}],"replies":[{"embeddable":true,"href":"https:\/\/www.europesays.com\/hu\/wp-json\/wp\/v2\/comments?post=233795"}],"version-history":[{"count":0,"href":"https:\/\/www.europesays.com\/hu\/wp-json\/wp\/v2\/posts\/233795\/revisions"}],"wp:featuredmedia":[{"embeddable":true,"href":"https:\/\/www.europesays.com\/hu\/wp-json\/wp\/v2\/media\/233796"}],"wp:attachment":[{"href":"https:\/\/www.europesays.com\/hu\/wp-json\/wp\/v2\/media?parent=233795"}],"wp:term":[{"taxonomy":"category","embeddable":true,"href":"https:\/\/www.europesays.com\/hu\/wp-json\/wp\/v2\/categories?post=233795"},{"taxonomy":"post_tag","embeddable":true,"href":"https:\/\/www.europesays.com\/hu\/wp-json\/wp\/v2\/tags?post=233795"}],"curies":[{"name":"wp","href":"https:\/\/api.w.org\/{rel}","templated":true}]}}