{"id":233805,"date":"2026-09-05T10:51:12","date_gmt":"2026-09-05T10:51:12","guid":{"rendered":"https:\/\/www.europesays.com\/hu\/233805\/"},"modified":"2026-09-05T10:51:12","modified_gmt":"2026-09-05T10:51:12","slug":"celeb-ezt-nehez-elhinni-ezek-a-szineszek-sokkal-fiatalabb-karaktereket-jatszottak-el-velvet-hu","status":"publish","type":"post","link":"https:\/\/www.europesays.com\/hu\/233805\/","title":{"rendered":"Celeb &#8211; Ezt neh\u00e9z elhinni: ezek a sz\u00edn\u00e9szek sokkal fiatalabb karaktereket j\u00e1tszottak el &#8211; velvet.hu"},"content":{"rendered":"<p><a href=\"https:\/\/news.google.com\/rss\/articles\/CBMilgFBVV95cUxNZmRmc1pqQjI1X0FabXZ4RDk4UjRjZVJYMDBKU3RZcXZ2NTF2dTJyblppVzdoWlFJWndta1VVNlVDVGsxMWFzMDdLeFQ4WGVBeTRHZC0tdUgyM05meDB1c2tYSnZIeFFnUEpLR3BsZ283dnVsT1RwVndrRm1tRk1jRkZoNjB5NG5Fc0Fqd2FkaFVBOWFxd1E?oc=5\" target=\"_blank\" rel=\"nofollow noopener\">Celeb &#8211; Ezt neh\u00e9z elhinni: ezek a sz\u00edn\u00e9szek sokkal fiatalabb karaktereket j\u00e1tszottak el<\/a>&nbsp;&nbsp;velvet.hu<a href=\"https:\/\/news.google.com\/rss\/articles\/CBMilwFBVV95cUxPWWtISWQ0YUx1aW5oUE5lNVBmbTd4eGRheHFITFgxczIxZUMySWttNGQ0dXpNZ1VVN2RReDFPQjItYXFIZGxwWjBaV0VhUWtyNEJXXzVTbDhMTkhuR3hCR011VTU5MUxYbVFUNTR6dHZSYmVuUmRHT25CTktXaE11VFVUQzNwYTFlQjR0a0xMaTdiMzZQM2lr?oc=5\" target=\"_blank\" rel=\"nofollow noopener\">5 sz\u00edn\u00e9sz, aki baromi t\u00falkoros volt a tini szerephez<\/a>&nbsp;&nbsp;PORT<a href=\"https:\/\/news.google.com\/rss\/articles\/CBMitgFBVV95cUxQbkxxTmxDdmE5aVVqaFFiQm42c0JUYkp0ZUR4cVNlS01vZEE2RTkzb29PUG5wZDFIOV8yMkxPYVZMUE42RlZ5aUp3NWZjeFFJVm4xa2dZUHozcXNvUHVudkxfRGhrTjZ1NjNHUEl1N045ODczS1VacXY0WW9QWHpISHN0U0FtTE1EMWNjSkFaUU1iODh4NHBLdl9RbzlyeVhOY2FMLUxkOU9kbnhhSDVDV2l2c1c2UQ?oc=5\" target=\"_blank\" rel=\"nofollow noopener\">Ezt neh\u00e9z elhinni: ezek a sz\u00edn\u00e9szek sokkal fiatalabb karaktereket j\u00e1tszottak el<\/a>&nbsp;&nbsp;Hirnavigator<a href=\"https:\/\/news.google.com\/rss\/articles\/CBMikAFBVV95cUxOUkRsYUVJWHppTnM1VjN3bXJEdEU5NmlxcTVWbm5jVW9WNVZBWlp5RmhuckprelFyZVU3TTVjN19BdXFEb0I5NUdMWlBIUDBzWDNUTWRKV3czOFVSUnZBak5pTWtwX2RvWnh0NmpaMTEwWEhRQjJuMl9PYnlrd0o5T3lXUkVGSzYwVEJmcmJURHM?oc=5\" target=\"_blank\" rel=\"nofollow noopener\">8 szt\u00e1r, aki k\u00f6zel 30 \u00e9vesen j\u00e1tszott k\u00f6z\u00e9piskol\u00e1st<\/a>&nbsp;&nbsp;Hirnavigator<\/p>\n","protected":false},"excerpt":{"rendered":"Celeb &#8211; Ezt neh\u00e9z elhinni: ezek a sz\u00edn\u00e9szek sokkal fiatalabb karaktereket j\u00e1tszottak el&nbsp;&nbsp;velvet.hu5 sz\u00edn\u00e9sz, aki baromi t\u00falkoros volt&hellip;\n","protected":false},"author":2,"featured_media":233806,"comment_status":"","ping_status":"","sticky":false,"template":"","format":"standard","meta":{"footnotes":"","_share_on_mastodon":"0"},"categories":[16],"tags":[3455,137,44,42,40,43,41,1005,3219,138,16848],"class_list":["post-233805","post","type-post","status-publish","format-standard","has-post-thumbnail","category-szorakozas","tag-celeb","tag-entertainment","tag-hu","tag-hungarian","tag-hungary","tag-magyar","tag-magyarorszag","tag-szerep","tag-szineszek","tag-szorakozas","tag-tinedzser"],"share_on_mastodon":{"url":"https:\/\/pubeurope.com\/@hu\/117218056537705948","error":""},"_links":{"self":[{"href":"https:\/\/www.europesays.com\/hu\/wp-json\/wp\/v2\/posts\/233805","targetHints":{"allow":["GET"]}}],"collection":[{"href":"https:\/\/www.europesays.com\/hu\/wp-json\/wp\/v2\/posts"}],"about":[{"href":"https:\/\/www.europesays.com\/hu\/wp-json\/wp\/v2\/types\/post"}],"author":[{"embeddable":true,"href":"https:\/\/www.europesays.com\/hu\/wp-json\/wp\/v2\/users\/2"}],"replies":[{"embeddable":true,"href":"https:\/\/www.europesays.com\/hu\/wp-json\/wp\/v2\/comments?post=233805"}],"version-history":[{"count":0,"href":"https:\/\/www.europesays.com\/hu\/wp-json\/wp\/v2\/posts\/233805\/revisions"}],"wp:featuredmedia":[{"embeddable":true,"href":"https:\/\/www.europesays.com\/hu\/wp-json\/wp\/v2\/media\/233806"}],"wp:attachment":[{"href":"https:\/\/www.europesays.com\/hu\/wp-json\/wp\/v2\/media?parent=233805"}],"wp:term":[{"taxonomy":"category","embeddable":true,"href":"https:\/\/www.europesays.com\/hu\/wp-json\/wp\/v2\/categories?post=233805"},{"taxonomy":"post_tag","embeddable":true,"href":"https:\/\/www.europesays.com\/hu\/wp-json\/wp\/v2\/tags?post=233805"}],"curies":[{"name":"wp","href":"https:\/\/api.w.org\/{rel}","templated":true}]}}