{"id":233825,"date":"2026-09-05T11:09:11","date_gmt":"2026-09-05T11:09:11","guid":{"rendered":"https:\/\/www.europesays.com\/hu\/233825\/"},"modified":"2026-09-05T11:09:11","modified_gmt":"2026-09-05T11:09:11","slug":"europa-bajnok-vedovel-erosithet-az-as-roma","status":"publish","type":"post","link":"https:\/\/www.europesays.com\/hu\/233825\/","title":{"rendered":"Eur\u00f3pa-bajnok v\u00e9d\u0151vel er\u0151s\u00edthet az AS Roma!"},"content":{"rendered":"<p style=\"text-align: justify;\">A legfrissebb sajt\u00f3h\u00edrek szerint az olasz bajnoks\u00e1gban (Serie A) szerepl\u0151 AS Roma egy\u00fcttese Raphael Guerreiroval er\u0151s\u00edtheti meg a keret\u00e9t.<\/p>\n<p class=\"isSelectedEnd\" style=\"text-align: justify;\">Az AS Roma fontolgatja Rapha\u00ebl Guerreiro szerz\u0151dtet\u00e9s\u00e9t \u2013 err\u0151l sz\u00e1moltak be az olasz h\u00edrport\u00e1lok. A portug\u00e1l v\u00e1logatott balh\u00e1tv\u00e9d jelenleg szabadon igazolhat\u00f3, miut\u00e1n a ny\u00e1ron lej\u00e1rt a szerz\u0151d\u00e9se a Bayern M\u00fcnchenn\u00e9l. A \u201eFarkasokn\u00e1l\u201d r\u00e1ad\u00e1sul sz\u00fcks\u00e9g is lehet az er\u0151s\u00edt\u00e9sre ezen a poszton, hiszen a keretben jelenleg mind\u00f6ssze egy klasszikus balh\u00e1tv\u00e9d, Anass Salah-Eddine \u00e1ll Gian Piero Gasperini vezet\u0151edz\u0151 rendelkez\u00e9s\u00e9re.<\/p>\n<p class=\"isSelectedEnd\" style=\"text-align: justify;\">A 32 \u00e9ves Guerreiro az elm\u00falt h\u00e1rom szezont a Bayernn\u00e9l t\u00f6lt\u00f6tte, ahol 95 t\u00e9tm\u00e9rk\u0151z\u00e9sen l\u00e9pett p\u00e1ly\u00e1ra, ezeken 14 g\u00f3lt \u00e9s 8 g\u00f3lpasszt jegyzett. A ny\u00e1r elej\u00e9n az AC Milan \u00e9s a Bayer Leverkusen \u00e9rdekl\u0151d\u00e9s\u00e9r\u0151l is lehetett hallani az Eur\u00f3pa-bajnok j\u00e1t\u00e9kossal kapcsolatban, \u00e1m egyik esetleges \u00e1tigazol\u00e1sb\u00f3l sem lett meg\u00e1llapod\u00e1s.        <\/p>\n<p style=\"text-align: justify;\">A Roma sz\u00e1m\u00e1ra \u00edgy kedvez\u0151 lehet\u0151s\u00e9g ny\u00edlhat arra, hogy \u00e1tigazol\u00e1si d\u00edj n\u00e9lk\u00fcl szerezzen tapasztalt j\u00e1t\u00e9kost, mik\u00f6zben Gasperini tov\u00e1bb b\u0151v\u00edthetn\u00e9 a v\u00e9delemben bevethet\u0151 opci\u00f3it a 2026\u20132027-es id\u00e9nyre.<\/p>\n<p style=\"text-align: center;\">Bor\u00edt\u00f3k\u00e9p: (Photo by Kevin Voigt\/GettyImages)<\/p>\n<p>\u00a0<\/p>\n","protected":false},"excerpt":{"rendered":"A legfrissebb sajt\u00f3h\u00edrek szerint az olasz bajnoks\u00e1gban (Serie A) szerepl\u0151 AS Roma egy\u00fcttese Raphael Guerreiroval er\u0151s\u00edtheti meg a&hellip;\n","protected":false},"author":2,"featured_media":233826,"comment_status":"","ping_status":"","sticky":false,"template":"","format":"standard","meta":{"footnotes":"","_share_on_mastodon":"0"},"categories":[3],"tags":[7915,1031,107,106,105,42,43,61576,11345],"class_list":["post-233825","post","type-post","status-publish","format-standard","has-post-thumbnail","category-europa","tag-as-roma","tag-atigazolas","tag-eu","tag-europa","tag-europe","tag-hungarian","tag-magyar","tag-raphael-guerreiro","tag-szabadugynok"],"share_on_mastodon":{"url":"https:\/\/pubeurope.com\/@hu\/117218126384312704","error":""},"_links":{"self":[{"href":"https:\/\/www.europesays.com\/hu\/wp-json\/wp\/v2\/posts\/233825","targetHints":{"allow":["GET"]}}],"collection":[{"href":"https:\/\/www.europesays.com\/hu\/wp-json\/wp\/v2\/posts"}],"about":[{"href":"https:\/\/www.europesays.com\/hu\/wp-json\/wp\/v2\/types\/post"}],"author":[{"embeddable":true,"href":"https:\/\/www.europesays.com\/hu\/wp-json\/wp\/v2\/users\/2"}],"replies":[{"embeddable":true,"href":"https:\/\/www.europesays.com\/hu\/wp-json\/wp\/v2\/comments?post=233825"}],"version-history":[{"count":0,"href":"https:\/\/www.europesays.com\/hu\/wp-json\/wp\/v2\/posts\/233825\/revisions"}],"wp:featuredmedia":[{"embeddable":true,"href":"https:\/\/www.europesays.com\/hu\/wp-json\/wp\/v2\/media\/233826"}],"wp:attachment":[{"href":"https:\/\/www.europesays.com\/hu\/wp-json\/wp\/v2\/media?parent=233825"}],"wp:term":[{"taxonomy":"category","embeddable":true,"href":"https:\/\/www.europesays.com\/hu\/wp-json\/wp\/v2\/categories?post=233825"},{"taxonomy":"post_tag","embeddable":true,"href":"https:\/\/www.europesays.com\/hu\/wp-json\/wp\/v2\/tags?post=233825"}],"curies":[{"name":"wp","href":"https:\/\/api.w.org\/{rel}","templated":true}]}}