{"id":233827,"date":"2026-09-05T11:10:12","date_gmt":"2026-09-05T11:10:12","guid":{"rendered":"https:\/\/www.europesays.com\/hu\/233827\/"},"modified":"2026-09-05T11:10:12","modified_gmt":"2026-09-05T11:10:12","slug":"index-kulfold-maszkos-tuntetok-benitjak-anglia-legforgalmasabb-kikotojet","status":"publish","type":"post","link":"https:\/\/www.europesays.com\/hu\/233827\/","title":{"rendered":"Index &#8211; K\u00fclf\u00f6ld &#8211; Maszkos t\u00fcntet\u0151k b\u00e9n\u00edtj\u00e1k Anglia legforgalmasabb kik\u00f6t\u0151j\u00e9t"},"content":{"rendered":"<p>                <a href=\"https:\/\/index.hu\/szerzo\/toth_sara\" rel=\"nofollow noopener\" target=\"_blank\"><br \/>\n                        <img decoding=\"async\" class=\"szerzo-kep\" src=\"https:\/\/www.europesays.com\/hu\/wp-content\/uploads\/2026\/09\/1788606612_862_63694369_4710095_e9b4c5ea6a338c697097f4c540454165_wm.jpg\" alt=\"T\u00f3th S\u00e1ra\"\/><br \/>\n                <\/a><\/p>\n<p>\n                Maszkos t\u00fcntet\u0151k miatt teljesen le\u00e1llt a forgalom Nagy-Britannia egyik legforgalmasabb kik\u00f6t\u0151j\u00e9ben, Doverben. A P&amp;O Ferries szerint az \u00e9rintett utasokat a k\u00f6vetkez\u0151 indul\u00f3 j\u00e1ratra \u00fcltetik \u00e1t.            <\/p>\n<p>Maszkos t\u00fcntet\u0151k akad\u00e1lyozz\u00e1k a forgalmat az Angli\u00e1ban tal\u00e1lhat\u00f3 doveri kik\u00f6t\u0151ben \u2013 \u00edrja a <a href=\"https:\/\/www.bbc.com\/news\/articles\/cy8znyzgkjjo?at_campaign_type=owned&amp;at_link_origin=BBC_News&amp;at_ptr_name=facebook_page&amp;at_format=link&amp;at_bbc_team=editorial&amp;at_medium=social&amp;at_link_type=web_link&amp;at_link_id=A35DF882-A900-11F1-A889-E49C599F5F8A&amp;at_campaign=Social_Flow\" id=\"hyperlink_ad0f0ab2a41de923f0ba2ba30eeba801\" rel=\"nofollow noopener\" target=\"_blank\">BBC<\/a> a Kent megyei rend\u0151rs\u00e9gre hivatkozva. A hat\u00f3s\u00e1g t\u00e1j\u00e9koztat\u00e1sa szerint\u00a0a komphaj\u00f3termin\u00e1ln\u00e1l \u201ejelenleg is zajlik\u201d a t\u00fcntet\u00e9s.\u00a0<\/p>\n<p>A forgalmat le\u00e1ll\u00edtott\u00e1k, \u00edgy a j\u00e1rm\u0171vek jelenleg nem tudnak sem kijutni, sem bejutni a kik\u00f6t\u0151be.<\/p>\n<p>A P&amp;O Ferries k\u00f6z\u00f6lte, hogy azoknak az utasoknak, akik emiatt lek\u00e9sik a kompot, a k\u00f6vetkez\u0151 el\u00e9rhet\u0151 j\u00e1raton biztos\u00edtanak helyet.<\/p>\n<p><a href=\"https:\/\/dex.hu\/x.php?id=googlepref_desktop&amp;url=https:\/\/google.com\/preferences\/source?q=https:\/\/index.hu\" class=\"google-pref-banner \" id=\"googlePrefBanner\" rel=\"nofollow noopener\" target=\"_blank\"><\/p>\n<p>    Itt \u00e1ll\u00edtsa be, hogy az Index az els\u0151k k\u00f6z\u00f6tt legyen a Google-tal\u00e1latokban!<\/p>\n<p><\/a><\/p>\n<p>    <img decoding=\"async\" src=\"https:\/\/index.hu\/assets\/images\/social-follow\/logo-big.svg\" alt=\"Index.hu logo\"\/><\/p>\n<p>K\u00f6vesse az Indexet Facebookon is!<\/p>\n<p>    <a href=\"https:\/\/facebook.com\/Indexhu\" target=\"_blank\" rel=\"nofollow noopener\"><\/p>\n<p>        K\u00f6vetem!<br \/>\n    <\/a><\/p>\n","protected":false},"excerpt":{"rendered":"Maszkos t\u00fcntet\u0151k miatt teljesen le\u00e1llt a forgalom Nagy-Britannia egyik legforgalmasabb kik\u00f6t\u0151j\u00e9ben, Doverben. A P&amp;O Ferries szerint az \u00e9rintett&hellip;\n","protected":false},"author":2,"featured_media":233828,"comment_status":"","ping_status":"","sticky":false,"template":"","format":"standard","meta":{"footnotes":"","_share_on_mastodon":"0"},"categories":[8],"tags":[4871,35888,42,14190,64,43,58105,34,3954,94,93,92],"class_list":["post-233827","post","type-post","status-publish","format-standard","has-post-thumbnail","category-vilag","tag-anglia","tag-dover","tag-hungarian","tag-kikoto","tag-kulfold","tag-magyar","tag-maszkos","tag-news","tag-tuntetok","tag-vilag","tag-world","tag-world-news"],"share_on_mastodon":{"url":"https:\/\/pubeurope.com\/@hu\/117218130988591295","error":""},"_links":{"self":[{"href":"https:\/\/www.europesays.com\/hu\/wp-json\/wp\/v2\/posts\/233827","targetHints":{"allow":["GET"]}}],"collection":[{"href":"https:\/\/www.europesays.com\/hu\/wp-json\/wp\/v2\/posts"}],"about":[{"href":"https:\/\/www.europesays.com\/hu\/wp-json\/wp\/v2\/types\/post"}],"author":[{"embeddable":true,"href":"https:\/\/www.europesays.com\/hu\/wp-json\/wp\/v2\/users\/2"}],"replies":[{"embeddable":true,"href":"https:\/\/www.europesays.com\/hu\/wp-json\/wp\/v2\/comments?post=233827"}],"version-history":[{"count":0,"href":"https:\/\/www.europesays.com\/hu\/wp-json\/wp\/v2\/posts\/233827\/revisions"}],"wp:featuredmedia":[{"embeddable":true,"href":"https:\/\/www.europesays.com\/hu\/wp-json\/wp\/v2\/media\/233828"}],"wp:attachment":[{"href":"https:\/\/www.europesays.com\/hu\/wp-json\/wp\/v2\/media?parent=233827"}],"wp:term":[{"taxonomy":"category","embeddable":true,"href":"https:\/\/www.europesays.com\/hu\/wp-json\/wp\/v2\/categories?post=233827"},{"taxonomy":"post_tag","embeddable":true,"href":"https:\/\/www.europesays.com\/hu\/wp-json\/wp\/v2\/tags?post=233827"}],"curies":[{"name":"wp","href":"https:\/\/api.w.org\/{rel}","templated":true}]}}