{"id":233853,"date":"2026-09-05T11:37:10","date_gmt":"2026-09-05T11:37:10","guid":{"rendered":"https:\/\/www.europesays.com\/hu\/233853\/"},"modified":"2026-09-05T11:37:10","modified_gmt":"2026-09-05T11:37:10","slug":"idozitett-bomba-europa-legnagyobb-atomeromuve-mar-csak-napok-maradtak-a-teljes-leallas-elott","status":"publish","type":"post","link":"https:\/\/www.europesays.com\/hu\/233853\/","title":{"rendered":"Id\u0151z\u00edtett bomba Eur\u00f3pa legnagyobb atomer\u0151m\u0171ve: m\u00e1r csak napok maradtak a teljes le\u00e1ll\u00e1s el\u0151tt"},"content":{"rendered":"<p>2026. szeptember 5. 12:02<\/p>\n<p>A Nemzetk\u00f6zi Atomenergia-\u00fcgyn\u00f6ks\u00e9g (NA\u00dc) szombaton bejelentette, k\u00f6zvet\u00edt\u00e9s\u00e9vel helyi t\u0171zsz\u00fcnet l\u00e9pett \u00e9letbe, annak \u00e9rdek\u00e9ben, hogy helyre tudj\u00e1k \u00e1ll\u00edtani a zaporizzsjai atomer\u0151m\u0171 k\u00fcls\u0151 \u00e1ramell\u00e1t\u00e1s\u00e1t.<\/p>\n<p>Az Ukrajn\u00e1ban tal\u00e1lhat\u00f3, orosz ellen\u0151rz\u00e9s alatt \u00e1ll\u00f3 atomer\u0151m\u0171 augusztus 20. \u00f3ta k\u00fcls\u0151 \u00e1ramell\u00e1t\u00e1s n\u00e9lk\u00fcl m\u0171k\u00f6dik, \u00e9s v\u00e9szhelyzeti d\u00edzelgener\u00e1torokra t\u00e1maszkodik a l\u00e9tfontoss\u00e1g\u00fa biztons\u00e1gi rendszereinek h\u0171t\u00e9s\u00e9hez.<\/p>\n<p>\t\t\t\t<a href=\"https:\/\/www.penzcentrum.hu\/frisshirek\" rel=\"nofollow noopener\" target=\"_blank\">A legfrissebb h\u00edrek, id\u0151rendben ITT!<\/a><\/p>\n<p>\t\t\t\t<a href=\"https:\/\/news.google.com\/publications\/CAAiECtCpL84n14N1lGAd73KUFMqFAgKIhArQqS_OJ9eDdZRgHe9ylBT?hl=hu&amp;gl=HU&amp;ceid=HU%3Ahu\" rel=\"nofollow noopener\" target=\"_blank\">K\u00f6vess minket a Google H\u00edrek-ben is!<\/a><\/p>\n<p>\t\t\t&#13;<\/p>\n<p>A NA\u00dc k\u00f6zl\u00e9se szerint fogyt\u00e1n vannak az er\u0151m\u0171 d\u00edzelolaj tartal\u00e9kai, \u00e9s napokon bel\u00fcl teljes \u00e1ramkimarad\u00e1s fenyegeti, hacsak nem \u00e1ll\u00edtj\u00e1k helyre az \u00e1ramell\u00e1t\u00e1st, vagy nem gondoskodnak az \u00fczemanyag p\u00f3tl\u00e1s\u00e1r\u00f3l.<\/p>\n<p>&#13;<\/p>\n<p>Az ukr\u00e1n szakemberek szombaton kezdik meg az \u00e1ramvezet\u00e9kek jav\u00edt\u00e1s\u00e1t, miut\u00e1n az \u00e9rintett ter\u00fcletet aknamentes\u00edtett\u00e9k &#8211; tette hozz\u00e1 az \u00fcgyn\u00f6ks\u00e9g.<\/p>\n<p>&#13;<\/p>\n","protected":false},"excerpt":{"rendered":"2026. szeptember 5. 12:02 A Nemzetk\u00f6zi Atomenergia-\u00fcgyn\u00f6ks\u00e9g (NA\u00dc) szombaton bejelentette, k\u00f6zvet\u00edt\u00e9s\u00e9vel helyi t\u0171zsz\u00fcnet l\u00e9pett \u00e9letbe, annak \u00e9rdek\u00e9ben, hogy&hellip;\n","protected":false},"author":2,"featured_media":233854,"comment_status":"","ping_status":"","sticky":false,"template":"","format":"standard","meta":{"footnotes":"","_share_on_mastodon":"0"},"categories":[3],"tags":[393,107,106,105,42,672,43,669,671,670,674,111,673],"class_list":["post-233853","post","type-post","status-publish","format-standard","has-post-thumbnail","category-europa","tag-biztositas","tag-eu","tag-europa","tag-europe","tag-hungarian","tag-karrier","tag-magyar","tag-megtakaritas","tag-nyugdij","tag-otthon","tag-utazas","tag-vallalkozas","tag-vasarlas"],"share_on_mastodon":{"url":"https:\/\/pubeurope.com\/@hu\/117218236444056875","error":""},"_links":{"self":[{"href":"https:\/\/www.europesays.com\/hu\/wp-json\/wp\/v2\/posts\/233853","targetHints":{"allow":["GET"]}}],"collection":[{"href":"https:\/\/www.europesays.com\/hu\/wp-json\/wp\/v2\/posts"}],"about":[{"href":"https:\/\/www.europesays.com\/hu\/wp-json\/wp\/v2\/types\/post"}],"author":[{"embeddable":true,"href":"https:\/\/www.europesays.com\/hu\/wp-json\/wp\/v2\/users\/2"}],"replies":[{"embeddable":true,"href":"https:\/\/www.europesays.com\/hu\/wp-json\/wp\/v2\/comments?post=233853"}],"version-history":[{"count":0,"href":"https:\/\/www.europesays.com\/hu\/wp-json\/wp\/v2\/posts\/233853\/revisions"}],"wp:featuredmedia":[{"embeddable":true,"href":"https:\/\/www.europesays.com\/hu\/wp-json\/wp\/v2\/media\/233854"}],"wp:attachment":[{"href":"https:\/\/www.europesays.com\/hu\/wp-json\/wp\/v2\/media?parent=233853"}],"wp:term":[{"taxonomy":"category","embeddable":true,"href":"https:\/\/www.europesays.com\/hu\/wp-json\/wp\/v2\/categories?post=233853"},{"taxonomy":"post_tag","embeddable":true,"href":"https:\/\/www.europesays.com\/hu\/wp-json\/wp\/v2\/tags?post=233853"}],"curies":[{"name":"wp","href":"https:\/\/api.w.org\/{rel}","templated":true}]}}