{"id":233887,"date":"2026-09-05T12:10:11","date_gmt":"2026-09-05T12:10:11","guid":{"rendered":"https:\/\/www.europesays.com\/hu\/233887\/"},"modified":"2026-09-05T12:10:11","modified_gmt":"2026-09-05T12:10:11","slug":"olasz-szinesznok-stilusa-a-velencei-filmfesztivalon","status":"publish","type":"post","link":"https:\/\/www.europesays.com\/hu\/233887\/","title":{"rendered":"Olasz sz\u00edn\u00e9szn\u0151k st\u00edlusa a velencei filmfesztiv\u00e1lon"},"content":{"rendered":"<p data-alignment=\"left\" class=\"text-left\" data-block-key=\"dtnqk\">Szeptember 2-\u00e1n vette kezdet\u00e9t a 83. Velencei Nemzetk\u00f6zi Filmfesztiv\u00e1l, az\u00f3ta pedig val\u00f3s\u00e1ggal ellept\u00e9k a h\u00edress\u00e9gek Velence v\u00e1ros\u00e1t. Term\u00e9szetesen sok olasz sz\u00edn\u00e9szn\u0151 is hivatalos az esem\u00e9nyre, akik nem csup\u00e1n tehets\u00e9g\u00fckkel, hanem st\u00edlusos, divatos megjelen\u00e9s\u00fckkel \u00e9pp\u00fagy bevonzz\u00e1k a figyelmet.<\/p>\n<p>  <a rel=\"noopener nofollow\" href=\"https:\/\/indamediasales.hu\/2019\/06\/25\/quality_placement_minosegbiztositasi_tajekoztato_728\" target=\"_blank\" class=\"flex items-center\"><\/p>\n<p>      <img decoding=\"async\" src=\"https:\/\/femina.hu\/neon\/static\/images\/brand\/quality_placement_logo.svg\" alt=\"Quality Placement\" width=\"111\" height=\"auto\"\/><\/p>\n<p>  <\/a><\/p>\n<p>\n  hirdet\u00e9s\n<\/p>\n<p data-alignment=\"left\" class=\"text-left\" data-block-key=\"dtnqk\">B\u00e1r a velencei filmfesztiv\u00e1l napjai alatt mindenki a v\u00f6r\u00f6s sz\u0151nyeges bevonul\u00e1sokra figyel, a csod\u00e1s haute couture ruhak\u00f6ltem\u00e9nyeken k\u00edv\u00fcl ugyancsak akad b\u0151ven divatcsemege, p\u00e9ld\u00e1ul sok h\u00edress\u00e9g, k\u00f6zt\u00fck az olasz sz\u00edn\u00e9szn\u0151k is, sikkes \u00f6ssze\u00e1ll\u00edt\u00e1sokban j\u00f6nnek-mennek a rendezv\u00e9ny ter\u00fclet\u00e9n, illetve \u00e9rkeznek meg a kik\u00f6t\u0151be.<\/p>\n<p>      Ilyen st\u00edlusosak voltak a velencei filmfesztiv\u00e1lra meg\u00e9rkez\u0151 olasz sz\u00edn\u00e9szn\u0151k<\/p>\n<p data-alignment=\"left\" class=\"text-left\" data-block-key=\"dtnqk\">Az olasz sz\u00edn\u00e9szn\u0151k a v\u00f6r\u00f6s sz\u0151nyegen k\u00edv\u00fcl sem tett\u00e9k f\u00e9lre m\u00e9lt\u00e1n h\u00edres st\u00edlus\u00e9rz\u00e9k\u00fcket, legt\u00f6bbj\u00fck m\u00e1r az \u0151szi trendeket megvillant\u00f3, harmonikusan <a href=\"https:\/\/www.glamour.hu\/sztarok\/amal-clooney-csillogo-miniruha-velence\/yr73bgv\" target=\"_blank\" rel=\" noopener noreferrer nofollow\">\u00f6sszehangolt \u00f6lt\u00f6z\u00e9kben<\/a> jelent meg a velencei filmfesztiv\u00e1lon.<\/p>\n<p data-alignment=\"left\" class=\"text-left\" data-block-key=\"dtnqk\">Az m\u00e1r bebizonyosodott, hogy ezen az esem\u00e9nyen nem csup\u00e1n a <a href=\"https:\/\/femina.hu\/vilagsztar\/sydney-sweeney-pucerruha-velencei-filmfesztival-fotok\/\" rel=\"nofollow noopener\" target=\"_blank\">pazar vagy mer\u00e9sz est\u00e9lyi ruh\u00e1kat<\/a> \u00e9rdemes figyelni, sok h\u00edress\u00e9g m\u00e1r a kik\u00f6t\u0151be \u00e9rve felh\u00edvja mag\u00e1ra a figyelmet divatos megjelen\u00e9s\u00e9vel.<\/p>\n<p data-alignment=\"left\" class=\"text-left\" data-block-key=\"dtnqk\">Az olasz n\u0151k st\u00edlus\u00e1r\u00f3l szinte mindenkinek egy\u00f6ntet\u0171en a divat tisztelete \u00e9s szeretete ugrik be els\u0151re, vagy a min\u0151s\u00e9gi alapdarabok, a diz\u00e1jnerkre\u00e1ci\u00f3k, valamint a kifinomultan rendezett \u00f6sszk\u00e9pet felmutat\u00f3, m\u00e9gis j\u00e1t\u00e9kosan kombin\u00e1lt ruh\u00e1k \u00e9s kieg\u00e9sz\u00edt\u0151k jutnak esz\u00e9be.<\/p>\n<p data-alignment=\"left\" class=\"text-left\" data-block-key=\"dtnqk\">A sz\u00edn\u00e9szn\u0151k sem c\u00e1folt\u00e1k r\u00e1 erre az elk\u00e9pzel\u00e9sre, legt\u00f6bbj\u00fck azonban nem az olasz \u00f6lt\u00f6zk\u00f6d\u00e9si m\u00f3dokra jellemz\u0151 \u00e9l\u00e9nk sz\u00ednekkel \u00e9s mer\u00e9sz mint\u00e1kkal dobt\u00e1k fel szettj\u00fcket, hanem visszafogott, egyszer\u0171 szab\u00e1sok, valamint semleges, finom t\u00f3nusok mellett maradtak.<\/p>\n<p data-alignment=\"left\" class=\"text-left\" data-block-key=\"dtnqk\">M\u00e9gis<a href=\"https:\/\/femina.hu\/retikul\/palvin-barbara-leni-klum-velencei-filmfesztival\/\" rel=\"nofollow noopener\" target=\"_blank\"> vonzott\u00e1k a figyelmet st\u00edlusos megjelen\u00e9s\u00fckkel<\/a>, amellyel m\u00e1r az \u0151szi trendekhez is inspir\u00e1ci\u00f3t adtak. L\u00e1ssuk, melyik olasz sz\u00edn\u00e9szn\u0151 \u201emeg\u00e9rkez\u0151s\u201d szettje volt a legsikkesebb a velencei filmfesztiv\u00e1lon!<\/p>\n<p>    <a href=\"https:\/\/femina.hu\/galeria\/retikul\/az-olasz-szinesznok-szuper-stilusosan-erkeztek-velencebe-6-divatos-szett-a-filmfesztivalrol\/1\" data-parent-id=\"251873\" data-image-index=\"1\" class=\"!no-underline\" rel=\"nofollow noopener\" target=\"_blank\"><\/p>\n<p>              <img decoding=\"async\" alt=\"VENICE, ITALY - SEPTEMBER 03: Mersila Sokoli is seen at the Hotel Excelsior Venice Lido pier during the 83rd Venice International Film Festival on September 03, 2026 in Venice, Italy. (Photo by Aurore Marechal\/Getty Images)\" class=\"max-h-[600px] w-auto block mx-auto\" height=\"400\" loading=\"lazy\"  src=\"https:\/\/www.europesays.com\/hu\/wp-content\/uploads\/2026\/09\/olasz_szinesznok_velencei_filmfes_4wH4NBQ.format-jpeg.height-400.jpg\"  width=\"266\"\/><\/p>\n<p>  <img decoding=\"async\" src=\"https:\/\/femina.hu\/neon\/static\/images\/index\/gallery.svg\" alt=\"Gal\u00e9ria ikon\" class=\"h-[35px] w-[35px]\"\/><\/p>\n<p class=\"!text-sm !mb-0\">\n    6\n  <\/p>\n<p>\n        St\u00edlusos szetteket vonultattak fel az olasz sz\u00edn\u00e9szn\u0151k a velencei filmfesztiv\u00e1lon.\n      <\/p>\n<p>\n        Gal\u00e9ria: Az olasz sz\u00edn\u00e9szn\u0151k szuper st\u00edlusosan \u00e9rkeztek Velenc\u00e9be: 6 divatos szett a filmfesztiv\u00e1lr\u00f3l\n      <\/p>\n<p>    Fot\u00f3: Aurore Marechal \/ Getty Images<\/p>\n<p>    <\/a><\/p>\n<p>            <a href=\"https:\/\/femina.hu\/vilagsztar\/amal-clooney-velencei-filmfesztival-2025\/\" rel=\"nofollow noopener\" target=\"_blank\"><\/p>\n<p>              <img loading=\"lazy\" decoding=\"async\" alt=\"64155625_4744097_3b76af382402c461e3f4861d1fd38aeb_wm.jpg\" class=\"w-full object-cover aspect-square rounded-[24px]\" height=\"370\" loading=\"\" src=\"https:\/\/www.europesays.com\/hu\/wp-content\/uploads\/2026\/09\/64155625_4744097_3b76a.2e16d0ba.format-jpeg.fill-370x370.jpg\"  width=\"370\"\/><\/p>\n<p>            <\/a><\/p>\n<p>          Amal Clooney combvillant\u00f3s est\u00e9lyibe b\u00fajt: a velencei filmfesztiv\u00e1l legszebbje volt George Clooney oldal\u00e1n<\/p>\n<p class=\"!text-[18px] !leading-[28px] !mb-0\">\n          Amal Clooney George Clooney-t k\u00eds\u00e9rte el a 2025-\u00f6s velencei filmfesztiv\u00e1lra.\n        <\/p>\n<p>          <a href=\"https:\/\/femina.hu\/vilagsztar\/amal-clooney-velencei-filmfesztival-2025\/\" class=\"!no-underline !text-black flex justify-center items-center text-[20px] h-[62px] w-fit default-rounded-button content-center px-6 py-4 font-semibold after:content-[&#039;&#039;] after:inline-block after:h-[1em] after:w-[1.5em] after:ml-[1em] after:bg-[url(&#039;\/static\/images\/femina\/arrow_link_right.svg&#039;)] after:bg-no-repeat after:bg-center after:bg-[length:100%_auto]\" rel=\"nofollow noopener\" target=\"_blank\"><br \/>\n            Elolvasom<br \/>\n          <\/a><\/p>\n<p>&#13;<br \/>\n  &#13;\n<\/p>\n<p>`, adoceanServer:&#8221;indexhu.adocean.pl&#8221;, tags:&#8221;[\\u0022velencei filmfesztiv\\u005Cu00e1l\\u0022, \\u0022olasz st\\u005Cu00edlus\\u0022, \\u0022street style\\u0022, \\u0022st\\u005Cu00edlusos  szettek\\u0022, \\u0022szt\\u005Cu00e1rst\\u005Cu00edlus\\u0022, \\u0022st\\u005Cu00edlusinspir\\u005Cu00e1ci\\u005Cu00f3\\u0022, \\u0022n\\u005Cu0151ies megjelen\\u005Cu00e9s\\u0022, \\u0022sz\\u005Cu00edn\\u005Cu00e9szn\\u005Cu0151k\\u0022]&#8221;, identCodes:&#8221;{\\u0022fe33\\u0022: \\u00221\\u0022, \\u0022fe30\\u0022: \\u00221\\u0022}&#8221;})&#8221;<br \/>\n      :id=&#8221;zoneId&#8221; x-cloak<\/p>\n<p>      class=&#8221;ad-node &#8221; x-init=&#8221;load();&#8221;&gt;<\/p>\n<p>\n  hirdet\u00e9s\n<\/p>\n<p><a href=\"https:\/\/google.com\/preferences\/source?q=https%3A\/\/femina.hu\" rel=\"noopener nofollow\" referrerpolicy=\"no-referrer-when-downgrade\" class=\"!flex !items-center !gap-5 !py-2 !px-3 w-full !rounded-xl !font-bold cursor-pointer !no-underline relative !bg-white !text-[#202124] !border !border-[#858585] dark:!bg-[#323232] dark:!text-white dark:border-none my-4 \" target=\"_blank\"><br \/>\n  <img decoding=\"async\" src=\"https:\/\/femina.hu\/neon\/static\/images\/favicons\/google_favicon.svg\" alt=\"Google\" class=\"shrink-0 w-7 h-7\"\/><br \/>\n  \u00c1ll\u00edtsd be a Google keres\u0151j\u00e9t, hogy a tal\u00e1latok k\u00f6z\u00f6tt biztos ott legyen a Femina!<\/p>\n<p><\/a><\/p>\n","protected":false},"excerpt":{"rendered":"Szeptember 2-\u00e1n vette kezdet\u00e9t a 83. Velencei Nemzetk\u00f6zi Filmfesztiv\u00e1l, az\u00f3ta pedig val\u00f3s\u00e1ggal ellept\u00e9k a h\u00edress\u00e9gek Velence v\u00e1ros\u00e1t. Term\u00e9szetesen&hellip;\n","protected":false},"author":2,"featured_media":233888,"comment_status":"","ping_status":"","sticky":false,"template":"","format":"standard","meta":{"footnotes":"","_share_on_mastodon":"0"},"categories":[21],"tags":[198,137,199,44,42,40,43,41,61586,61584,36973,11957,61585,15132,138,11498,9652],"class_list":["post-233887","post","type-post","status-publish","format-standard","has-post-thumbnail","category-hiressegek","tag-celebrities","tag-entertainment","tag-hiressegek","tag-hu","tag-hungarian","tag-hungary","tag-magyar","tag-magyarorszag","tag-noies-megjelenes","tag-olasz-stilus","tag-stilusinspiracio","tag-stilusos-szettek","tag-street-style","tag-szinesznok","tag-szorakozas","tag-sztarstilus","tag-velencei-filmfesztival"],"share_on_mastodon":{"url":"https:\/\/pubeurope.com\/@hu\/117218366743615060","error":""},"_links":{"self":[{"href":"https:\/\/www.europesays.com\/hu\/wp-json\/wp\/v2\/posts\/233887","targetHints":{"allow":["GET"]}}],"collection":[{"href":"https:\/\/www.europesays.com\/hu\/wp-json\/wp\/v2\/posts"}],"about":[{"href":"https:\/\/www.europesays.com\/hu\/wp-json\/wp\/v2\/types\/post"}],"author":[{"embeddable":true,"href":"https:\/\/www.europesays.com\/hu\/wp-json\/wp\/v2\/users\/2"}],"replies":[{"embeddable":true,"href":"https:\/\/www.europesays.com\/hu\/wp-json\/wp\/v2\/comments?post=233887"}],"version-history":[{"count":0,"href":"https:\/\/www.europesays.com\/hu\/wp-json\/wp\/v2\/posts\/233887\/revisions"}],"wp:featuredmedia":[{"embeddable":true,"href":"https:\/\/www.europesays.com\/hu\/wp-json\/wp\/v2\/media\/233888"}],"wp:attachment":[{"href":"https:\/\/www.europesays.com\/hu\/wp-json\/wp\/v2\/media?parent=233887"}],"wp:term":[{"taxonomy":"category","embeddable":true,"href":"https:\/\/www.europesays.com\/hu\/wp-json\/wp\/v2\/categories?post=233887"},{"taxonomy":"post_tag","embeddable":true,"href":"https:\/\/www.europesays.com\/hu\/wp-json\/wp\/v2\/tags?post=233887"}],"curies":[{"name":"wp","href":"https:\/\/api.w.org\/{rel}","templated":true}]}}