{"id":233897,"date":"2026-09-05T12:22:09","date_gmt":"2026-09-05T12:22:09","guid":{"rendered":"https:\/\/www.europesays.com\/hu\/233897\/"},"modified":"2026-09-05T12:22:09","modified_gmt":"2026-09-05T12:22:09","slug":"itthon-a-pedagogusok-nem-politikai-kampanykellekek-reagalt-a-pdsz-retvari-bencenek","status":"publish","type":"post","link":"https:\/\/www.europesays.com\/hu\/233897\/","title":{"rendered":"Itthon: &#8222;A pedag\u00f3gusok nem politikai kamp\u00e1nykell\u00e9kek&#8221; \u2013 \u00a0reag\u00e1lt a PDSZ R\u00e9tv\u00e1ri Benc\u00e9nek"},"content":{"rendered":"<p>A Pedag\u00f3gusok Demokratikus Szakszervezete (PDSZ) nem engedi, hogy R\u00e9tv\u00e1ri Bence vagy b\u00e1rmely m\u00e1s politikus kisaj\u00e1t\u00edtsa a pedag\u00f3gusok k\u00e9pviselet\u00e9t \u2013 \u00edrta Nagy Erzs\u00e9bet, a PDSZ eln\u00f6ke a KDNP parlamenti frakci\u00f3vezet\u0151j\u00e9nek c\u00edmzett v\u00e1laszlevel\u00e9ben.<\/p>\n<p>R\u00e9tv\u00e1ri Bence ny\u00edlt lev\u00e9lben fordult a pedag\u00f3gus-szakszervezetek vezet\u0151ihez, \u00e9s arra k\u00e9rte \u0151ket, foglaljanak \u00e1ll\u00e1st Lannert Judit oktat\u00e1si miniszter tan\u00e1rokr\u00f3l tett kor\u00e1bbi kijelent\u00e9seivel kapcsolatban. Azt k\u00e9rdezte az \u00e9rdekk\u00e9pviseletek vezet\u0151it\u0151l, egyet\u00e9rtenek-e a miniszterrel vagy elhat\u00e1rol\u00f3dnak t\u0151le, elfogadhat\u00f3nak tartj\u00e1k-e a magyar pedag\u00f3gusokkal szembeni hangnemet, illetve el\u00edt\u00e9lik-e a kijelent\u00e9seit.<\/p>\n<p>Az \u00fcgy el\u0151zm\u00e9nye, hogy Lannert Judit oktat\u00e1si miniszter m\u00e9g 2023-ban &#8211; teh\u00e1t oktat\u00e1skutat\u00f3i min\u0151s\u00e9g\u00e9ben \u00e9s nem d\u00f6nt\u00e9shoz\u00f3k\u00e9nt! &#8211; <a href=\"https:\/\/reakcio.hu\/nem-onalloan-gondolkodo-emberek-lannert-judit-velemenye-a-tanarokrol-2023-ban\/\" target=\"_blank\" rel=\"nofollow noopener\">besz\u00e9lt a Klubr\u00e1di\u00f3ban<\/a> a magyar iskolarendszerr\u0151l. T\u00f6bbek k\u00f6z\u00f6tt azt mondta, hogy az\u00e9rt olyan alacsonyak a tan\u00e1ri b\u00e9rek, \u201emert nagyon sok tant\u00e1rgy van \u00e9s nagyon sok, kicsi iskola\u201d, \u00e9s \u00edgy ez egy pazarl\u00f3 rendszer.<\/p>\n<p> <a href=\"https:\/\/hvg.hu\/360\/20260905_kisiskolakat-bezarni-nem-kell-felnetek-jo-lesz\" target=\"_self\" rel=\"nofollow noopener\"> <\/p>\n<p>https:\/\/hvg.hu\/360\/20260905_kisiskolakat-bezarni-nem-kell-felnetek-jo-lesz<\/p>\n<p>Azt is mondta, hogy legjobb lenne az igazgat\u00f3kat \u00e9s a tanker\u00fcletek vezet\u0151it lev\u00e1ltani \u00e9s \u00fajra p\u00e1ly\u00e1ztatni, mert t\u00fal sok a politikai szempontb\u00f3l kinevezett, egy\u00e9bk\u00e9nt pedig alkalmatlan ember ezekben a poz\u00edci\u00f3kban. A harmadik kiragadott mondat pedig az, hogy \u201emost t\u00e9nyleg pedag\u00f3gusnak az megy, akinek ez a fajta oktat\u00e1s, ami most van, testhez\u00e1ll\u00f3, \u00e9s ezek val\u00f3ban nem az \u00f6n\u00e1ll\u00f3an gondolkod\u00f3, innovat\u00edv emberek\u201d. Az interj\u00faban itt arra utalt, hogy az oktat\u00e1si rendszer NER-es alap\u00e1ll\u00e1sa az volt, hogy nem b\u00edznak a tan\u00e1rokban, mindent megmondanak, el\u0151\u00edrnak nekik, \u00e9s \u00edgy egy v\u00e9grehajt\u00f3 szerepbe k\u00e9nyszer\u00edtett\u00e9k \u0151ket, ami nem kedvez a kreativit\u00e1snak. \u00a0<\/p>\n<p>R\u00e9tv\u00e1ri Bence (aki a most el\u0151h\u00fazott, h\u00e1rom \u00e9vvel ezel\u0151tti Lannert-interj\u00fa idej\u00e9n rendre <a href=\"https:\/\/hvg.hu\/elet\/20240113_Tanar_diak_tuntetes_Belugyminiszterium_Retvari_Bence\" target=\"_self\" rel=\"nofollow noopener\">politikailag motiv\u00e1lt <\/a>kisebbs\u00e9gnek titu\u00e1lta a jobb iskol\u00e1\u00e9rt ki\u00e1ll\u00f3 pedag\u00f3gusokat) a fenti mondatokra alapozva \u00fagy fogalmazott: \u201esoha senki nem s\u00e9rtette m\u00e9g \u00edgy meg a magyar pedag\u00f3gusokat\u201d, \u00fagyhogy azonnal mondjon le a miniszteri poz\u00edci\u00f3j\u00e1r\u00f3l Lannert Judit.<\/p>\n<p>Nagy Erzs\u00e9bet v\u00e1lasz\u00e1ban azt \u00edrta: a PDSZ nem egy miniszteri nyilatkozat miatt \u00e9s nem egy politikai kamp\u00e1ny kedv\u00e9\u00e9rt kezdte megv\u00e9deni a pedag\u00f3gusokat. Mint fogalmazott, akkor is ki\u00e1lltak \u00e9rt\u00fck, amikor R\u00e9tv\u00e1ri Bence korm\u00e1nyzati poz\u00edci\u00f3ban volt, \u00e9s akkor is ki fognak \u00e1llni mellett\u00fck, ha egy sz\u00e1mukra szimpatikusnak tartott vagy vel\u00fck egy\u00fcttm\u0171k\u00f6d\u0151 korm\u00e1nytag mond olyat, amit elfogadhatatlannak tartanak.<\/p>\n<p>&#8222;Nek\u00fcnk ugyanis nem miniszter\u00fcnk van. Nek\u00fcnk tagjaink vannak&#8221; \u2013 fogalmazott a PDSZ eln\u00f6ke, hozz\u00e1t\u00e9ve: az \u0151 \u00e9rdekeiket k\u00e9pviselik. Ha Lannert Judit val\u00f3ban olyan kijelent\u00e9seket tett, amelyek s\u00e9rtik vagy len\u00e9zik a pedag\u00f3gusokat, illetve szakmailag megalapozatlanul min\u0151s\u00edtik \u0151ket, azt nem hagyj\u00e1k sz\u00f3 n\u00e9lk\u00fcl.<\/p>\n<p>Nagy Erzs\u00e9bet ugyanakkor azt \u00edrta: nem fogadj\u00e1k el azt a m\u00f3dszert, hogy R\u00e9tv\u00e1ri Bence egy saj\u00e1t maga \u00e1ltal \u00f6ssze\u00e1ll\u00edtott list\u00e1t haszn\u00e1ljon fel arra, hogy a PDSZ-t politikai \u00e1ll\u00e1sfoglal\u00e1sra k\u00e9nyszer\u00edtse. Szerinte ez k\u00fcl\u00f6n\u00f6sen vissz\u00e1s att\u00f3l, aki hossz\u00fa \u00e9veken kereszt\u00fcl annak a korm\u00e1nynak volt meghat\u00e1roz\u00f3 szerepl\u0151je, amely alatt a pedag\u00f3gusoknak sztr\u00e1jkolniuk, t\u00fcntetni\u00fck \u00e9s polg\u00e1ri engedetlens\u00e9get kellett v\u00e1llalniuk az\u00e9rt, hogy meghallj\u00e1k \u0151ket.<\/p>\n<p>A PDSZ eln\u00f6ke szerint a pedag\u00f3gusok tisztelete egyebek mellett azt jelenti, hogy nem \u00fcres\u00edtik ki a sztr\u00e1jkjogukat, nem b\u00fcntetik azokat, akik \u00e9lnek a tiltakoz\u00e1s jog\u00e1val, nem n\u00f6velik folyamatosan a munkaterheiket, nem veszik el szakmai auton\u00f3mi\u00e1jukat, \u00e9s nem vezetnek be olyan foglalkoztat\u00e1si szab\u00e1lyokat, amelyek kiszolg\u00e1ltatottabb\u00e1 teszik \u0151ket. Az &#8222;\u00f6n\u00f6k korm\u00e1nyz\u00e1sa alatt ezek k\u00f6z\u00fcl t\u00f6bb is megt\u00f6rt\u00e9nt&#8221; \u2013 \u00edrta R\u00e9tv\u00e1ri Benc\u00e9nek.<\/p>\n<p>Nagy Erzs\u00e9bet R\u00e9tv\u00e1ri Bence &#8222;Ne m\u00e9rjenek kett\u0151s m\u00e9rc\u00e9vel!&#8221; felsz\u00f3l\u00edt\u00e1s\u00e1ra \u00fagy reag\u00e1lt: ebben teljesen egyet\u00e9rtenek. A PDSZ egyetlen miniszter eset\u00e9ben sem fogad el valamit az\u00e9rt, mert az \u00e1ltaluk kor\u00e1bban b\u00edr\u00e1lt korm\u00e1ny tagjaival szemben m\u00e1sk\u00e9nt kellene viselkedni\u00fck. Ugyanezt v\u00e1rj\u00e1k el R\u00e9tv\u00e1ri Benc\u00e9\u00e9kt\u0151l is.<\/p>\n<p>&#8222;A pedag\u00f3gusok nem politikai kamp\u00e1nykell\u00e9kek&#8221; \u2013 hangs\u00falyozta. Hozz\u00e1tette: nem lehet \u0151ket egyik korm\u00e1ny alatt megal\u00e1zni, majd a k\u00f6vetkez\u0151 alatt politikai pajzsk\u00e9nt haszn\u00e1lni.<\/p>\n<p>\u00a0A PDSZ nem teszi mag\u00e1t egyik korm\u00e1nyzat kommunik\u00e1ci\u00f3s sz\u00f3cs\u00f6v\u00e9v\u00e9 sem \u2013 \u00edrta Nagy Erzs\u00e9bet. K\u00f6z\u00f6lte: ha Lannert Judit hib\u00e1zik, kritiz\u00e1lni fogj\u00e1k, ha a korm\u00e1ny olyan d\u00f6nt\u00e9st hoz, amely s\u00e9rti a pedag\u00f3gusok \u00e9rdekeit, tiltakozni fognak, ha pedig olyan int\u00e9zked\u00e9st hoz, amely jav\u00edtja a helyzet\u00fcket, azt elismerik.<\/p>\n<p>\u00a0A PDSZ eln\u00f6ke szerint pontosan ezt jelenti a f\u00fcggetlen szakszervezeti \u00e9rdekk\u00e9pviselet: nem azt, hogy minden\u00e1ron v\u00e9dik a korm\u00e1nyt, de azt sem, hogy minden\u00e1ron t\u00e1madj\u00e1k.<\/p>\n<p>R\u00e9tv\u00e1ri Bence &#8222;Ilyen oktat\u00e1si miniszterr\u0151l \u00e1lmodtak?&#8221; k\u00e9rd\u00e9s\u00e9re Nagy Erzs\u00e9bet azt \u00edrta: a PDSZ nem miniszterekr\u0151l \u00e1lmodik, hanem olyan oktat\u00e1si rendszerr\u0151l, amelyben a pedag\u00f3gusok szakmai tud\u00e1s\u00e1t, tapasztalat\u00e1t \u00e9s \u00f6n\u00e1ll\u00f3s\u00e1g\u00e1t nem k\u00e9rd\u0151jelezik meg, \u00e9s amelyben az oktat\u00e1spolitikai d\u00f6nt\u00e9sek az \u00e9rintettek \u00e9rdemi bevon\u00e1s\u00e1val sz\u00fcletnek.<\/p>\n<p>\u00a0Hangs\u00falyozta: Lannert Juditot sem k\u00edm\u00e9lik meg a kritik\u00e1t\u00f3l, ha a pedag\u00f3gusokat s\u00e9rt\u0151 kijelent\u00e9seket tesz, vagy olyan oktat\u00e1spolitikai d\u00f6nt\u00e9seket k\u00e9pvisel, amelyekkel nem \u00e9rtenek egyet. R\u00e9tv\u00e1ri Benc\u00e9t\u0151l ugyanakkor nem fogadj\u00e1k el, hogy \u2013 megfogalmaz\u00e1sa szerint \u2013 a pedag\u00f3gusok ir\u00e1nti aggodalom m\u00f6g\u00e9 b\u00fajva politikai kamp\u00e1nyt folytasson.<\/p>\n<p>\u00a0&#8222;A PDSZ nem fog \u00d6n\u00f6k helyett politikai ellenz\u00e9ket j\u00e1tszani, ahogyan a korm\u00e1ny helyett sem fog korm\u00e1nyp\u00e1rti szerepet v\u00e1llalni&#8221; \u2013 fogalmazott Nagy Erzs\u00e9bet.<\/p>\n<p>\u00a0A PDSZ eln\u00f6ke lesz\u00f6gezte: tov\u00e1bbra is mindenkit\u0151l ugyanazt v\u00e1rj\u00e1k el, tisztelj\u00e9k \u00e9s hallgass\u00e1k meg a pedag\u00f3gusokat, \u00e9s ne haszn\u00e1lj\u00e1k fel \u0151ket politikai c\u00e9lokra.<\/p>\n<p>Nyit\u00f3k\u00e9p: Facebook<\/p>\n","protected":false},"excerpt":{"rendered":"A Pedag\u00f3gusok Demokratikus Szakszervezete (PDSZ) nem engedi, hogy R\u00e9tv\u00e1ri Bence vagy b\u00e1rmely m\u00e1s politikus kisaj\u00e1t\u00edtsa a pedag\u00f3gusok k\u00e9pviselet\u00e9t&hellip;\n","protected":false},"author":2,"featured_media":233898,"comment_status":"","ping_status":"","sticky":false,"template":"","format":"standard","meta":{"footnotes":"","_share_on_mastodon":"0"},"categories":[33],"tags":[91,38,35,37,44,42,40,27465,43,41,61589,34,3479,61588,5892,36,39],"class_list":["post-233897","post","type-post","status-publish","format-standard","has-post-thumbnail","category-hirek","tag-belpolitika","tag-focimek","tag-headlines","tag-hirek","tag-hu","tag-hungarian","tag-hungary","tag-lannert-judit","tag-magyar","tag-magyarorszag","tag-nagy-erzsebet","tag-news","tag-oktatas","tag-pdsz","tag-retvari-bence","tag-top-stories","tag-vezeto-hirek"],"share_on_mastodon":{"url":"https:\/\/pubeurope.com\/@hu\/117218413484352501","error":""},"_links":{"self":[{"href":"https:\/\/www.europesays.com\/hu\/wp-json\/wp\/v2\/posts\/233897","targetHints":{"allow":["GET"]}}],"collection":[{"href":"https:\/\/www.europesays.com\/hu\/wp-json\/wp\/v2\/posts"}],"about":[{"href":"https:\/\/www.europesays.com\/hu\/wp-json\/wp\/v2\/types\/post"}],"author":[{"embeddable":true,"href":"https:\/\/www.europesays.com\/hu\/wp-json\/wp\/v2\/users\/2"}],"replies":[{"embeddable":true,"href":"https:\/\/www.europesays.com\/hu\/wp-json\/wp\/v2\/comments?post=233897"}],"version-history":[{"count":0,"href":"https:\/\/www.europesays.com\/hu\/wp-json\/wp\/v2\/posts\/233897\/revisions"}],"wp:featuredmedia":[{"embeddable":true,"href":"https:\/\/www.europesays.com\/hu\/wp-json\/wp\/v2\/media\/233898"}],"wp:attachment":[{"href":"https:\/\/www.europesays.com\/hu\/wp-json\/wp\/v2\/media?parent=233897"}],"wp:term":[{"taxonomy":"category","embeddable":true,"href":"https:\/\/www.europesays.com\/hu\/wp-json\/wp\/v2\/categories?post=233897"},{"taxonomy":"post_tag","embeddable":true,"href":"https:\/\/www.europesays.com\/hu\/wp-json\/wp\/v2\/tags?post=233897"}],"curies":[{"name":"wp","href":"https:\/\/api.w.org\/{rel}","templated":true}]}}