{"id":233908,"date":"2026-09-05T12:35:21","date_gmt":"2026-09-05T12:35:21","guid":{"rendered":"https:\/\/www.europesays.com\/hu\/233908\/"},"modified":"2026-09-05T12:35:21","modified_gmt":"2026-09-05T12:35:21","slug":"gazdasag-wizz-air-eloszor-a-kapacitasok-csokkentese-varhato-aztan-a-viteldijak-emelese","status":"publish","type":"post","link":"https:\/\/www.europesays.com\/hu\/233908\/","title":{"rendered":"Gazdas\u00e1g: Wizz Air: El\u0151sz\u00f6r a kapacit\u00e1sok cs\u00f6kkent\u00e9se v\u00e1rhat\u00f3, azt\u00e1n a viteld\u00edjak emel\u00e9se"},"content":{"rendered":"<p>M\u00e9g korai lenne sz\u00e1mszer\u0171s\u00edteni a magas \u00fczemanyag\u00e1rak okozta 2027-es viteld\u00edjakra gyakorolt lehets\u00e9ges hat\u00e1s\u00e1t \u2013 k\u00f6z\u00f6lte a Wizz Air a <a href=\"https:\/\/24.hu\/fn\/gazdasag\/2026\/09\/05\/wizz-air-legiforgalom-olajar-kapacitascsokkentes-dragabb-repulojegyek\/\" target=\"_blank\" rel=\"nofollow noopener\">24.hu<\/a> \u00e9rdekl\u0151d\u00e9s\u00e9re. A l\u00e9git\u00e1rsas\u00e1g hozz\u00e1tette, hogy el\u0151sz\u00f6r a kapacit\u00e1sok cs\u00f6kkent\u00e9se v\u00e1rhat\u00f3, ezt k\u00f6vethetik a kereslet \u00e9s k\u00edn\u00e1lat alakul\u00e1sa \u00e1ltal meghat\u00e1rozott \u00e1raz\u00e1si l\u00e9p\u00e9sek. A c\u00e9g nem c\u00e1folta, hogy val\u00f3s lehet\u0151s\u00e9g a rep\u00fcl\u0151jegyek dr\u00e1gul\u00e1sa: \u201ea tart\u00f3san magas k\u00f6lts\u00e9gek id\u0151vel elker\u00fclhetetlen\u00fcl megjelennek a viteld\u00edjakban is\u201d \u2013 \u00edrt\u00e1k.<\/p>\n<p>J\u00f6v\u0151re ugyanis drasztikusan megugorhatnak az eur\u00f3pai rep\u00fcl\u0151jegy\u00e1rak, ha az olaj\u00e1r magas marad, egyes l\u00e9git\u00e1rsas\u00e1gok pedig cs\u0151dbe is mehetnek.<\/p>\n<p>A rep\u00fcl\u0151g\u00e9p-\u00fczemanyag \u00e1ra jelenleg hord\u00f3nk\u00e9nt 140 doll\u00e1r k\u00f6r\u00fcl mozog, ami a vesztes\u00e9ges ut\u00f3szezon \u00e9s a t\u00e9li olaj\u00e1r miatt egyre nehezebben kigazd\u00e1lkodhat\u00f3v\u00e1 teszi az \u00fczletet.<\/p>\n<p> <a href=\"https:\/\/hvg.hu\/gazdasag\/20260902_ryanair-fapados-jegyar\" target=\"_self\" rel=\"nofollow noopener\"> <\/p>\n<p>https:\/\/hvg.hu\/gazdasag\/20260902_ryanair-fapados-jegyar<\/p>\n<p>A lap arr\u00f3l is k\u00e9rdezte a t\u00e1rsas\u00e1got, hogy egyet\u00e9rtenek-e a Ryanair azon \u00e9rt\u00e9kel\u00e9s\u00e9vel, hogy a tart\u00f3san magas olaj\u00e1rak komoly p\u00e9nz\u00fcgyi neh\u00e9zs\u00e9geket okozhatnak a kev\u00e9sb\u00e9 j\u00f3l fedezett l\u00e9git\u00e1rsas\u00e1goknak, ami kapacit\u00e1scs\u00f6kkent\u00e9shez vagy ak\u00e1r egyes szerepl\u0151k piacr\u00f3l val\u00f3 kivonul\u00e1s\u00e1hoz is vezethet. \u201eA magas \u00fczemanyag\u00e1rak tart\u00f3s fennmarad\u00e1sa egy\u00e9rtelm\u0171en tov\u00e1bbi nyom\u00e1st gyakorol majd a gyeng\u00e9bb m\u00e9rleggel, magasabb fajlagos k\u00f6lts\u00e9gekkel vagy korl\u00e1tozott fedezeti v\u00e9delemmel rendelkez\u0151 l\u00e9git\u00e1rsas\u00e1gokra. Egyes \u00fczemeltet\u0151k eset\u00e9ben ez el\u0151sz\u00f6r kapacit\u00e1scs\u00f6kkent\u00e9sben, h\u00e1l\u00f3zati v\u00e1ltoztat\u00e1sokban vagy piaci jelenl\u00e9t\u00fck fel\u00fclvizsg\u00e1lat\u00e1ban jelentkezhet\u201d \u2013 \u00edrt\u00e1k.<\/p>\n<p>Nyit\u00f3k\u00e9p: Veres Viktor<\/p>\n","protected":false},"excerpt":{"rendered":"M\u00e9g korai lenne sz\u00e1mszer\u0171s\u00edteni a magas \u00fczemanyag\u00e1rak okozta 2027-es viteld\u00edjakra gyakorolt lehets\u00e9ges hat\u00e1s\u00e1t \u2013 k\u00f6z\u00f6lte a Wizz Air&hellip;\n","protected":false},"author":2,"featured_media":233909,"comment_status":"","ping_status":"","sticky":false,"template":"","format":"standard","meta":{"footnotes":"","_share_on_mastodon":"0"},"categories":[8],"tags":[4305,63,42,3165,43,34,6786,94,2435,93,92],"class_list":["post-233908","post","type-post","status-publish","format-standard","has-post-thumbnail","category-vilag","tag-dragulas","tag-gazdasag","tag-hungarian","tag-legikozlekedes","tag-magyar","tag-news","tag-olajar","tag-vilag","tag-wizz-air","tag-world","tag-world-news"],"share_on_mastodon":{"url":"https:\/\/pubeurope.com\/@hu\/117218464525849128","error":""},"_links":{"self":[{"href":"https:\/\/www.europesays.com\/hu\/wp-json\/wp\/v2\/posts\/233908","targetHints":{"allow":["GET"]}}],"collection":[{"href":"https:\/\/www.europesays.com\/hu\/wp-json\/wp\/v2\/posts"}],"about":[{"href":"https:\/\/www.europesays.com\/hu\/wp-json\/wp\/v2\/types\/post"}],"author":[{"embeddable":true,"href":"https:\/\/www.europesays.com\/hu\/wp-json\/wp\/v2\/users\/2"}],"replies":[{"embeddable":true,"href":"https:\/\/www.europesays.com\/hu\/wp-json\/wp\/v2\/comments?post=233908"}],"version-history":[{"count":0,"href":"https:\/\/www.europesays.com\/hu\/wp-json\/wp\/v2\/posts\/233908\/revisions"}],"wp:featuredmedia":[{"embeddable":true,"href":"https:\/\/www.europesays.com\/hu\/wp-json\/wp\/v2\/media\/233909"}],"wp:attachment":[{"href":"https:\/\/www.europesays.com\/hu\/wp-json\/wp\/v2\/media?parent=233908"}],"wp:term":[{"taxonomy":"category","embeddable":true,"href":"https:\/\/www.europesays.com\/hu\/wp-json\/wp\/v2\/categories?post=233908"},{"taxonomy":"post_tag","embeddable":true,"href":"https:\/\/www.europesays.com\/hu\/wp-json\/wp\/v2\/tags?post=233908"}],"curies":[{"name":"wp","href":"https:\/\/api.w.org\/{rel}","templated":true}]}}