{"id":233945,"date":"2026-09-05T13:34:10","date_gmt":"2026-09-05T13:34:10","guid":{"rendered":"https:\/\/www.europesays.com\/hu\/233945\/"},"modified":"2026-09-05T13:34:10","modified_gmt":"2026-09-05T13:34:10","slug":"miert-retteg-egesz-nemetorszag-egy-kis-keleti-tartomanyi-valasztastol","status":"publish","type":"post","link":"https:\/\/www.europesays.com\/hu\/233945\/","title":{"rendered":"Mi\u00e9rt retteg eg\u00e9sz N\u00e9metorsz\u00e1g egy kis keleti tartom\u00e1nyi v\u00e1laszt\u00e1st\u00f3l?"},"content":{"rendered":"<p class=\"\">\n    Egy ideje nem lehet m\u00e1r sokkolni a nemzetk\u00f6zi k\u00f6zv\u00e9lem\u00e9nyt a sz\u00e9ls\u0151jobb el\u0151ret\u00f6r\u00e9s\u00e9vel. Az elm\u00falt \u00e9vek folyamatosan err\u0151l sz\u00f3ltak Eur\u00f3p\u00e1ban: hol egy tartom\u00e1nyi v\u00e1laszt\u00e1st nyertek meg, hol koal\u00edci\u00f3s korm\u00e1nyban jutottak hatalomra, hol nemzeti v\u00e1laszt\u00e1son adt\u00e1k a leger\u0151sebb p\u00e1rtot, de v\u00e9g\u00fcl kimaradtak a koal\u00edci\u00f3b\u00f3l. Ha nem is nyernek, az ideol\u00f3gi\u00e1juk besziv\u00e1rog a mainstreambe: bev\u00e1ndorl\u00e1si politik\u00e1jukat D\u00e1ni\u00e1t\u00f3l Nagy-Britanni\u00e1ig m\u00e9rs\u00e9kelt p\u00e1rtok vett\u00e9k \u00e1t, Friedrich Merz n\u00e9met kancell\u00e1r pedig tavaly janu\u00e1rban m\u00e9g ellenz\u00e9kb\u0151l AfD-szavazatokkal fogadtatott el egy migr\u00e1ci\u00f3s ind\u00edtv\u00e1nyt a Bundestagban. Mi\u00e9rt l\u00e9nyeges akkor egy alig k\u00e9tmilli\u00f3s keletn\u00e9met tartom\u00e1ny esete?\n  <\/p>\n<p>    <a href=\"https:\/\/www.europesays.com\/hu\/wp-content\/uploads\/2026\/09\/8O3plwblf6m11IXmVs.jpeg\" class=\"uwwrama _1chu0ywg _8b6bx65\" rel=\"nofollow\"><\/p>\n<p>  <img decoding=\"async\" loading=\"lazy\" src=\"https:\/\/www.europesays.com\/hu\/wp-content\/uploads\/2026\/09\/8O3plwblf6m11IXmVs.jpeg\"   class=\"_672m2jd _1chu0ywo ta3a4c1ey ta3a4c1aa he2knv4 ta3a4c1ey ta3a4czs\" style=\"--_672m2j6:1.66;--_672m2j5:2560px 1542px\" alt=\"\"\/><\/p>\n<p>      <\/a><\/p>\n<p>\n              Ulrich Siegmund (AfD)\n            <\/p>\n<p>\n              Fot\u00f3:<br \/>\n                JAN WOITAS\/dpa Picture-Alliance via AFP\n            <\/p>\n<p>    Vas\u00e1rnapi v\u00e1laszt\u00e1s: a rossz \u00e9s a kisebbik rossz <\/p>\n<p class=\"\">\n    Szeptemberben h\u00e1rom tartom\u00e1nyi v\u00e1laszt\u00e1st rendeznek N\u00e9metorsz\u00e1gban: most vas\u00e1rnap Sz\u00e1sz-Anhaltban, k\u00e9t h\u00e9ttel k\u00e9s\u0151bb Mecklenburg-El\u0151-Pomer\u00e1ni\u00e1ban, illetve Berlinben. Mindh\u00e1rmon bor\u00edt\u00e9kolhat\u00f3 a sz\u00e9ls\u0151jobboldali AfD el\u0151ret\u00f6r\u00e9se, s\u0151t, az els\u0151 k\u00e9t tartom\u00e1nyban v\u00e1rhat\u00f3an nyerni fognak, de vannak es\u00e9lyeik a hagyom\u00e1nyosan balos berlini v\u00e1laszt\u00e1son is. Ha \u00fagy vessz\u00fck, ez m\u00e1r nem lehet sokkszer\u0171, hiszen k\u00e9t \u00e9vvel ezel\u0151tt, Th\u00fcringi\u00e1ban megt\u00f6rt\u00e9nt, ami kor\u00e1bban elk\u00e9pzelhetetlennek t\u0171nt, az AfD lett a keletn\u00e9met tartom\u00e1ny legn\u00e9pszer\u0171bb p\u00e1rtja. Korm\u00e1nyra viszont nem ker\u00fclt, mert m\u0171k\u00f6d\u00f6tt a t\u0171zfal, a t\u00f6bbi p\u00e1rt nem volt hajland\u00f3 koal\u00edci\u00f3ra l\u00e9pni vele.\n  <\/p>\n<p class=\"\">\n    R\u00e1ad\u00e1sul most is keletn\u00e9met tartom\u00e1nyokra korl\u00e1toz\u00f3dik a v\u00e1laszt\u00e1s, ahol m\u00e1r r\u00e9g\u00f3ta er\u0151s az AfD, hol itt az \u00fajdons\u00e1g?\n  <\/p>\n<p class=\"\">\n    Az egyik v\u00e1lasz erre a k\u00e9rd\u00e9sre az, hogy a sz\u00e1sz-anhalti v\u00e1laszt\u00e1s t\u00f6rt\u00e9nelmi lehet, amennyiben re\u00e1lis es\u00e9lye van az AfD-nek arra, hogy egyed\u00fcl is abszol\u00fat t\u00f6bbs\u00e9get szerezzen, \u00e9s ne lehessen megker\u00fclni semmilyen nagykoal\u00edci\u00f3val. A k\u00f6zv\u00e9lem\u00e9ny-kutat\u00e1sok szerint a p\u00e1rt 41-43 sz\u00e1zal\u00e9k k\u00f6z\u00f6tti eredm\u00e9nyt \u00e9rhet el, messze megel\u0151zve a 22-23 sz\u00e1zal\u00e9kos CDU-t, illetve a baloldalt (Die Linke), amely 11-12 sz\u00e1zal\u00e9kra sz\u00e1m\u00edthat. Ez abban az esetben lehet el\u00e9g az AfD abszol\u00fat t\u00f6bbs\u00e9g\u00e9hez, ha csak ez a h\u00e1rom p\u00e1rt \u00e9ri el a parlamentbe jut\u00e1shoz sz\u00fcks\u00e9ges 5 sz\u00e1zal\u00e9kos k\u00fcsz\u00f6b\u00f6t. Igaz, a legt\u00f6bb m\u00e9r\u00e9s most azt val\u00f3sz\u00edn\u0171s\u00edti, hogy az SPD \u00e9s a Z\u00f6ldek is bejutnak, de az elm\u00falt \u00e9vekben el\u00e9g sokszor t\u00e9vedtek a k\u00f6zv\u00e9lem\u00e9ny-kutat\u00f3k ahhoz, hogy ne vegy\u00fck k\u00e9szp\u00e9nznek a Frankfurter Allgemeine Zeitung es\u00e9lylatolgat\u00e1s\u00e1t, amely szerint csak 7 sz\u00e1zal\u00e9k a val\u00f3sz\u00edn\u0171s\u00e9ge az AfD abszol\u00fat t\u00f6bbs\u00e9g\u00e9nek. (A sz\u00e9ls\u0151jobbnak a baloldali populista BSW bejut\u00e1sa is seg\u00edthet, amely egy\u00fcttm\u0171k\u00f6dne vele, de \u0151ket most nem m\u00e9rik a k\u00fcsz\u00f6b f\u00f6l\u00e9.)\n  <\/p>\n<p class=\"\">\n    A CDU sz\u00e1m\u00e1ra azonban a probl\u00e9m\u00e1k nem \u00e9rnek v\u00e9get azzal, ha esetleg nem tud egyed\u00fcl korm\u00e1nyt alak\u00edtani a sz\u00e9ls\u0151jobb, hiszen a m\u00e1sik lehet\u0151s\u00e9g \u2013 kisebbs\u00e9gi korm\u00e1nyz\u00e1s a szocdemekkel \u00e9s a Z\u00f6ldekkel \u2013 is sz\u00e1mos buktat\u00f3t rejt mag\u00e1ban. Legink\u00e1bb az\u00e9rt, mert ebben az esetben a koal\u00edci\u00f3 r\u00e1k\u00e9nyszer\u00fclne a Linke k\u00fcls\u0151 t\u00e1mogat\u00e1s\u00e1ra, mik\u00f6zben a CDU p\u00e1rthat\u00e1rozata, de a tags\u00e1g t\u00f6bbs\u00e9ge is elutas\u00edtja az egy\u00fcttm\u0171k\u00f6d\u00e9st a radik\u00e1lis baloldallal. \u00c9s b\u00e1r Th\u00fcringi\u00e1ban jelenleg is m\u0171k\u00f6dik a kisebbs\u00e9gi korm\u00e1nyz\u00e1s a Linke k\u00fcls\u0151 t\u00e1mogat\u00e1s\u00e1val, a korm\u00e1nyz\u00e1s ott sem probl\u00e9mamentes. Tov\u00e1bb\u00e1 az AfD frakci\u00f3ja Sz\u00e1sz-Anhaltban v\u00e1rhat\u00f3an nagyobb lesz, mint Th\u00fcringi\u00e1ban, ami eleve sz\u0171kebb keretek k\u00f6z\u00e9 szor\u00edtja a t\u0171zfal-koal\u00edci\u00f3 matematikai mozg\u00e1ster\u00e9t. M\u00e9g nagyobb probl\u00e9ma a CDU vezet\u00e9se sz\u00e1m\u00e1ra, hogy a sz\u00e1sz-anhalti p\u00e1rtszervezet t\u00f6bb politikusa <a href=\"https:\/\/www.politico.eu\/article\/some-saxony-anhalt-conservatives-rule-out-governing-with-far-left-support\/\" target=\"_blank\" rel=\"nofollow noopener\">eleve kiz\u00e1rja<\/a> az egy\u00fcttm\u0171k\u00f6d\u00e9st a baloldallal. Ez a bels\u0151 ellen\u00e1ll\u00e1s komoly dilemm\u00e1t teremt a sz\u00f6vets\u00e9gi p\u00e1rteln\u00f6k, Friedrich Merz sz\u00e1m\u00e1ra, mivel a CDU-nak gyakorlatilag v\u00e1lasztania kellene a baloldali t\u00e1mogat\u00e1ssal m\u0171k\u00f6d\u0151 kisebbs\u00e9gi korm\u00e1nyz\u00e1s vagy a sz\u00e9ls\u0151jobboldallal val\u00f3 egy\u00fcttm\u0171k\u00f6d\u00e9s k\u00f6z\u00f6tt, \u00e9s csak az lehet a k\u00e9rd\u00e9s, melyik a kisebbik rossz. (Vagy ahogy a Politico <a href=\"https:\/\/www.politico.eu\/article\/friedrich-merz-afd-cdu-germany-regional-election\/\" target=\"_blank\" rel=\"nofollow noopener\">fogalmaz<\/a>: Merz mindenk\u00e9ppen vesz\u00edteni fog vas\u00e1rnap.)\n  <\/p>\n<p>    <a href=\"https:\/\/www.europesays.com\/hu\/wp-content\/uploads\/2026\/09\/8O3ptjKKGeKO1Wq10ms.jpeg\" class=\"uwwrama _1chu0ywg _8b6bx65\" rel=\"nofollow\"><\/p>\n<p>  <img decoding=\"async\" loading=\"lazy\" src=\"https:\/\/www.europesays.com\/hu\/wp-content\/uploads\/2026\/09\/8O3ptjKKGeKO1Wq10ms.jpeg\"   class=\"_672m2jd _1chu0ywo ta3a4c1ey ta3a4c1aa he2knv4 ta3a4c1ey ta3a4czs\" style=\"--_672m2j6:1.51;--_672m2j5:2560px 1694px\" alt=\"\"\/><\/p>\n<p>      <\/a><\/p>\n<p>\n              Merz \u00e9s Sven Schulze sz\u00e1sz-anhalti minisztereln\u00f6k kamp\u00e1nyol\n            <\/p>\n<p>\n              Fot\u00f3:<br \/>\n                JENS SCHLUETER\/AFP\n            <\/p>\n<p>    A nemzetk\u00f6zi helyzet is fokoz\u00f3dik<\/p>\n<p class=\"\">\n    Egy m\u00e1sik ok, ami\u00e9rt m\u00e1s ez a helyzet, mint k\u00e9t \u00e9ve, az AfD th\u00fcringiai sikere idej\u00e9n, a nemzetk\u00f6zi helyzet v\u00e1ltoz\u00e1sa. A Merz-korm\u00e1ny \u00e9pp <a href=\"https:\/\/444.hu\/2026\/09\/01\/nemetorszag-szerint-oroszorszag-allt-a-lipcsei-repteri-drontamadas-mogott\" target=\"_blank\" rel=\"nofollow noopener\">a h\u00e9ten jelentette be<\/a>, hogy Oroszorsz\u00e1got tartja felel\u0151snek a lipcse-hallei rep\u00fcl\u0151t\u00e9ren t\u00f6rt\u00e9nt augusztusi dr\u00f3nt\u00e1mad\u00e1s\u00e9rt, v\u00e1laszul elrendelt\u00e9k a bonni orosz f\u0151konzul\u00e1tus bez\u00e1r\u00e1s\u00e1t, \u00e9s felmondt\u00e1k a r\u00e9g\u00f3ta k\u00e9mtev\u00e9kenys\u00e9ggel v\u00e1dolt berlini Orosz H\u00e1z szerz\u0151d\u00e9s\u00e9t is. A N\u00e9met Sz\u00f6vets\u00e9gi K\u00f6zt\u00e1rsas\u00e1g \u00e9s a Kreml k\u00f6z\u00f6tt a hidegh\u00e1bor\u00fas id\u0151k \u00f3ta nem volt ilyen fesz\u00fclt a viszony, a n\u00e9met korm\u00e1ny ny\u00edltan \u201ehibrid h\u00e1bor\u00far\u00f3l\u201d besz\u00e9l, ennek pedig belpolitikai k\u00f6vetkezm\u00e9nyei is lehetnek.\n  <\/p>\n<p>            Csatlakozz a K\u00f6rh\u00f6z, \u00e9s olvass tov\u00e1bb!<\/p>\n<p class=\"_1dy6oyq4l _1dy6oyq3q\">\n<p>            Ezt a cikket teljes terjedelm\u00e9ben csak el\u0151fizet\u0151ink olvashatj\u00e1k el. L\u00e9gy r\u00e9sze a k\u00f6z\u00f6ss\u00e9g\u00fcnknek, seg\u00edtsd a 444 m\u0171k\u00f6d\u00e9s\u00e9t!<\/p>\n<p>        Megn\u00e9zem a csomagokat<\/p>\n<p>          M\u00e1r el\u0151fizet\u0151nk vagy?<br \/>\n            Jelentkezz be!<\/p>\n","protected":false},"excerpt":{"rendered":"Egy ideje nem lehet m\u00e1r sokkolni a nemzetk\u00f6zi k\u00f6zv\u00e9lem\u00e9nyt a sz\u00e9ls\u0151jobb el\u0151ret\u00f6r\u00e9s\u00e9vel. Az elm\u00falt \u00e9vek folyamatosan err\u0151l sz\u00f3ltak&hellip;\n","protected":false},"author":2,"featured_media":233946,"comment_status":"","ping_status":"","sticky":false,"template":"","format":"standard","meta":{"footnotes":"","_share_on_mastodon":"0"},"categories":[33],"tags":[321,3848,13313,6166,38,1401,35,37,44,42,40,64,56695,43,41,61597,271,34,102,58000,36,61596,39],"class_list":["post-233945","post","type-post","status-publish","format-standard","has-post-thumbnail","category-hirek","tag-afd","tag-berlin","tag-bundestag","tag-cdu","tag-focimek","tag-friedrich-merz","tag-headlines","tag-hirek","tag-hu","tag-hungarian","tag-hungary","tag-kulfold","tag-lipcse-halle","tag-magyar","tag-magyarorszag","tag-mecklenburg-elo-pomerania","tag-nemetorszag","tag-news","tag-oroszorszag","tag-szasz-anhalt","tag-top-stories","tag-ulrich-siegmund","tag-vezeto-hirek"],"share_on_mastodon":{"url":"https:\/\/pubeurope.com\/@hu\/117218696810231672","error":""},"_links":{"self":[{"href":"https:\/\/www.europesays.com\/hu\/wp-json\/wp\/v2\/posts\/233945","targetHints":{"allow":["GET"]}}],"collection":[{"href":"https:\/\/www.europesays.com\/hu\/wp-json\/wp\/v2\/posts"}],"about":[{"href":"https:\/\/www.europesays.com\/hu\/wp-json\/wp\/v2\/types\/post"}],"author":[{"embeddable":true,"href":"https:\/\/www.europesays.com\/hu\/wp-json\/wp\/v2\/users\/2"}],"replies":[{"embeddable":true,"href":"https:\/\/www.europesays.com\/hu\/wp-json\/wp\/v2\/comments?post=233945"}],"version-history":[{"count":0,"href":"https:\/\/www.europesays.com\/hu\/wp-json\/wp\/v2\/posts\/233945\/revisions"}],"wp:featuredmedia":[{"embeddable":true,"href":"https:\/\/www.europesays.com\/hu\/wp-json\/wp\/v2\/media\/233946"}],"wp:attachment":[{"href":"https:\/\/www.europesays.com\/hu\/wp-json\/wp\/v2\/media?parent=233945"}],"wp:term":[{"taxonomy":"category","embeddable":true,"href":"https:\/\/www.europesays.com\/hu\/wp-json\/wp\/v2\/categories?post=233945"},{"taxonomy":"post_tag","embeddable":true,"href":"https:\/\/www.europesays.com\/hu\/wp-json\/wp\/v2\/tags?post=233945"}],"curies":[{"name":"wp","href":"https:\/\/api.w.org\/{rel}","templated":true}]}}