{"id":233949,"date":"2026-09-05T13:42:08","date_gmt":"2026-09-05T13:42:08","guid":{"rendered":"https:\/\/www.europesays.com\/hu\/233949\/"},"modified":"2026-09-05T13:42:08","modified_gmt":"2026-09-05T13:42:08","slug":"orban-5-milliardos-fizetest-bukott-el-most-kiderult-miert","status":"publish","type":"post","link":"https:\/\/www.europesays.com\/hu\/233949\/","title":{"rendered":"Orb\u00e1n 5 milli\u00e1rdos fizet\u00e9st bukott el &#8211; most kider\u00fclt, mi\u00e9rt"},"content":{"rendered":"<p>                    <a href=\"https:\/\/news.google.com\/publications\/CAAqJQgKIh9DQklTRVFnTWFnMEtDMk56WVd0bWIyTnBMbWgxS0FBUAE\" target=\"_blank\" class=\"google-news\" rel=\"nofollow noopener\">A legfrissebb h\u00edrek\u00e9rt k\u00f6vess minket a Csakfoci Google News oldal\u00e1n is!<\/a><\/p>\n<p>Mint arr\u00f3l <a href=\"https:\/\/www.csakfoci.hu\/magyar-foci\/15-millio-dollart-bukhatott-el-orban-ez-all-a-hatterben\" rel=\"nofollow noopener\" target=\"_blank\">m\u00e9g j\u00faliusban a csakfoci.hu is besz\u00e1molt<\/a>, Willi Orb\u00e1n a ny\u00e1ron t\u00e1vozhatott volna az RB Leipzigt\u0151l, annak ellen\u00e9re, hogy 2027-ig szerz\u0151d\u00e9s k\u00f6ti a klubhoz. A 33 \u00e9ves j\u00e1t\u00e9kos j\u00f6vedelmez\u0151 aj\u00e1nlatot kapott Sza\u00fad-Ar\u00e1bi\u00e1b\u00f3l: k\u00e9t\u00e9ves szerz\u0151d\u00e9st k\u00edn\u00e1lt neki az Al-Diriyah FC, amelynek \u00e9rtelm\u00e9ben a k\u00e9t id\u00e9ny alatt \u00f6sszesen 13 milli\u00f3 eur\u00f3t (mintegy 4,7 milli\u00e1rd forintot) kereshetett volna. A h\u00edrek szerint az arab klub orvosa m\u00e1r Lipcs\u00e9be is elutazott, hogy elv\u00e9gezze a szok\u00e1sos vizsg\u00e1latokat.<\/p>\n<p>A Bundesliga-klub azonban elutas\u00edtotta az \u00e1tigazol\u00e1st. Marcel Sch\u00e4fer sportigazgat\u00f3 most el\u0151sz\u00f6r besz\u00e9lt arr\u00f3l, mi\u00e9rt kellett a csapat egyik ikonj\u00e1nak tizenegy \u00e9v ut\u00e1n is a klubn\u00e1l maradnia. A sportigazgat\u00f3 szerint az RB Leipzig alapvet\u0151en nem z\u00e1rk\u00f3zik el att\u00f3l, hogy olyan j\u00e1t\u00e9kosok t\u00e1vozzanak, akik sokat tettek a klub\u00e9rt, ha vonz\u00f3 aj\u00e1nlatot kapnak.<\/p>\n<p>&#8211; Egy\u00e9rtelm\u0171, hogy egy ilyen nagy \u00e9s hossz\u00fa m\u00falttal rendelkez\u0151, komoly \u00e9rdemeket szerzett j\u00e1t\u00e9kosnak m\u00e9rlegelnie kell egy aj\u00e1nlatot. Mi pedig meghallgatjuk azt \u2013 mondta Sch\u00e4fer az RBlive-nak.<\/p>\n<p>Erre j\u00f3 p\u00e9lda Marcel Halstenberg esete. A v\u00e9d\u0151 nyolc lipcsei \u00e9v ut\u00e1n, szem\u00e9lyes okok miatt 2023-ban a Hannoverhez szerz\u0151dhetett, annak ellen\u00e9re, hogy m\u00e9g \u00e9rv\u00e9nyes szerz\u0151d\u00e9se volt. Orban eset\u00e9ben azonban m\u00e1s d\u00f6nt\u00e9st hozott az RB Leipzig.<\/p>\n<p>&#8211; Nem k\u00e9rtem meg arra, hogy maradjon, mert erre nincs sz\u00fcks\u00e9g\u00fcnk. A klubnak szerz\u0151d\u00e9se van vele \u2013 mondta Sch\u00e4fer. A felek ny\u00edltan t\u00e1rgyaltak egym\u00e1ssal, \u00e9s a csapat teljes\u00edtm\u00e9ny\u00e9r\u0151l is besz\u00e9ltek. Ezt k\u00f6vet\u0151en &#8211; ahogy a sportigazgat\u00f3 el\u00e1rulta &#8211; Orb\u00e1nt &#8222;t\u00e1j\u00e9koztatt\u00e1k a d\u00f6nt\u00e9s\u00fckr\u0151l\u201d.<\/p>\n<p>Maradnia kellett a BL miatt is<\/p>\n<p>Ami a klubvezet\u0151 szerint els\u0151sorban szakmai okokra vezethet\u0151 vissza.<\/p>\n<p>&#8211; Willi hat\u00e1rozottan szerepel a kezd\u0151csapatbeli tervekben, h\u00e1rom fronton kell helyt\u00e1llnunk \u2013 magyar\u00e1zta Sch\u00e4fer.<\/p>\n<p>Orban a N\u00e9met Kupa-m\u00e9rk\u0151z\u00e9sen g\u00f3lt is szerzett, \u00e9s a Gladbach ellen is k\u00f6zel \u00e1llt a g\u00f3lszerz\u00e9shez, aminek Sch\u00e4fer \u00f6r\u00fclt volna. Mindez azt mutatja, hogy a veter\u00e1n v\u00e9d\u0151 jelenleg n\u00e9lk\u00fcl\u00f6zhetetlen a csapat sz\u00e1m\u00e1ra.<\/p>\n<p>Az RB Leipzig az\u00e9rt is ragaszkodhatott v\u00e9dekez\u0151 vez\u00e9r\u00e9hez, mert a ny\u00e1ron szerz\u0151dtette helyettes\u00e9t, Abdoul Kon\u00e9t. A Reimst\u0151l t\u00f6bbmilli\u00f3s \u00f6sszeg\u00e9rt \u00e9rkez\u0151 j\u00e1t\u00e9kost azonban az UEFA szab\u00e1lyai miatt nem nevezt\u00e9k a Bajnokok Lig\u00e1ja alapszakasz\u00e1ra. Ez azt jelenti, hogy a 21 \u00e9ves labdar\u00fag\u00f3 nem \u00e1llhat az RB Leipzig rendelkez\u00e9s\u00e9re a sorozat nyolc alapszakasz-m\u00e9rk\u0151z\u00e9s\u00e9n.<\/p>\n<p>A saj\u00e1t nevel\u00e9s\u0171 j\u00e1t\u00e9kosokra vonatkoz\u00f3 szab\u00e1ly miatt az RB Leipzig a lehets\u00e9ges 25 helyett mind\u00f6ssze 22 futballist\u00e1t nevezhetett az A-list\u00e1ra, mivel a profi keretben nincs meg az el\u0151\u00edrt n\u00e9gy, klub \u00e1ltal nevelt j\u00e1t\u00e9kosb\u00f3l h\u00e1rom. R\u00e1ad\u00e1sul Kon\u00e9 m\u00e9g a B-list\u00e1ra sem nevezhet\u0151, mivel ehhez legal\u00e1bb k\u00e9t \u00e9ven kereszt\u00fcl folyamatosan j\u00e1t\u00e9kra jogosultnak kellett volna lennie az RB Leipzigben.<\/p>\n<p>Orban emiatt elfogadta a lipcsei klub d\u00f6nt\u00e9s\u00e9t, hogy nem engedi el.<\/p>\n<p>&#8211; Nagyon \u00f6r\u00fcl\u00f6k, hogy kitart a d\u00f6nt\u00e9se mellett. Szerintem mindannyian \u00f6r\u00fcl\u00fcnk \u2013 mondta Sch\u00e4fer.<\/p>\n<p>Orban j\u00f6v\u0151je ugyanakkor a mostani id\u00e9ny ut\u00e1n bizonytalan. A szerz\u0151d\u00e9se j\u00f6v\u0151 ny\u00e1ron lej\u00e1r. Az RB Leipzig \u00e1ltal\u00e1noss\u00e1gban azt szeretn\u00e9, hogy \u201ea klub\u00e9rt sokat tett j\u00e1t\u00e9kosokkal a lehet\u0151 leghosszabb ideig egy\u00fctt dolgozzunk\u201d \u2013 fogalmazott Sch\u00e4fer. Ugyanakkor a kerettervez\u00e9st is figyelembe kell venni\u00fck.A jelenlegi helyzet alapj\u00e1n a k\u00f6vetkez\u0151 id\u00e9nyben Orb\u00e1n, Kon\u00e9 \u00e9s a r\u00e9g\u00f3ta a klubn\u00e1l futballoz\u00f3 tartal\u00e9k, Lukas Klostermann is bevethet\u0151 lenne a jobboldali k\u00f6z\u00e9ph\u00e1tv\u00e9d posztj\u00e1n. Lutsharel Geertruida szint\u00e9n, hiszen visszat\u00e9r k\u00f6lcs\u00f6nb\u0151l.<\/p>\n<p>&#8211; N\u00e9gyen egy kicsit sokan vannak \u2013 jegyezte meg Sch\u00e4fer.<\/p>\n<p>Orb\u00e1n m\u00e9g hosszabb\u00edtana, ha&#8230;<\/p>\n<p>Ez\u00e9rt a klub t\u00e1rgyalni fog Orb\u00e1nnal, akire jelenleg egy\u00e9rtelm\u0171 kezd\u0151k\u00e9nt sz\u00e1m\u00edtanak a csapatban. Egy esetleges szerz\u0151d\u00e9shosszabb\u00edt\u00e1sr\u00f3l viszont k\u00e9s\u0151bb t\u00e1rgyalnak majd.<\/p>\n<p>&#8211; Ha k\u00e9t\u00e9ves szerz\u0151d\u00e9sr\u0151l lenne sz\u00f3 egy \u00e9v opci\u00f3val, azt nem utas\u00edtan\u00e1m vissza \u2013 mondta a veter\u00e1n bekk.<\/p>\n<p>Jelenleg azonban nincsenek t\u00e1rgyal\u00e1sok. A j\u00e1t\u00e9kos \u201eteljesen nyugodt\u201d a helyzetet illet\u0151en.<\/p>\n<p>&#8211; Nagyon j\u00f3l \u00e9rzem magam itt, de term\u00e9szetesen meghallgatom az \u00f6sszes lehet\u0151s\u00e9get, amely el\u00e9m ker\u00fcl.<\/p>\n<p>J\u00f6v\u0151 ny\u00e1rt\u00f3l pedig m\u00e1r Sch\u00e4fer j\u00f3v\u00e1hagy\u00e1sa vagy elutas\u00edt\u00e1sa n\u00e9lk\u00fcl is d\u00f6nthet a j\u00f6v\u0151j\u00e9r\u0151l.<\/p>\n<p><a href=\"https:\/\/www.csakfoci.hu\/oldalhalo-csakfoci-light\/megy-az-uzengetes-bruno-fernandes-es-szoboszlai-dominik-kozott-a-fiadnak-remek-izlese-van\" class=\"embed-article\" rel=\"nofollow noopener\" target=\"_blank\"><\/p>\n<p>Olvastad m\u00e1r?<\/p>\n<p>            <img loading=\"lazy\" decoding=\"async\" class=\"lazy-img\" src=\"https:\/\/www.europesays.com\/hu\/wp-content\/uploads\/2026\/09\/GettyImages-2234667197-e1788447627120-768x433.jpg\" width=\"768\" height=\"433\" alt=\"\"\/><\/p>\n<p>Megy az \u00fczenget\u00e9s Bruno Fernandes \u00e9s Szoboszlai Dominik k\u00f6z\u00f6tt: &#8222;A fiadnak remek \u00edzl\u00e9se van&#8221;<\/p>\n<p>Nagyszer\u0171en reag\u00e1lta le Bruno Fernandes szavait a Liverpool k\u00f6z\u00f6ns\u00e9gkedvence, akinek a kommentj\u00e9re a Manchester United k\u00f6z\u00e9pp\u00e1ly\u00e1sa is v\u00e1laszolt.<\/p>\n<p>Elolvasom<\/p>\n<p><\/a><\/p>\n","protected":false},"excerpt":{"rendered":"A legfrissebb h\u00edrek\u00e9rt k\u00f6vess minket a Csakfoci Google News oldal\u00e1n is! Mint arr\u00f3l m\u00e9g j\u00faliusban a csakfoci.hu is&hellip;\n","protected":false},"author":2,"featured_media":233950,"comment_status":"","ping_status":"","sticky":false,"template":"","format":"standard","meta":{"footnotes":"","_share_on_mastodon":"0"},"categories":[14],"tags":[1069,44,42,40,3209,43,41,11266,5676,45,131,12176],"class_list":["post-233949","post","type-post","status-publish","format-standard","has-post-thumbnail","category-sport","tag-atigazolasok","tag-hu","tag-hungarian","tag-hungary","tag-legiosok","tag-magyar","tag-magyarorszag","tag-nemet-foci","tag-rb-leipzig","tag-sport","tag-sports","tag-willi-orban"],"share_on_mastodon":{"url":"https:\/\/pubeurope.com\/@hu\/117218728166457434","error":""},"_links":{"self":[{"href":"https:\/\/www.europesays.com\/hu\/wp-json\/wp\/v2\/posts\/233949","targetHints":{"allow":["GET"]}}],"collection":[{"href":"https:\/\/www.europesays.com\/hu\/wp-json\/wp\/v2\/posts"}],"about":[{"href":"https:\/\/www.europesays.com\/hu\/wp-json\/wp\/v2\/types\/post"}],"author":[{"embeddable":true,"href":"https:\/\/www.europesays.com\/hu\/wp-json\/wp\/v2\/users\/2"}],"replies":[{"embeddable":true,"href":"https:\/\/www.europesays.com\/hu\/wp-json\/wp\/v2\/comments?post=233949"}],"version-history":[{"count":0,"href":"https:\/\/www.europesays.com\/hu\/wp-json\/wp\/v2\/posts\/233949\/revisions"}],"wp:featuredmedia":[{"embeddable":true,"href":"https:\/\/www.europesays.com\/hu\/wp-json\/wp\/v2\/media\/233950"}],"wp:attachment":[{"href":"https:\/\/www.europesays.com\/hu\/wp-json\/wp\/v2\/media?parent=233949"}],"wp:term":[{"taxonomy":"category","embeddable":true,"href":"https:\/\/www.europesays.com\/hu\/wp-json\/wp\/v2\/categories?post=233949"},{"taxonomy":"post_tag","embeddable":true,"href":"https:\/\/www.europesays.com\/hu\/wp-json\/wp\/v2\/tags?post=233949"}],"curies":[{"name":"wp","href":"https:\/\/api.w.org\/{rel}","templated":true}]}}