{"id":233979,"date":"2026-09-05T14:12:11","date_gmt":"2026-09-05T14:12:11","guid":{"rendered":"https:\/\/www.europesays.com\/hu\/233979\/"},"modified":"2026-09-05T14:12:11","modified_gmt":"2026-09-05T14:12:11","slug":"megszunik-a-seat-megszolalt-a-vw-vezer-a-koltsegcsokkentesi-tervekrol","status":"publish","type":"post","link":"https:\/\/www.europesays.com\/hu\/233979\/","title":{"rendered":"Megsz\u0171nik a Seat? Megsz\u00f3lalt a VW-vez\u00e9r a k\u00f6lts\u00e9gcs\u00f6kkent\u00e9si tervekr\u0151l"},"content":{"rendered":"<p data-alignment=\"left\" class=\"text-left\" data-block-key=\"ijltj\">V\u00e9get \u00e9rtek a h\u00f3napokon \u00e1t zajl\u00f3 tal\u00e1lgat\u00e1sok a Volkswagen-csoport r\u00e9g\u00f3ta tervezett megszor\u00edt\u00e1sair\u00f3l: a h\u00e9ten a Future Plan 2030 program keret\u00e9ben felv\u00e1zolt\u00e1k, milyen k\u00f6lts\u00e9gcs\u00f6kkent\u0151 c\u00e9lzat\u00fa int\u00e9zked\u00e9seket hajtanak v\u00e9gre. <a href=\"https:\/\/totalcar.hu\/hirek\/2026\/09\/04\/volkswagen-valsag-gyarbezaras-elbocsatas-2030\/\" target=\"_blank\" rel=\" noopener noreferrer nofollow\" data-link-preview=\"true\" data-og-title=\"Hivatalos: 50 ezer elbocs\u00e1t\u00e1s, n\u00e9gy gy\u00e1rbez\u00e1r\u00e1s \u00e9s modell-ritk\u00edt\u00e1s a Volkswagenn\u00e9l\" data-og-description=\"A neh\u00e9z gazdas\u00e1gi \u00e9s piaci helyzetb\u0151l egy k\u0151kem\u00e9ny megszor\u00edt\u00f3 csomaggal terveznek kim\u00e1szni.\" data-og-image=\"https:\/\/totalcar.hu\/media\/images\/51169691_89f7e6764d5701681b89e6.format-avif.max-600x400.avif\" data-og-image-small=\"https:\/\/totalcar.hu\/media\/images\/51169691_89f7e6764d5701681b89e6.format-avif.max-370x278.avif\" data-og-column=\"H\u00edrek\" data-og-tags=\"[&quot;H\\u00edrek&quot;, &quot;Volkswagen&quot;, &quot;le\\u00e9p\\u00edt\\u00e9s&quot;, &quot;n\\u00e9metorsz\\u00e1g&quot;, &quot;gy\\u00e1rbez\\u00e1r\\u00e1s&quot;, &quot;elbocs\\u00e1t\\u00e1s&quot;, &quot;modellpaletta&quot;, &quot;kivezet\\u00e9s&quot;, &quot;megszor\\u00edt\\u00e1sok&quot;]\">Mint arr\u00f3l a Totalcar besz\u00e1molt<\/a>, h\u00e1rom f\u0151 csap\u00e1sir\u00e1nyb\u00f3l fogj\u00e1k megfogni a kiad\u00e1sokat: a t\u00faltermel\u00e9s k\u00e9rd\u00e9s\u00e9t <a href=\"https:\/\/totalcar.hu\/hirek\/2026\/09\/02\/volkswagen-nemet-gyarbezarasok-audi-zwickau\/\" target=\"_blank\" rel=\" noopener noreferrer nofollow\">gy\u00e1rbez\u00e1r\u00e1sokkal<\/a> \u00e9s a modellk\u00edn\u00e1lat megnyirb\u00e1l\u00e1s\u00e1val oldj\u00e1k meg, a jelenleg zajl\u00f3 le\u00e9p\u00edt\u00e9seken t\u00fal pedig tov\u00e1bbi 50 ezer embert bocs\u00e1tanak el.<\/p>\n<p data-alignment=\"left\" class=\"text-left\" data-block-key=\"ejf2e\">2035-re a mostani paletta mintegy fel\u00e9t tervezik felsz\u00e1molni, \u00e9s csak a legvonz\u00f3bb t\u00edpusokat tartj\u00e1k meg. K\u00f6nnyen el\u0151fordulhat, hogy ez lehet az utols\u00f3 sz\u00f6g a Seat kopors\u00f3j\u00e1ban, ugyanis miel\u0151tt hivatalosan is bemutatt\u00e1k volna a k\u00f6lts\u00e9gcs\u00f6kkent\u00e9si csomagot, bels\u0151 feljegyz\u00e9sekb\u0151l kisziv\u00e1rgott az a terv, miszerint a konszern 2029 v\u00e9g\u00e9re \u201efokozatosan, rendezett \u00e9s k\u00f6lts\u00e9ghat\u00e9kony m\u00f3don\u201d <a href=\"https:\/\/totalcar.hu\/hirek\/2026\/09\/03\/seat-megszunes-volkswagen-leepites-2029\/\" target=\"_blank\" rel=\" noopener noreferrer nofollow\">megsz\u00fcnteti a Seatot<\/a>, amely \u00edgy a 80. sz\u00fclet\u00e9snapja el\u0151tt engedheti le a rol\u00f3t.<\/p>\n<p>  <a rel=\"noopener nofollow\" href=\"https:\/\/indamediasales.hu\/2019\/06\/25\/quality_placement_minosegbiztositasi_tajekoztato_728\" target=\"_blank\"><\/p>\n<p>      <img loading=\"lazy\" decoding=\"async\" src=\"https:\/\/totalcar.hu\/static\/images\/brand\/quality_placement_logo.svg\" alt=\"Quality Placement\" width=\"150\" height=\"15\"\/><\/p>\n<p>  <\/a><\/p>\n<p>\n  hirdet\u00e9s\n<\/p>\n<p data-alignment=\"left\" class=\"text-left\" data-block-key=\"b8an0\">Hab\u00e1r a v\u00e9gleges verdikt m\u00e9g nem ismert a Seat j\u00f6v\u0151j\u00e9t illet\u0151en, <a href=\"https:\/\/totalcar.hu\/hirek\/2026\/08\/22\/volkswagen-oliver-blume-leepites-gyarbezaras-koltsegcsokkentes\/\" target=\"_blank\" rel=\" noopener noreferrer nofollow\">Oliver Blume<\/a>, a Volkswagen-csoport vez\u00e9rigazgat\u00f3ja nem \u00e9ppen megnyugtat\u00f3 v\u00e1lasszal szolg\u00e1lt.<\/p>\n<p data-alignment=\"left\" class=\"text-left\" data-block-key=\"316kl\">\u201eA Seat S.A. fontos szerepet j\u00e1tszik a Volkswagen-csoport j\u00f6v\u0151j\u00e9ben. A v\u00e1llalat m\u00e1r bizony\u00edtotta a stabilan m\u0171k\u00f6d\u0151 martorelli k\u00f6zpontj\u00e1val \u00e9s a Cupra figyelemre m\u00e9lt\u00f3 fejl\u0151d\u00e9s\u00e9vel, hogy k\u00e9pes \u00e1talakulni\u201d \u2013 id\u00e9zte Blume szavait a <a href=\"https:\/\/www.carscoops.com\/2026\/09\/seat-not-dead-but-might-not-live\/\" target=\"_blank\" rel=\" noopener noreferrer nofollow\">Carscoops<\/a>. Blume ugyanakkor hozz\u00e1tette, hogy rugalmasnak kell maradniuk, ami ez esetben azt jelenti, hogy \u201ea m\u00e1rka- \u00e9s term\u00e9kstrat\u00e9gi\u00e1nkat a szab\u00e1lyoz\u00e1shoz, a piaci k\u00f6r\u00fclm\u00e9nyekhez \u00e9s az \u00fcgyfeleinkhez kell igaz\u00edtanunk\u201d.<\/p>\n<p data-alignment=\"left\" class=\"text-left\" data-block-key=\"cq163\">A fejlem\u00e9nyeket komment\u00e1lta a Seat is. A spanyol m\u00e1rka azt k\u00f6z\u00f6lte, hogy a VW-konszernn\u00e9l \u201eminden lehet\u0151s\u00e9get nyitva tartanak a Seat sz\u00e1m\u00e1ra\u201d, a v\u00e1llalat ugyanis egy\u00e9rtelm\u0171 term\u00e9kfejleszt\u00e9si \u00fctemtervvel rendelkezik, ami mag\u00e1ban foglal kor\u00e1bban betervezett \u00faj modelleket \u00e9s modellfriss\u00edt\u00e9seket is, k\u00f6zt\u00fck az Arona \u00e9s az Ibiza mild-hibrid v\u00e1ltozat\u00e1nak bevezet\u00e9s\u00e9t.<\/p>\n<p>\n          Ami a jelenlegi term\u00e9kciklus ut\u00e1ni id\u0151szakot illeti\u2026 a Seat m\u00e1rka j\u00f6v\u0151beli ir\u00e1nya tov\u00e1bbra is \u00e9rt\u00e9kel\u00e9s alatt \u00e1ll\n        <\/p>\n<p data-alignment=\"left\" class=\"text-left\" data-block-key=\"ad5h3\">\u2013 tett\u00e9k hozz\u00e1. \u201eA jelenlegi helyzetben az egyre szigor\u00fabb szab\u00e1lyoz\u00e1s, az elektromos\u00edt\u00e1s gazdas\u00e1goss\u00e1ga \u00e9s az \u00faj gener\u00e1ci\u00f3s modellek fejleszt\u00e9s\u00e9hez sz\u00fcks\u00e9ges beruh\u00e1z\u00e1sok egyre nagyobb kih\u00edv\u00e1st jelentenek a Seatba t\u00f6rt\u00e9n\u0151 tov\u00e1bbi befektet\u00e9sek <a href=\"https:\/\/totalcar.hu\/hirek\/2026\/08\/24\/toyota-gr-gt-v8-hibrid-szuperauto-profit-veszteseg\/\" target=\"_blank\" rel=\" noopener noreferrer nofollow\" data-link-preview=\"true\" data-og-title=\"Nem fognak bankot robbantani a GR GT-vel, \u00e9s ezt a Toyota tudja is\" data-og-description=\"A Toyota nem a hatalmas profitra hajt a GR GT-vel, sokkal ink\u00e1bb elvi k\u00e9rd\u00e9s volt a megalkot\u00e1sa.\" data-og-image=\"https:\/\/totalcar.hu\/media\/images\/LS9_1173.format-avif.max-600x400.avif\" data-og-image-small=\"https:\/\/totalcar.hu\/media\/images\/LS9_1173.format-avif.max-370x278.avif\" data-og-column=\"H\u00edrek\" data-og-tags=\"[&quot;H\\u00edrek&quot;, &quot;toyota&quot;, &quot;gr gt&quot;, &quot;gt3&quot;, &quot;versenyaut\\u00f3&quot;, &quot;hibrid sportkocsi&quot;]\">\u00fczleti indokl\u00e1s\u00e1ban<\/a>.\u201d<\/p>\n<p data-alignment=\"left\" class=\"text-left\" data-block-key=\"i7ofe\">Bor\u00edt\u00f3k\u00e9p: Illusztr\u00e1ci\u00f3: Beata Zawrzel\/NurPhoto\/Getty Images<\/p>\n<p><a href=\"https:\/\/google.com\/preferences\/source?q=https%3A\/\/totalcar.hu\" rel=\"noopener nofollow\" referrerpolicy=\"no-referrer-when-downgrade\" class=\"!flex !items-center !gap-5 !py-2 !px-3 w-full !rounded-xl !font-bold cursor-pointer !no-underline relative !bg-white !text-[#202124] !border !border-[#858585] dark:!bg-[#323232] dark:!text-white dark:border-none my-4 \" target=\"_blank\"><br \/>\n  <img decoding=\"async\" src=\"https:\/\/totalcar.hu\/static\/images\/favicons\/google_favicon.svg\" alt=\"Google\" class=\"shrink-0 w-7 h-7\"\/><br \/>\n  \u00c1ll\u00edtsd be, hogy a Totalcar az els\u0151k k\u00f6z\u00f6tt legyen a Google-tal\u00e1latokban!<\/p>\n<p><\/a><\/p>\n","protected":false},"excerpt":{"rendered":"V\u00e9get \u00e9rtek a h\u00f3napokon \u00e1t zajl\u00f3 tal\u00e1lgat\u00e1sok a Volkswagen-csoport r\u00e9g\u00f3ta tervezett megszor\u00edt\u00e1sair\u00f3l: a h\u00e9ten a Future Plan 2030&hellip;\n","protected":false},"author":2,"featured_media":233980,"comment_status":"","ping_status":"","sticky":false,"template":"","format":"standard","meta":{"footnotes":"","_share_on_mastodon":"0"},"categories":[10],"tags":[110,44,42,40,12881,43,41,15947,111,2159],"class_list":["post-233979","post","type-post","status-publish","format-standard","has-post-thumbnail","category-vallalkozas","tag-business","tag-hu","tag-hungarian","tag-hungary","tag-koltsegcsokkentes","tag-magyar","tag-magyarorszag","tag-seat","tag-vallalkozas","tag-volkswagen"],"share_on_mastodon":{"url":"https:\/\/pubeurope.com\/@hu\/117218846484682290","error":""},"_links":{"self":[{"href":"https:\/\/www.europesays.com\/hu\/wp-json\/wp\/v2\/posts\/233979","targetHints":{"allow":["GET"]}}],"collection":[{"href":"https:\/\/www.europesays.com\/hu\/wp-json\/wp\/v2\/posts"}],"about":[{"href":"https:\/\/www.europesays.com\/hu\/wp-json\/wp\/v2\/types\/post"}],"author":[{"embeddable":true,"href":"https:\/\/www.europesays.com\/hu\/wp-json\/wp\/v2\/users\/2"}],"replies":[{"embeddable":true,"href":"https:\/\/www.europesays.com\/hu\/wp-json\/wp\/v2\/comments?post=233979"}],"version-history":[{"count":0,"href":"https:\/\/www.europesays.com\/hu\/wp-json\/wp\/v2\/posts\/233979\/revisions"}],"wp:featuredmedia":[{"embeddable":true,"href":"https:\/\/www.europesays.com\/hu\/wp-json\/wp\/v2\/media\/233980"}],"wp:attachment":[{"href":"https:\/\/www.europesays.com\/hu\/wp-json\/wp\/v2\/media?parent=233979"}],"wp:term":[{"taxonomy":"category","embeddable":true,"href":"https:\/\/www.europesays.com\/hu\/wp-json\/wp\/v2\/categories?post=233979"},{"taxonomy":"post_tag","embeddable":true,"href":"https:\/\/www.europesays.com\/hu\/wp-json\/wp\/v2\/tags?post=233979"}],"curies":[{"name":"wp","href":"https:\/\/api.w.org\/{rel}","templated":true}]}}