{"id":233987,"date":"2026-09-05T14:16:08","date_gmt":"2026-09-05T14:16:08","guid":{"rendered":"https:\/\/www.europesays.com\/hu\/233987\/"},"modified":"2026-09-05T14:16:08","modified_gmt":"2026-09-05T14:16:08","slug":"eurologus-orban-zsarolasa-utan-magyar-jogaszkodna-am-egyelore-hiaba-mar-egymilliard-eurot-bukott-emiatt-magyarorszag","status":"publish","type":"post","link":"https:\/\/www.europesays.com\/hu\/233987\/","title":{"rendered":"EUrologus: Orb\u00e1n zsarol\u00e1sa ut\u00e1n Magyar jog\u00e1szkodna, \u00e1m egyel\u0151re hi\u00e1ba \u2013 m\u00e1r egymilli\u00e1rd eur\u00f3t bukott emiatt Magyarorsz\u00e1g"},"content":{"rendered":"<p>A b\u00fcntet\u00e9s alapja az Eur\u00f3pai B\u00edr\u00f3s\u00e1g 2024. j\u00faniusi d\u00f6nt\u00e9se, amelyben azt mondta ki a b\u00edr\u00f3s\u00e1g, hogy egy 2020. decemberi b\u00edr\u00f3i \u00edt\u00e9let v\u00e9gre nem hajt\u00e1sa miatt egyszeri szankci\u00f3k\u00e9nt 200 milli\u00f3 eur\u00f3t, azt k\u00f6vet\u0151en pedig naponta 1 milli\u00f3 eur\u00f3 k\u00e9nyszer\u00edt\u0151 b\u00edrs\u00e1got kell fizetni eg\u00e9szen addig, am\u00edg a hat \u00e9vvel ezel\u0151tti \u00edt\u00e9letnek eleget nem tesz Magyarorsz\u00e1g.<\/p>\n<p>Ez az \u00fcgy az EU \u00e9s Magyarorsz\u00e1g k\u00f6z\u00f6tti egyik megoldatlan probl\u00e9ma, amely r\u00e1ad\u00e1sul napr\u00f3l-napra s\u00falyosabb\u00e1 v\u00e1lik, hiszen a p\u00e9nz halmoz\u00f3dik. Az elm\u00falt napokban Magyar P\u00e9ter t\u00f6bbsz\u00f6r is sz\u00f3ba hozta a t\u00e9m\u00e1t. A bledi biztons\u00e1gpolitikai f\u00f3rumon az illeg\u00e1lis migr\u00e1ci\u00f3 kapcs\u00e1n azt mondta a magyar minisztereln\u00f6k, hogy<\/p>\n<p>besz\u00e9lni kell arr\u00f3l, mi\u00e9rt kezelt\u00e9k igazs\u00e1gtalanul Magyarorsz\u00e1got Br\u00fcsszelben, mi\u00e9rt kellett napi 1 milli\u00f3 eur\u00f3t fizetni az\u00e9rt, mert megv\u00e9dt\u00fck a hat\u00e1rainkat.<\/p>\n<p>Szerd\u00e1n ism\u00e9t sz\u00f3ba hozta a k\u00e9rd\u00e9st a magyar minisztereln\u00f6k, amikor Manfred Weberrel, az Eur\u00f3pai N\u00e9pp\u00e1rt eln\u00f6k\u00e9vel <a href=\"https:\/\/hvg.hu\/itthon\/20260902_magyar-peter-manfred-webernek-magyarorszag-az-eddig-kiszabott-menekultugyi-birsag-jovairasat-fogja-kerni\" target=\"_self\" rel=\"nofollow noopener\">tal\u00e1lkozott<\/a>. \u201eAz Eur\u00f3pai N\u00e9pp\u00e1rt eln\u00f6ke seg\u00edts\u00e9get aj\u00e1nlott, hogy v\u00e9gre siker\u00fclj\u00f6n megold\u00e1st tal\u00e1lni arra, hogy Magyarorsz\u00e1gnak ne kelljen napi egymilli\u00f3 eur\u00f3s b\u00edrs\u00e1got fizetnie az eur\u00f3pai k\u00fcls\u0151 hat\u00e1rok v\u00e9delmekor alkalmazott menek\u00fclt\u00fcgyi szab\u00e1lyok miatt. Vil\u00e1goss\u00e1 tettem az eln\u00f6k \u00far sz\u00e1m\u00e1ra, hogy Magyarorsz\u00e1g a tov\u00e1bbiakban is megv\u00e9di a hat\u00e1rait, \u00e9s az eddig kiszabott b\u00edrs\u00e1g j\u00f3v\u00e1\u00edr\u00e1s\u00e1t fogja k\u00e9rni az \u00faj uni\u00f3s k\u00f6lts\u00e9gvet\u00e9s t\u00e1rgyal\u00e1sakor\u201d \u2013 \u00edrta k\u00f6z\u00f6ss\u00e9gi oldal\u00e1n Magyar P\u00e9ter. <\/p>\n<p>A b\u00fcntet\u00e9s \u00e9s az uni\u00f3s k\u00f6lts\u00e9gvet\u00e9s \u00f6sszekapcsol\u00e1s\u00e1t nem most hallottuk el\u0151sz\u00f6r: Orb\u00e1n Viktor rendszeresen ebben l\u00e1tta a megold\u00e1st. Igaz, a volt minisztereln\u00f6k terve az volt, hogy addig v\u00e9t\u00f3zza a k\u00f6vetkez\u0151 h\u00e9t\u00e9ves k\u00f6lts\u00e9gvet\u00e9st, am\u00edg egyr\u00e9szt a befagyasztott p\u00e9nzeket oda nem adj\u00e1k, m\u00e1sr\u00e9szt pedig el nem t\u00f6rlik ezt a b\u00fcntet\u00e9st. Magyar P\u00e9ter enn\u00e9l \u00f3vatosabban fogalmaz, amikor hangs\u00falyozza, nem v\u00e9t\u00f3zni akar, hanem megold\u00e1st szeretne.<\/p>\n<p class=\"highlighted\">B\u00e1r azt el\u00e9g neh\u00e9z elk\u00e9pzelni, hogy a k\u00f6vetkez\u0151 h\u00e9t\u00e9ves k\u00f6lts\u00e9gvet\u00e9sben lesz egy olyan sor, hogy \u201eMagyarorsz\u00e1g b\u00edr\u00f3s\u00e1g \u00e1ltal meg\u00e1llap\u00edtott b\u00fcntet\u00e9s\u00e9nek elt\u00f6rl\u00e9se &#8211; 1 milli\u00e1rd eur\u00f3\u201d.<\/p>\n<p>Antonio Costa, az Eur\u00f3pai Tan\u00e1cs eln\u00f6ke szint\u00e9n szerd\u00e1n j\u00e1rt Budapesten, \u0151 is meghallgathatta Magyar P\u00e9ter \u00e1ll\u00e1spontj\u00e1t. \u201eElmondtam tov\u00e1bb\u00e1, hogy miel\u0151bbi megold\u00e1st v\u00e1runk el az el\u0151z\u0151 magyar korm\u00e1ny alatt kiszabott napi egymilli\u00f3 eur\u00f3s b\u00fcntet\u00e9s felf\u00fcggeszt\u00e9se \u00fcgy\u00e9ben\u201d \u2013 fogalmazott ekkor a minisztereln\u00f6k, aki hozz\u00e1tette, hogy \u201eMagyarorsz\u00e1g tov\u00e1bbra is fenntartja az illeg\u00e1lis migr\u00e1ci\u00f3 feltart\u00f3ztat\u00e1s\u00e1hoz sz\u00fcks\u00e9ges jogszab\u00e1lyi k\u00f6rnyezetet \u00e9s fizikai hat\u00e1rz\u00e1rat.\u201d<\/p>\n<p><img decoding=\"async\" class=\"wp-block-hvg-custom-image__image\" src=\"https:\/\/www.europesays.com\/hu\/wp-content\/uploads\/2026\/09\/0e433996-94af-41c7-a77a-8480328cb9ef.jpg\" data-size=\"https:\/\/www.europesays.com\/hu\/wp-content\/uploads\/2026\/09\/0e433996-94af-41c7-a77a-8480328cb9ef.jpg\"\/><\/p>\n<p>Magyar P\u00e9ter \u00e9s Antonio Costa<\/p>\n<p>X \/ Antonio Costa<\/p>\n<p>Ha puszt\u00e1n a t\u00e9nyeket n\u00e9zz\u00fck, akkor azt l\u00e1thatjuk, hogy az uni\u00f3s int\u00e9zm\u00e9nyeknek nincs mozg\u00e1stere. Az \u00edt\u00e9letet az Eur\u00f3pai B\u00edr\u00f3s\u00e1g hozta, a d\u00f6nt\u00e9s joger\u0151s, azonnal v\u00e9grehajthat\u00f3. Sem az Eur\u00f3pai Bizotts\u00e1gnak, sem az Eur\u00f3pai Parlamentnek, sem pedig a tag\u00e1llamoknak nincs joga az \u00edt\u00e9letet megv\u00e1ltoztatni, vagy hat\u00e1lyon k\u00edv\u00fcl helyezni. A jogszer\u0171 megold\u00e1s az, hogy Magyarorsz\u00e1g v\u00e9grehajtja a 2020-as C-808\/18 sz\u00e1m\u00fa \u00edt\u00e9letet. Ehhez a k\u00f6vetkez\u0151ket kell tennie Magyarorsz\u00e1gnak:<\/p>\n<p>Biztos\u00edtania kell a nemzetk\u00f6zi v\u00e9delem ir\u00e1nti k\u00e9relem t\u00e9nyleges \u00e9s hat\u00e9kony beny\u00fajt\u00e1s\u00e1nak lehet\u0151s\u00e9g\u00e9t, vagyis ne alkalmazzon olyan szab\u00e1lyokat \u00e9s elj\u00e1r\u00e1sokat, amelyek a k\u00e9relmez\u0151k sz\u00e1m\u00e1ra gyakorlatilag ellehetetlen\u00edtik a mened\u00e9kk\u00e9relem el\u0151terjeszt\u00e9s\u00e9t (ez az \u00fagynevezett nagyk\u00f6vets\u00e9gi elj\u00e1r\u00e1s megsz\u00fcntet\u00e9s\u00e9t jelenti, l\u00e9nyege, hogy Magyarorsz\u00e1gra \u00e9rkez\u0151 menek\u00fcltek nem ny\u00fajthatnak be mened\u00e9kk\u00e9relmet k\u00f6zvetlen\u00fcl a magyar hat\u00e1ron vagy az orsz\u00e1g ter\u00fclet\u00e9n, hanem el\u0151sz\u00f6r egy k\u00fclf\u00f6ldi magyar nagyk\u00f6vets\u00e9gen kell beny\u00fajtaniuk egy \u00fagynevezett \u201esz\u00e1nd\u00e9knyilatkozatot\u201d).Biztos\u00edtania kell a mened\u00e9kk\u00e9r\u0151k jog\u00e1t arra, hogy a k\u00e9relm\u00fck elutas\u00edt\u00e1sa elleni jogorvoslati elj\u00e1r\u00e1s idej\u00e9n Magyarorsz\u00e1gon maradhassanak, a vonatkoz\u00f3 uni\u00f3s szab\u00e1lyoknak megfelel\u0151en, \u00e9s ezt a jogot megfelel\u0151en egy\u00e9rtelm\u0171, jogszab\u00e1lyban r\u00f6gz\u00edtett garanci\u00e1kkal biztos\u00edtsa.Meg kell sz\u00fcntetnie az illeg\u00e1lisan tart\u00f3zkod\u00f3 harmadik orsz\u00e1gbeli \u00e1llampolg\u00e1rok olyan m\u00f3don t\u00f6rt\u00e9n\u0151 elt\u00e1vol\u00edt\u00e1s\u00e1t, amely megker\u00fcli az uni\u00f3s visszat\u00e9r\u00e9si elj\u00e1r\u00e1st, \u00e9s biztos\u00edtsa, hogy az elt\u00e1vol\u00edt\u00e1s el\u0151tt lefolytass\u00e1k az el\u0151\u00edrt egyedi elj\u00e1r\u00e1st, vizsg\u00e1lj\u00e1k a visszak\u00fcld\u00e9s akad\u00e1lyait, valamint biztos\u00edts\u00e1k a hat\u00e9kony jogorvoslat lehet\u0151s\u00e9g\u00e9t.<\/p>\n<p>Eredetileg tulajdonk\u00e9ppen a mened\u00e9kjogi t\u00f6rv\u00e9nyben k\u00e9t, az \u00e1llamhat\u00e1rr\u00f3l sz\u00f3l\u00f3 t\u00f6rv\u00e9nyben pedig egy bekezd\u00e9st kellett volna m\u00f3dos\u00edtani vagy t\u00f6r\u00f6lni \u2013 jogalkot\u00e1si szempontb\u00f3l teh\u00e1t rendk\u00edv\u00fcl egyszer\u0171en kezelhet\u0151 lett volna az \u00fcgy. Ebbe az egy\u00e1ltal\u00e1n nem idilli \u00e1llapotba kavart bele a migr\u00e1ci\u00f3s paktum, de err\u0151l kicsit k\u00e9s\u0151bb.<\/p>\n<p>Az \u00edt\u00e9let szerint a fenti h\u00e1rom pont teljes\u00edt\u00e9se sz\u00fcntetn\u00e9 meg a b\u00edrs\u00e1g halmoz\u00f3d\u00e1s\u00e1t, de az addig \u00f6sszegy\u0171lt b\u00fcntet\u00e9st ugyan\u00fagy ki kell fizetni\/le kell vonni. <\/p>\n<p class=\"highlighted\">\u00c9s hangs\u00falyozni kell, hogy egy\u00e1ltal\u00e1n nem felt\u00e9tel az illeg\u00e1lis bev\u00e1ndorl\u00f3k beenged\u00e9se, befogad\u00e1sa \u00e9s nem volt felt\u00e9tel a tranzitz\u00f3n\u00e1k bez\u00e1r\u00e1sa sem. L\u00e1that\u00f3, hogy igaz\u00e1b\u00f3l nem jogi, hanem politikai k\u00e9rd\u00e9s ez \u2013 de a politikai sz\u00e1nd\u00e9k hi\u00e1nyzik.<\/p>\n<p>Van az\u00e9rt ennek az \u00fcgynek olyan vonatkoz\u00e1sa, amely sz\u00e9pen halad. M\u00e9gpedig a p\u00e9nz levon\u00e1sa. <\/p>\n<p class=\"highlighted\">Az EUrologus kisz\u00e1molta, hogy augusztus 22-\u00e9n \u00e9rte el a b\u00fcntet\u00e9s \u00f6ssz\u00e9rt\u00e9ke az 1 milli\u00e1rd eur\u00f3t. <\/p>\n<p>Ennyivel azonban soha nem tartozott Magyarorsz\u00e1g, ugyanis az Eur\u00f3pai Bizotts\u00e1g \u2013 mivel ez a t\u00f6rv\u00e9nyi k\u00f6telezetts\u00e9ge \u2013 id\u0151r\u0151l-id\u0151re k\u00fcld\u00f6tt egy fizet\u00e9si felsz\u00f3l\u00edt\u00e1st egy r\u00e9sz\u00f6sszegr\u0151l, \u00e1ltal\u00e1ban k\u00e9thavi t\u00e9telr\u0151l, majd pedig annak eredm\u00e9nytelen letelte ut\u00e1n levonta a jellemz\u0151en 60 milli\u00f3 eur\u00f3 k\u00f6r\u00fcli \u00f6sszeget egy soron k\u00f6vetkez\u0151 magyar kifizet\u00e9sb\u0151l.<\/p>\n<p class=\"highlighted\">Az Eur\u00f3pai Bizotts\u00e1g sz\u00f3viv\u0151j\u00e9t\u0151l \u00fagy \u00e9rtes\u00fclt\u00fcnk, hogy mostan\u00e1ig 910 milli\u00f3 eur\u00f3t vontak le, teh\u00e1t a magyar tartoz\u00e1s 90 sz\u00e1zal\u00e9k\u00e1t m\u00e1r behajtott\u00e1k.<\/p>\n<p>Meg kell eml\u00edteni, hogy a fenyeget\u0151z\u00e9sen t\u00fal Orb\u00e1n Viktor a jogi utat is kipr\u00f3b\u00e1lta. A 2025. december 15-\u00e9n beny\u00fajtott kereset\u00e9ben Magyarorsz\u00e1g azt \u00e1ll\u00edtja, hogy az Eur\u00f3pai Uni\u00f3 B\u00edr\u00f3s\u00e1ga az \u00edt\u00e9let meghozatalakor nyilv\u00e1nval\u00f3an \u00e9s s\u00falyosan megs\u00e9rtette az uni\u00f3s jogot, illetve \u201et\u00fall\u00e9pte az EUMSZ 260. cikk (2) bekezd\u00e9se alapj\u00e1n fenn\u00e1ll\u00f3 m\u00e9rlegel\u00e9si jogk\u00f6r\u00e9nek korl\u00e1tait\u201d. A magyar f\u00e9l h\u00e1rom f\u0151 jogalapra hivatkozik: a tisztess\u00e9ges t\u00e1rgyal\u00e1shoz val\u00f3 jog s\u00e9relm\u00e9re, a tag\u00e1llamok egyenl\u0151s\u00e9g\u00e9nek elv\u00e9re, valamint a jogbiztons\u00e1g, a kisz\u00e1m\u00edthat\u00f3s\u00e1g \u00e9s az \u00e1tl\u00e1that\u00f3s\u00e1g k\u00f6vetelm\u00e9nyeinek megs\u00e9rt\u00e9s\u00e9re. <\/p>\n<p><img decoding=\"async\" class=\"wp-block-hvg-custom-image__image\" src=\"https:\/\/www.europesays.com\/hu\/wp-content\/uploads\/2026\/09\/b74e627e-17bc-4715-9756-46ff1f0efcaf.jpg\" data-size=\"https:\/\/www.europesays.com\/hu\/wp-content\/uploads\/2026\/09\/b74e627e-17bc-4715-9756-46ff1f0efcaf.jpg\"\/><\/p>\n<p>Magyarorsz\u00e1g szerint ezek a jogs\u00e9rt\u00e9sek k\u00f6zvetlen\u00fcl k\u00e1rt okoztak neki, ez\u00e9rt az Eur\u00f3pai Uni\u00f3 k\u00e1rt\u00e9r\u00edt\u00e9si felel\u0151ss\u00e9g\u00e9nek meg\u00e1llap\u00edt\u00e1s\u00e1t \u00e9s a t\u00e9nylegesen elszenvedett k\u00e1r megt\u00e9r\u00edt\u00e9s\u00e9t k\u00e9ri. Ez teh\u00e1t jogilag egy meglehet\u0151sen rendhagy\u00f3 konstrukci\u00f3: a magyar \u00e1llam azt pr\u00f3b\u00e1lja el\u00e9rni, hogy egy m\u00e1sik uni\u00f3s b\u00edr\u00f3i f\u00f3rum mondja ki, hogy az EU B\u00edr\u00f3s\u00e1ga a saj\u00e1t, joger\u0151s \u00edt\u00e9let\u00e9vel olyan s\u00falyos jogs\u00e9rt\u00e9st k\u00f6vetett el, amely miatt az EU-nak k\u00e1rt\u00e9r\u00edt\u00e9st kell fizetnie. Ez az \u00fcgy jelenleg is folyamatban van, m\u00e1s sz\u00f3val nem t\u00f6rt\u00e9nt benne semmi, azon k\u00edv\u00fcl, hogy id\u00e9n m\u00e1rciusban hivatalosan k\u00f6zz\u00e9tett\u00e9k a keresetet.<\/p>\n<p>Arra egy\u00e9bk\u00e9nt volt m\u00e1r p\u00e9lda, hogy egy b\u00edr\u00f3s\u00e1gi \u00edt\u00e9letet megv\u00e1ltoztattak, rendk\u00edv\u00fcli fel\u00fclvizsg\u00e1lati elj\u00e1r\u00e1sban. Erre akkor van lehet\u0151s\u00e9g, ha el\u0151ker\u00fcl egy kor\u00e1bban ismeretlen, m\u00e1r l\u00e9tez\u0151 \u00e9s az \u00fcgy kimenetel\u00e9re d\u00f6nt\u0151 t\u00e9ny. <\/p>\n<p class=\"highlighted\">Magyarorsz\u00e1g eset\u00e9ben azonban ilyen t\u00e9ny egyel\u0151re nem mer\u00fclt fel, tal\u00e1n nem v\u00e9letlen, hogy az Orb\u00e1n-korm\u00e1ny sem ebbe az ir\u00e1nyba indult el a jog\u00e1szkod\u00e1s sor\u00e1n.<\/p>\n<p>\u00c9s most a migr\u00e1ci\u00f3s \u00e9s menek\u00fclt\u00fcgyi paktumr\u00f3l. Ez ugyanis olyan rendelkez\u00e9seket tartalmaz, amelyek \u00e9rintik a Magyarorsz\u00e1ggal szemben felhozott kifog\u00e1sokat. De a Paktum nem t\u00f6rli el \u00e9s nem \u00edrja \u00e1t automatikusan a 2020-as \u00edt\u00e9letben meg\u00e1llap\u00edtott k\u00f6telezetts\u00e9geket.\u00a0<\/p>\n<p> <a href=\"https:\/\/hvg.hu\/360\/20260609_migracio-bevandorlas-eu-ep2026\" target=\"_self\" rel=\"nofollow noopener\"> <\/p>\n<p>https:\/\/hvg.hu\/360\/20260609_migracio-bevandorlas-eu-ep2026<\/p>\n<p>Ami v\u00e1ltozik, az az els\u0151 k\u00e9t ter\u00fclet uni\u00f3s jogi h\u00e1ttere. A Paktum 2026. j\u00fanius 12-t\u0151l alkalmazand\u00f3 \u00faj menek\u00fclt\u00fcgyi rendszert hozott l\u00e9tre, \u00edgy a kor\u00e1bbi elj\u00e1r\u00e1si \u00e9s befogad\u00e1si ir\u00e1nyelvek hely\u00e9be, illetve azok helyett az \u00faj uni\u00f3s szab\u00e1lyok l\u00e9pnek. Ez azt jelenti, hogy a magyarorsz\u00e1gi szab\u00e1lyokat 2026-t\u00f3l m\u00e1r nem puszt\u00e1n az \u00edt\u00e9letben hivatkozott r\u00e9gi ir\u00e1nyelvek alapj\u00e1n kell vizsg\u00e1lni, hanem az \u00faj Paktum szab\u00e1lyaival egy\u00fctt. A Paktum ugyanakkor maga is a mened\u00e9kk\u00e9relemhez val\u00f3 hozz\u00e1f\u00e9r\u00e9s \u00e9s a megfelel\u0151 elj\u00e1r\u00e1si garanci\u00e1k biztos\u00edt\u00e1s\u00e1t \u00edrja el\u0151.<\/p>\n<p>Ez\u00e9rt a Paktum nem jelenti automatikusan azt, hogy Magyarorsz\u00e1g v\u00e9grehajtotta a B\u00edr\u00f3s\u00e1g d\u00f6nt\u00e9s\u00e9t, de megv\u00e1ltoztatja azt a jogi k\u00f6rnyezetet, amelyben a v\u00e9grehajt\u00e1st \u00e9rt\u00e9kelni kell. Ha p\u00e9ld\u00e1ul az \u00faj Paktum egy kor\u00e1bban kifog\u00e1solt k\u00e9rd\u00e9st m\u00e1r m\u00e1s m\u00f3don szab\u00e1lyoz, akkor azt kell megvizsg\u00e1lni, hogy az \u00faj uni\u00f3s szab\u00e1lyok t\u00e9nyleges alkalmaz\u00e1sa mellett fenn\u00e1ll-e m\u00e9g ugyanaz a jogs\u00e9rt\u0151 helyzet, amely miatt a napi b\u00edrs\u00e1got kiszabt\u00e1k.<\/p>\n<p>A pushbackek k\u00e9rd\u00e9se k\u00fcl\u00f6n\u00f6sen fontos: az \u00edt\u00e9let ezen r\u00e9sze a 2008-as visszat\u00e9r\u00e9si ir\u00e1nyelvre \u00e9p\u00fclt, ez\u00e9rt itt is felmer\u00fcl az uni\u00f3s visszat\u00e9r\u00e9si szab\u00e1lyok id\u0151k\u00f6zbeni v\u00e1ltoz\u00e1s\u00e1nak hat\u00e1sa. A 2024-es \u00edt\u00e9let azonban kifejezetten azt \u00e1llap\u00edtotta meg, hogy Magyarorsz\u00e1g az illeg\u00e1lisan tart\u00f3zkod\u00f3k elt\u00e1vol\u00edt\u00e1sakor nem biztos\u00edtotta az uni\u00f3s jog \u00e1ltal megk\u00f6vetelt elj\u00e1r\u00e1si garanci\u00e1kat.\u00a0<\/p>\n<p>Vagyis a Paktum nem \u201esemmis\u00edti meg\u201d a 2024-es \u00edt\u00e9letet, de 2026. j\u00fanius 12. ut\u00e1n \u00faj jogi helyzetet teremt. Fel lehet tenni a k\u00e9rd\u00e9st, hogy a napi 1 milli\u00f3 eur\u00f3s b\u00edrs\u00e1g automatikusan tov\u00e1bb futhat-e v\u00e1ltozatlanul egy olyan \u00edt\u00e9let alapj\u00e1n, amelynek alapj\u00e1ul szolg\u00e1l\u00f3 uni\u00f3s jog id\u0151k\u00f6zben r\u00e9szben megv\u00e1ltozott, vagy az \u00faj jogi helyzet miatt \u00fajra kell \u00e9rt\u00e9kelni, hogy Magyarorsz\u00e1g pontosan milyen k\u00f6telezetts\u00e9g megszeg\u00e9se miatt tartozik tov\u00e1bbra is fizetni. V\u00e9lhet\u0151en erre \u2013 is \u2013 utal Magyar P\u00e9ter is akkor, amikor igazs\u00e1gtalan helyzetr\u0151l besz\u00e9l.<\/p>\n<p class=\"highlighted\">De. A Paktummal kapcsolatban az a hivatalos magyar \u00e1ll\u00e1spont, hogy \u201enem fogadjuk el\u201d. Neh\u00e9z meg\u00e1llap\u00edtani, hogy ez mit jelent, mert arr\u00f3l, hogy egy tag\u00e1llam nem fogad el egy uni\u00f3s jogszab\u00e1lyt, att\u00f3l az m\u00e9g l\u00e9tezik, k\u00f6telez\u0151 \u00e9s alkalmazand\u00f3. <\/p>\n<p>Ugyanakkor az el\u0151z\u0151 \u00e9s a jelenlegi magyar korm\u00e1ny is eddig elmulasztotta beny\u00fajtani \u2013 a hat\u00e1rid\u0151 2024 decembere volt \u2013 a Paktumra vonatkoz\u00f3 nemzeti v\u00e9grehajt\u00e1si tervet. A k\u00e9sedelem miatt m\u00e1ris uni\u00f3s jogot s\u00e9rt Magyarorsz\u00e1g, ami miatt az Eur\u00f3pai Bizotts\u00e1g b\u00e1rmikor megind\u00edthatn\u00e1 a k\u00f6telezetts\u00e9gszeg\u00e9si elj\u00e1r\u00e1st. Aminek v\u00e9ge egy \u00fajabb csinos kis b\u00fcntet\u00e9s is lehetne \u2013 persze, nem ebben az \u00e9vtizedben.<\/p>\n<p><img decoding=\"async\" class=\"wp-block-hvg-custom-image__image\" src=\"https:\/\/www.europesays.com\/hu\/wp-content\/uploads\/2026\/09\/adf3a634-a2d0-4101-9e6a-4ee31036b3e5.jpg\" data-size=\"https:\/\/www.europesays.com\/hu\/wp-content\/uploads\/2026\/09\/adf3a634-a2d0-4101-9e6a-4ee31036b3e5.jpg\"\/><\/p>\n<p>Az Eur\u00f3pai Uni\u00f3 B\u00edr\u00f3s\u00e1ga, a Curia luxembourgi t\u00e1rgyal\u00f3terme <\/p>\n<p>MTI \/ Julien Warnand<\/p>\n<p>Cs\u00fct\u00f6rt\u00f6ki sajt\u00f3t\u00e1j\u00e9koztat\u00f3j\u00e1n Magyar P\u00e9ter besz\u00e9lt arr\u00f3l, hogy keresik a megold\u00e1st, felhozta a megv\u00e1ltozott jogi \u00e9s politikai k\u00f6rnyezetet, de egy\u00e9rtelm\u0171 javaslatot nem fogalmazott meg \u2013 \u00fagy t\u0171nt, ezt az EU feladat\u00e1nak tekinti. Mindenesetre az Eur\u00f3pai Bizotts\u00e1g sz\u00e9tt\u00e1rta a karjait.<\/p>\n<p>Egy b\u00edr\u00f3s\u00e1gi \u00fcgyr\u0151l besz\u00e9l\u00fcnk, teh\u00e1t a b\u00edr\u00f3s\u00e1g \u00e1ltal hozott \u00edt\u00e9letr\u0151l. Magyarorsz\u00e1gnak \u00e9s a b\u00edr\u00f3s\u00e1gnak kell megn\u00e9znie, hogy mit lehet tenni<\/p>\n<p>&#8211; mondta az Euronews k\u00e9rd\u00e9s\u00e9re m\u00e9g Magyar P\u00e9ter cs\u00fct\u00f6rt\u00f6k d\u00e9lut\u00e1ni sajt\u00f3t\u00e1j\u00e9koztat\u00f3ja el\u0151tt Markus Lammert sz\u00f3viv\u0151. K\u00e9s\u0151bb az EUrologus k\u00e9rd\u00e9s\u00e9re a sz\u00f3viv\u0151i szolg\u00e1lat meger\u0151s\u00edtette, hogy a Bizotts\u00e1g \u201enagyon szorosan \u00e9s konstrukt\u00edvan\u201d egy\u00fcttm\u0171k\u00f6dik a magyar hat\u00f3s\u00e1gokkal az \u00fcgyben. B\u00e1rmit is jelentsen ez.<\/p>\n<p>Ahogy arra a Helsinki Bizotts\u00e1g is felh\u00edvta a figyelmet, a szeptember 7-\u00e9n lej\u00e1r\u00f3 \u201et\u00f6meges bev\u00e1ndorl\u00e1s okozta v\u00e1ls\u00e1ghelyzet\u201d tov\u00e1bbi fenntart\u00e1s\u00e1ra nincs sz\u00fcks\u00e9g.<\/p>\n<p>A v\u00e1ls\u00e1ghelyzet megsz\u00fcntet\u00e9se nem jelenten\u00e9 a hat\u00e1rv\u00e9delem felad\u00e1s\u00e1t, nem kellene lebontani a hat\u00e1rker\u00edt\u00e9st vagy ellen\u0151rizetlen\u00fcl befogadni az orsz\u00e1gba \u00e9rkez\u0151 k\u00fclf\u00f6ldieket. \u00c9ppen ellenkez\u0151leg: lehet\u0151s\u00e9get teremtene arra, hogy visszat\u00e9rj\u00fcnk a jogszer\u0171 hat\u00e1r- \u00e9s idegenrend\u00e9szeti elj\u00e1r\u00e1sokhoz. \u00c9s mentes\u00fclj\u00fcnk v\u00e9gre a napi egymilli\u00f3 eur\u00f3s uni\u00f3s b\u00edrs\u00e1g megfizet\u00e9s\u00e9t\u0151l<\/p>\n<p>&#8211; \u00edrja a jogv\u00e9d\u0151 szervezet. <\/p>\n<p> <a href=\"https:\/\/hvg.hu\/itthon\/20260904_hetfon-lejar-orban-kormany-bevandorlas-okozta-valsaghelyzet\" target=\"_self\" rel=\"nofollow noopener\"> <\/p>\n<p>https:\/\/hvg.hu\/itthon\/20260904_hetfon-lejar-orban-kormany-bevandorlas-okozta-valsaghelyzet<\/p>\n<p>A Helsinki Bizotts\u00e1g \u00e9rvel\u00e9se \u00f6sszhangban van azzal, hogy a v\u00e1ls\u00e1ghelyzet megsz\u00fcntet\u00e9se k\u00f6zvetlen\u00fcl \u00e9rinten\u00e9 a 2020-as \u00edt\u00e9letben kifog\u00e1solt jogs\u00e9rt\u00e9sek egyik fontos elem\u00e9t, az egyedi vizsg\u00e1lat n\u00e9lk\u00fcli visszak\u00eds\u00e9r\u00e9sek jogalapj\u00e1t. Ez azonban \u00f6nmag\u00e1ban m\u00e9g nem jelenti automatikusan a napi egymilli\u00f3 eur\u00f3s b\u00edrs\u00e1g teljes megsz\u0171n\u00e9s\u00e9t: az Eur\u00f3pai Uni\u00f3 B\u00edr\u00f3s\u00e1g\u00e1nak \u00edt\u00e9lete ugyanis a mened\u00e9kk\u00e9relem beny\u00fajt\u00e1s\u00e1hoz val\u00f3 hozz\u00e1f\u00e9r\u00e9s \u00e9s a jogorvoslat ideje alatti tart\u00f3zkod\u00e1s szab\u00e1lyait is kifog\u00e1solta. Ezt is tudjuk m\u00e9g bonyol\u00edtani: az \u00edt\u00e9let rendelkez\u0151 r\u00e9sze kifejezetten k\u00e9t k\u00fcl\u00f6n napi b\u00edrs\u00e1got \u00e1llap\u00edt meg:\u00a0900 ezer eur\u00f3t\u00a0az uni\u00f3s mened\u00e9kjogi szab\u00e1lyok megs\u00e9rt\u00e9se miatt, illetve\u00a0100 ezer eur\u00f3t\u00a0a visszat\u00e9r\u00e9si ir\u00e1nyelv megs\u00e9rt\u00e9se miatt. <\/p>\n<p class=\"highlighted\">Vagyis a v\u00e1ls\u00e1ghelyzet megsz\u00fcntet\u00e9s\u00e9vel napi 100 ezer eur\u00f3t szinte biztos, hogy lehetne sp\u00f3rolni.<\/p>\n<p>Nyit\u00f3k\u00e9p: Magyar P\u00e9ter Br\u00fcsszelben az Eur\u00f3pai Bizotts\u00e1g eln\u00f6k\u00e9vel tartott sajt\u00f3t\u00e1j\u00e9koztat\u00f3n 2026. m\u00e1jus 29-\u00e9n. Fot\u00f3: AFP \/ John Thys <\/p>\n","protected":false},"excerpt":{"rendered":"A b\u00fcntet\u00e9s alapja az Eur\u00f3pai B\u00edr\u00f3s\u00e1g 2024. j\u00faniusi d\u00f6nt\u00e9se, amelyben azt mondta ki a b\u00edr\u00f3s\u00e1g, hogy egy 2020.&hellip;\n","protected":false},"author":2,"featured_media":233988,"comment_status":"","ping_status":"","sticky":false,"template":"","format":"standard","meta":{"footnotes":"","_share_on_mastodon":"0"},"categories":[33],"tags":[583,429,38,35,37,44,42,40,43,944,41,1356,7792,34,36,39],"class_list":["post-233987","post","type-post","status-publish","format-standard","has-post-thumbnail","category-hirek","tag-europai-bizottsag","tag-europai-unio","tag-focimek","tag-headlines","tag-hirek","tag-hu","tag-hungarian","tag-hungary","tag-magyar","tag-magyar-peter","tag-magyarorszag","tag-migracio","tag-migracios-paktum","tag-news","tag-top-stories","tag-vezeto-hirek"],"share_on_mastodon":{"url":"https:\/\/pubeurope.com\/@hu\/117218861983600657","error":""},"_links":{"self":[{"href":"https:\/\/www.europesays.com\/hu\/wp-json\/wp\/v2\/posts\/233987","targetHints":{"allow":["GET"]}}],"collection":[{"href":"https:\/\/www.europesays.com\/hu\/wp-json\/wp\/v2\/posts"}],"about":[{"href":"https:\/\/www.europesays.com\/hu\/wp-json\/wp\/v2\/types\/post"}],"author":[{"embeddable":true,"href":"https:\/\/www.europesays.com\/hu\/wp-json\/wp\/v2\/users\/2"}],"replies":[{"embeddable":true,"href":"https:\/\/www.europesays.com\/hu\/wp-json\/wp\/v2\/comments?post=233987"}],"version-history":[{"count":0,"href":"https:\/\/www.europesays.com\/hu\/wp-json\/wp\/v2\/posts\/233987\/revisions"}],"wp:featuredmedia":[{"embeddable":true,"href":"https:\/\/www.europesays.com\/hu\/wp-json\/wp\/v2\/media\/233988"}],"wp:attachment":[{"href":"https:\/\/www.europesays.com\/hu\/wp-json\/wp\/v2\/media?parent=233987"}],"wp:term":[{"taxonomy":"category","embeddable":true,"href":"https:\/\/www.europesays.com\/hu\/wp-json\/wp\/v2\/categories?post=233987"},{"taxonomy":"post_tag","embeddable":true,"href":"https:\/\/www.europesays.com\/hu\/wp-json\/wp\/v2\/tags?post=233987"}],"curies":[{"name":"wp","href":"https:\/\/api.w.org\/{rel}","templated":true}]}}