{"id":233994,"date":"2026-09-05T14:26:12","date_gmt":"2026-09-05T14:26:12","guid":{"rendered":"https:\/\/www.europesays.com\/hu\/233994\/"},"modified":"2026-09-05T14:26:12","modified_gmt":"2026-09-05T14:26:12","slug":"kokemeny-europai-erodemonstraciot-tol-a-xiaomi-techworld","status":"publish","type":"post","link":"https:\/\/www.europesays.com\/hu\/233994\/","title":{"rendered":"K\u0151kem\u00e9ny eur\u00f3pai er\u0151demonstr\u00e1ci\u00f3t tol a Xiaomi \u2013 Techworld"},"content":{"rendered":"<p class=\"isSelectedEnd\">A Xiaomi els\u0151 alkalommal vesz r\u00e9szt \u00f6n\u00e1ll\u00f3 ki\u00e1ll\u00edt\u00f3k\u00e9nt a berlini IFA-n. A v\u00e1llalat t\u00f6bb mint 3300 n\u00e9gyzetm\u00e9teres standon t\u00f6bb mint 380 term\u00e9ket mutat be, mik\u00f6zben az okostelefonokt\u00f3l az okosotthonon \u00e1t az elektromos aut\u00f3kig terjed\u0151 \u00f6kosziszt\u00e9m\u00e1j\u00e1nak tov\u00e1bbi integr\u00e1ci\u00f3j\u00e1t helyezi a k\u00f6z\u00e9ppontba.<\/p>\n<p><a href=\"https:\/\/www.europesays.com\/hu\/wp-content\/uploads\/2026\/09\/xiaomi-auto2-scaled.jpg\"><img data-lazyloaded=\"1\" fetchpriority=\"high\" decoding=\"async\" class=\"aligncenter size-full wp-image-70534\" src=\"https:\/\/www.europesays.com\/hu\/wp-content\/uploads\/2026\/09\/xiaomi-auto2-scaled.jpg\" alt=\"\" width=\"2560\" height=\"1268\"  data-\/><\/a><\/p>\n<p class=\"isSelectedEnd\">A Xiaomi els\u0151 \u00f6n\u00e1ll\u00f3 IFA-megjelen\u00e9s\u00e9n els\u0151sorban azt mutatja be, hogyan kapcsolhat\u00f3k \u00f6ssze a v\u00e1llalat k\u00fcl\u00f6nb\u00f6z\u0151 term\u00e9kkateg\u00f3ri\u00e1i egyetlen \u00f6kosziszt\u00e9m\u00e1ban. A bemutat\u00f3 k\u00f6zponti eleme az \u00fagynevezett \u201eEmber \u00d7 Aut\u00f3 \u00d7 Otthon\u201d koncepci\u00f3, amely a szem\u00e9lyes eszk\u00f6z\u00f6ket, az okosotthon-technol\u00f3gi\u00e1kat \u00e9s az aut\u00f3ipari fejleszt\u00e9seket fogja \u00f6ssze.<\/p>\n<p class=\"isSelectedEnd\">A v\u00e1llalat t\u00f6bb mint 3300 n\u00e9gyzetm\u00e9teres ki\u00e1ll\u00edt\u00e1si ter\u00fcleten t\u00f6bb mint 380 term\u00e9ket mutat be. A bemutat\u00f3 h\u00e1rom f\u0151 ter\u00fcletre \u00e9p\u00fcl: a j\u00f6v\u0151 technol\u00f3gi\u00e1it szeml\u00e9ltet\u0151 AI Tomorrow, a jelenlegi megold\u00e1sokat bemutat\u00f3 AI Today, valamint a teljes term\u00e9kportf\u00f3li\u00f3t felvonultat\u00f3 Human \u00d7 Car \u00d7 Home szekci\u00f3ra.<\/p>\n<p class=\"isSelectedEnd\">A Xiaomi sz\u00e1m\u00e1ra az eur\u00f3pai piac kiemelt jelent\u0151s\u00e9g\u0171. A v\u00e1llalat k\u00f6zl\u00e9se szerint a Mijia okosotthon-term\u00e9kek m\u00e1r jelen vannak a r\u00e9gi\u00f3ban, mik\u00f6zben a Xiaomi Auto v\u00e1rhat\u00f3an 2027-ben kezdi meg eur\u00f3pai piaci terjeszked\u00e9s\u00e9t. Ezzel a v\u00e1llalat h\u00e1rom f\u0151 term\u00e9kter\u00fclete \u2013 a szem\u00e9lyes eszk\u00f6z\u00f6k, az aut\u00f3k \u00e9s az okosotthon \u2013 Eur\u00f3p\u00e1ban is szorosabban kapcsol\u00f3dhat \u00f6ssze.<\/p>\n<p>Az AI az \u00f6kosziszt\u00e9ma m\u0171k\u00f6d\u00e9s\u00e9nek k\u00f6zponti eleme<\/p>\n<p class=\"isSelectedEnd\">A Xiaomi strat\u00e9gi\u00e1j\u00e1ban a mesters\u00e9ges intelligencia nem \u00f6n\u00e1ll\u00f3 term\u00e9kkateg\u00f3riak\u00e9nt, hanem az eszk\u00f6z\u00f6k k\u00f6z\u00f6tti egy\u00fcttm\u0171k\u00f6d\u00e9st t\u00e1mogat\u00f3 technol\u00f3giak\u00e9nt jelenik meg. A v\u00e1llalat a HyperOS oper\u00e1ci\u00f3s rendszerre \u00e9s saj\u00e1t AI-fejleszt\u00e9seire \u00e9p\u00edtve olyan m\u0171k\u00f6d\u00e9si modellt mutat be, amelyben az egyes eszk\u00f6z\u00f6k nem elszigetelten m\u0171k\u00f6dnek.<\/p>\n<p><a href=\"https:\/\/www.europesays.com\/hu\/wp-content\/uploads\/2026\/09\/xiaomi-ai-scaled.jpg\"><img loading=\"lazy\" data-lazyloaded=\"1\" decoding=\"async\" class=\"aligncenter size-full wp-image-70535\" src=\"https:\/\/www.europesays.com\/hu\/wp-content\/uploads\/2026\/09\/xiaomi-ai-scaled.jpg\" alt=\"\" width=\"2560\" height=\"1198\"  data-\/><\/a><\/p>\n<p class=\"isSelectedEnd\">A berlini bemutat\u00f3kon t\u00f6bb olyan forgat\u00f3k\u00f6nyvet is szeml\u00e9ltetnek, amelyben a rendszer a felhaszn\u00e1l\u00f3 helyzet\u00e9t \u00e9s k\u00f6rnyezet\u00e9t figyelembe v\u00e9ve hangolja \u00f6ssze a k\u00fcl\u00f6nb\u00f6z\u0151 eszk\u00f6z\u00f6ket. Ilyen lehet p\u00e9ld\u00e1ul az otthoni vil\u00e1g\u00edt\u00e1s vagy a l\u00e9gkondicion\u00e1l\u00e1s automatikus be\u00e1ll\u00edt\u00e1sa a felhaszn\u00e1l\u00f3 haza\u00e9rkez\u00e9se el\u0151tt, illetve t\u00f6bb otthoni eszk\u00f6z egy\u00fcttes haszn\u00e1lata egyetlen feladat v\u00e9grehajt\u00e1s\u00e1hoz.<\/p>\n<p class=\"isSelectedEnd\">A megk\u00f6zel\u00edt\u00e9s l\u00e9nyege, hogy az AI ne kiz\u00e1r\u00f3lag konkr\u00e9t felhaszn\u00e1l\u00f3i parancsokra reag\u00e1ljon, hanem a rendelkez\u00e9sre \u00e1ll\u00f3 kontextus alapj\u00e1n is k\u00e9pes legyen k\u00f6vetkeztetni a felhaszn\u00e1l\u00f3i sz\u00e1nd\u00e9kra. A v\u00e1llalat ugyanakkor hangs\u00falyozza, hogy az ilyen m\u0171k\u00f6d\u00e9s sor\u00e1n a felhaszn\u00e1l\u00f3i enged\u00e9ly \u00e9s kontroll tov\u00e1bbra is alapvet\u0151 szempont.<\/p>\n<p>Az aut\u00f3 is az \u00f6kosziszt\u00e9ma r\u00e9sze<\/p>\n<p class=\"isSelectedEnd\">A Xiaomi \u00f6kosziszt\u00e9ma-strat\u00e9gi\u00e1j\u00e1nak fontos eleme az aut\u00f3ipari \u00fczlet\u00e1g. A v\u00e1llalat a berlini ki\u00e1ll\u00edt\u00e1son a SU7 Max modellt, valamint a j\u00f6v\u0151beli mobilit\u00e1sr\u00f3l sz\u00f3l\u00f3 koncepci\u00f3k\u00e9nt a Xiaomi Vision Gran Turismo tanulm\u00e1nyt is bemutatja.<\/p>\n<p class=\"isSelectedEnd\">A Xiaomi Auto k\u00ednai piaci megjelen\u00e9se \u00f3ta t\u00f6bb mint 700 ezer j\u00e1rm\u0171vet \u00e9rt\u00e9kes\u00edtett a v\u00e1llalat k\u00f6zl\u00e9se szerint. A gy\u00e1rt\u00f3 YU7 modellj\u00e9re a bevezet\u00e9s els\u0151 napj\u00e1n 240 ezer meger\u0151s\u00edtett megrendel\u00e9s \u00e9rkezett.<\/p>\n<p class=\"isSelectedEnd\">Az aut\u00f3ipari fejleszt\u00e9sek eur\u00f3pai megjelen\u00e9se ugyanakkor csak 2027-t\u0151l v\u00e1rhat\u00f3. Ez azt jelenti, hogy a Xiaomi eur\u00f3pai \u00f6kosziszt\u00e9ma-strat\u00e9gi\u00e1j\u00e1nak aut\u00f3ipari r\u00e9sze egyel\u0151re els\u0151sorban technol\u00f3giai \u00e9s term\u00e9kbemutat\u00f3kon kereszt\u00fcl jelenik meg a kontinensen.<\/p>\n<p>Sz\u00e9les term\u00e9kportf\u00f3li\u00f3<\/p>\n<p class=\"isSelectedEnd\">A ki\u00e1ll\u00edt\u00e1s egyik r\u00e9sze a Xiaomi t\u00f6bb mint 380 term\u00e9kb\u0151l \u00e1ll\u00f3 portf\u00f3li\u00f3j\u00e1t mutatja be. A term\u00e9kek k\u00f6z\u00f6tt a f\u0151z\u00e9shez \u00e9s \u00e9lelmiszer-t\u00e1rol\u00e1shoz, az otthoni takar\u00edt\u00e1shoz, a leveg\u0151min\u0151s\u00e9ghez, az audiovizu\u00e1lis sz\u00f3rakoztat\u00e1shoz, az otthonbiztons\u00e1ghoz, a szem\u00e9lyes eszk\u00f6z\u00f6kh\u00f6z \u00e9s a mobilit\u00e1shoz kapcsol\u00f3d\u00f3 megold\u00e1sok egyar\u00e1nt megtal\u00e1lhat\u00f3k.<\/p>\n<p class=\"isSelectedEnd\">A v\u00e1llalat \u00f6kosziszt\u00e9ma-megk\u00f6zel\u00edt\u00e9s\u00e9nek egyik alapja, hogy ezeket a k\u00fcl\u00f6nb\u00f6z\u0151 kateg\u00f3ri\u00e1kat k\u00f6z\u00f6s szoftveres \u00e9s h\u00e1l\u00f3zati infrastrukt\u00fara kapcsolja \u00f6ssze. A Xiaomi szerint jelenleg t\u00f6bb mint 1,1 milli\u00e1rd eszk\u00f6z csatlakozik a v\u00e1llalat fogyaszt\u00f3i AIoT-platformj\u00e1hoz, az okostelefonokat, t\u00e1blag\u00e9peket \u00e9s laptopokat nem sz\u00e1m\u00edtva. A platform t\u00f6bb mint 175 milli\u00f3 felhaszn\u00e1l\u00f3t \u00e9s h\u00e1ztart\u00e1st szolg\u00e1l ki vil\u00e1gszerte.<\/p>\n<p class=\"isSelectedEnd\">A v\u00e1llalat k\u00f6zl\u00e9se szerint az elm\u00falt \u00e9vekben jelent\u0151s er\u0151forr\u00e1sokat ford\u00edtott olyan alaptechnol\u00f3gi\u00e1k fejleszt\u00e9s\u00e9re is, mint a mesters\u00e9ges intelligencia, az oper\u00e1ci\u00f3s rendszerek, a chipek \u00e9s az intelligens gy\u00e1rt\u00e1s. Ezekre a technol\u00f3gi\u00e1kra \u00e9p\u00fcl a most bemutatott, t\u00f6bb term\u00e9kkateg\u00f3ri\u00e1t \u00f6sszekapcsol\u00f3 modell.<\/p>\n<p>Az eur\u00f3pai jelenl\u00e9t er\u0151s\u00edt\u00e9se<\/p>\n<p class=\"isSelectedEnd\">A berlini IFA-megjelen\u00e9s a Xiaomi sz\u00e1m\u00e1ra els\u0151sorban az \u00f6kosziszt\u00e9ma eur\u00f3pai bemutat\u00e1s\u00e1nak eszk\u00f6ze. A v\u00e1llalat nem csup\u00e1n egyes term\u00e9kek bevezet\u00e9s\u00e9re koncentr\u00e1l, hanem hosszabb t\u00e1von a szem\u00e9lyes eszk\u00f6z\u00f6k, az otthoni rendszerek \u00e9s az aut\u00f3k k\u00f6z\u00f6tti technol\u00f3giai kapcsolat kialak\u00edt\u00e1s\u00e1ra t\u00f6rekszik.<\/p>\n<p class=\"isSelectedEnd\">Ennek fontos k\u00f6vetkez\u0151 l\u00e9p\u00e9se lehet a Xiaomi Auto eur\u00f3pai megjelen\u00e9se 2027-ben. Ha ez a terjeszked\u00e9s a v\u00e1llalat tervei szerint val\u00f3sul meg, az eddig els\u0151sorban elektronikai \u00e9s okosotthon-term\u00e9kekb\u0151l \u00e1ll\u00f3 eur\u00f3pai jelenl\u00e9t egy \u00faj, aut\u00f3ipari komponenssel eg\u00e9sz\u00fclhet ki.<\/p>\n<p>Az IFA-n bemutatott strat\u00e9gia \u00edgy els\u0151sorban azt jelzi, hogy a Xiaomi a k\u00fcl\u00f6nb\u00f6z\u0151 term\u00e9kek \u00f6n\u00e1ll\u00f3 \u00e9rt\u00e9kes\u00edt\u00e9se helyett egyre nagyobb hangs\u00falyt helyez az egys\u00e9ges, szoftveresen \u00f6sszekapcsolt \u00f6kosziszt\u00e9ma kialak\u00edt\u00e1s\u00e1ra. Az AI ebben a modellben az eszk\u00f6z\u00f6k k\u00f6z\u00f6tti egy\u00fcttm\u0171k\u00f6d\u00e9s egyik meghat\u00e1roz\u00f3 technol\u00f3giai r\u00e9teg\u00e9v\u00e9 v\u00e1lhat.<\/p>\n","protected":false},"excerpt":{"rendered":"A Xiaomi els\u0151 alkalommal vesz r\u00e9szt \u00f6n\u00e1ll\u00f3 ki\u00e1ll\u00edt\u00f3k\u00e9nt a berlini IFA-n. A v\u00e1llalat t\u00f6bb mint 3300 n\u00e9gyzetm\u00e9teres standon&hellip;\n","protected":false},"author":2,"featured_media":233995,"comment_status":"","ping_status":"","sticky":false,"template":"","format":"standard","meta":{"footnotes":"","_share_on_mastodon":"0"},"categories":[12],"tags":[44,42,40,43,41,121,120,125,122,124,123],"class_list":["post-233994","post","type-post","status-publish","format-standard","has-post-thumbnail","category-tudomany-es-technologia","tag-hu","tag-hungarian","tag-hungary","tag-magyar","tag-magyarorszag","tag-science","tag-science-technology","tag-technologia","tag-technology","tag-tudomany","tag-tudomany-es-technologia"],"share_on_mastodon":{"url":"https:\/\/pubeurope.com\/@hu\/117218901497907821","error":""},"_links":{"self":[{"href":"https:\/\/www.europesays.com\/hu\/wp-json\/wp\/v2\/posts\/233994","targetHints":{"allow":["GET"]}}],"collection":[{"href":"https:\/\/www.europesays.com\/hu\/wp-json\/wp\/v2\/posts"}],"about":[{"href":"https:\/\/www.europesays.com\/hu\/wp-json\/wp\/v2\/types\/post"}],"author":[{"embeddable":true,"href":"https:\/\/www.europesays.com\/hu\/wp-json\/wp\/v2\/users\/2"}],"replies":[{"embeddable":true,"href":"https:\/\/www.europesays.com\/hu\/wp-json\/wp\/v2\/comments?post=233994"}],"version-history":[{"count":0,"href":"https:\/\/www.europesays.com\/hu\/wp-json\/wp\/v2\/posts\/233994\/revisions"}],"wp:featuredmedia":[{"embeddable":true,"href":"https:\/\/www.europesays.com\/hu\/wp-json\/wp\/v2\/media\/233995"}],"wp:attachment":[{"href":"https:\/\/www.europesays.com\/hu\/wp-json\/wp\/v2\/media?parent=233994"}],"wp:term":[{"taxonomy":"category","embeddable":true,"href":"https:\/\/www.europesays.com\/hu\/wp-json\/wp\/v2\/categories?post=233994"},{"taxonomy":"post_tag","embeddable":true,"href":"https:\/\/www.europesays.com\/hu\/wp-json\/wp\/v2\/tags?post=233994"}],"curies":[{"name":"wp","href":"https:\/\/api.w.org\/{rel}","templated":true}]}}