{"id":234004,"date":"2026-09-05T14:31:25","date_gmt":"2026-09-05T14:31:25","guid":{"rendered":"https:\/\/www.europesays.com\/hu\/234004\/"},"modified":"2026-09-05T14:31:25","modified_gmt":"2026-09-05T14:31:25","slug":"soha-nem-latott-tempoban-omlik-a-penz-a-lakaspiacra-piacprofit","status":"publish","type":"post","link":"https:\/\/www.europesays.com\/hu\/234004\/","title":{"rendered":"Soha nem l\u00e1tott temp\u00f3ban \u00f6mlik a p\u00e9nz a lak\u00e1spiacra &#8211; Piac&amp;Profit"},"content":{"rendered":"<p><a href=\"https:\/\/news.google.com\/rss\/articles\/CBMinAFBVV95cUxQUlNDVmdqWWIzX1o0TnJkc0VaeV9PdEE4LXhiSGVVVmQ1UmJqdVBBc084Vl9VcUVfdFJQdzAzcy1oWEluWUZQOFBpdGZZdVZuaC00NjVOdUVUV2FuTG44OVBuZjQtUTItdVVPVk8tckVkRWd4ZDIwYmtISXhyOFFhMnBCVkc2SUJEVTZmLVJ1SWFYVEdqd2FBSkp0Nzk?oc=5\" target=\"_blank\" rel=\"nofollow noopener\">Soha nem l\u00e1tott temp\u00f3ban \u00f6mlik a p\u00e9nz a lak\u00e1spiacra<\/a>&nbsp;&nbsp;Piac&amp;Profit<a href=\"https:\/\/news.google.com\/rss\/articles\/CBMi3gFBVV95cUxNTkZvd0xMM01PamhLMzdiMTRTQjNWLTNLeUhkRkpNcEVic3AtM2JlVDJnLV9QTUJSdHBMNk1mM1EtdmttazlOT05CZkVzMS1SbXo3aWJHb0VWX2Raa212dHhrVkZlWkNUQ3J3Q2dJdU41aHkzZy16aXlfd3VQQzEwVjB2MUNIQjJKWndaNDNTeUZVUDU1LTZBWXFlRS1jUnJqZC1GS2VpVmFHMkpOOXRwWlc2Yk9LcnF2WFJLb2Y5N3pvZE1XRWM5b3Y2NlFjQTBISHFwU1g4b3REaXhWbkE?oc=5\" target=\"_blank\" rel=\"nofollow noopener\">Rohamtemp\u00f3ban ad\u00f3sodik el a magyar lakoss\u00e1g: annyira p\u00f6r\u00f6g a k\u00e9t sl\u00e1gerhitel, mintha nem lenne holnap<\/a>&nbsp;&nbsp;Portfolio.hu<a href=\"https:\/\/news.google.com\/rss\/articles\/CBMi1gFBVV95cUxNemVkTlZndXlLSFg3Nk5FVE5LWlh1el9ZRndGMFlfNFg4d21COXYwb2UyT1NOaXl2aEUtQ183aXZTVTl2VEkyX2pDVnBFT0lRV2x4SzVhdW1tNk5BOW5GMnN0MmctRFVpcllBVkxMZ0NXSUl6LWVJaXZ4YUM4Qk1tT3J0cVhXNUZoS0kzc082cE5waHVBTlRaRXF5QkNVXzBfZjlRLXBjQjdMc0F1bEg1NVNDMG9BeEhPVEZUbkY4NGN5N2s0TzNYUXREOFpBS3RvT25XRU5R0gHbAUFVX3lxTE9NRG9JN0dreFkwN3hQVUF2VVNRZHd2NGhLbEJGWlR4ZWVybktPaWVDb01WQTJXXzRfZXRkc2x5U01acDRkeGZDOE9wZldUaG1rQXAwU3pJMGhXdm5zNVpDQzY4SDNkYjN3U09lYmVPMTBFU21NSGltbHEzOUtQcVFkZURkNDFydzRZdFgxR0hoTUliSmhEWW1mSGM5SlJpMi15aUVnTUdKa3FyY3QteXpGTmtXbzNyb1pjVDNEaDFCREg2UXlBTEhMX0x5TVZ4b1o2N3RpTkJhQzhlMA?oc=5\" target=\"_blank\" rel=\"nofollow noopener\">Elk\u00e9peszt\u0151, mi folyik a bankokban: kapkodnak a milli\u00f3k ut\u00e1n a magyarok, itt a hivatalos adat<\/a>&nbsp;&nbsp;P\u00e9nzcentrum<a href=\"https:\/\/news.google.com\/rss\/articles\/CBMikwFBVV95cUxPakFkQS0zdE9HYjB2bTNRS2UzQ2hMUGNITmlrckR5OUdGZXNrcnhfXzJ5ZlNiaWFCVUE3MDFPbUpDamtSckkzb3FGci1tMW9USVZhaXVPZ3ozVm9rTi13WVJRaFM1YUhZVU9VTDdUOTF0cTBTRDUxQzlsVjkzM0NhdndiU1pkTHhWOWhzRlE3NXptRzQ?oc=5\" target=\"_blank\" rel=\"nofollow noopener\">Hitelfelv\u00e9tel: senki nem akar lemaradni az Otthon Startr\u00f3l<\/a>&nbsp;&nbsp;Magyar Hang<a href=\"https:\/\/news.google.com\/rss\/articles\/CBMiqAFBVV95cUxQY0swY3VoWlU0bm9GSkJINXNNZTFfZ01hZjJBYi1DWlQ4UzJWaWxraF8tWWZqWDdid3gxMlZTRWlZd3RMYlBfa0JYck16V0VuQ0VuMDJIWld4MHZ3LWpudXk3VE5FOE04SmM4aGtfRlFaZEZES1cxTkF6MGRhU1BLSGYzRV9rejBVZmlNMFp6MFM0YWt1WmJqWFBjMmxYMzg2bUhSeGJ2cG0?oc=5\" target=\"_blank\" rel=\"nofollow noopener\">Er\u0151s a lakoss\u00e1gi hitelez\u00e9s, a c\u00e9gekn\u00e9l m\u00e9g nincs fordulat Magyarorsz\u00e1gon<\/a>&nbsp;&nbsp;Startlap<\/p>\n","protected":false},"excerpt":{"rendered":"Soha nem l\u00e1tott temp\u00f3ban \u00f6mlik a p\u00e9nz a lak\u00e1spiacra&nbsp;&nbsp;Piac&amp;ProfitRohamtemp\u00f3ban ad\u00f3sodik el a magyar lakoss\u00e1g: annyira p\u00f6r\u00f6g a k\u00e9t&hellip;\n","protected":false},"author":2,"featured_media":234005,"comment_status":"","ping_status":"","sticky":false,"template":"","format":"standard","meta":{"footnotes":"","_share_on_mastodon":"0"},"categories":[33],"tags":[47682,56963,38,63,35,37,44,42,40,61602,43,41,34,36,39],"class_list":["post-234004","post","type-post","status-publish","format-standard","has-post-thumbnail","category-hirek","tag-bank360","tag-banki-hitel","tag-focimek","tag-gazdasag","tag-headlines","tag-hirek","tag-hu","tag-hungarian","tag-hungary","tag-lakossagi-hitelezes","tag-magyar","tag-magyarorszag","tag-news","tag-top-stories","tag-vezeto-hirek"],"share_on_mastodon":{"url":"https:\/\/pubeurope.com\/@hu\/117218920651277217","error":""},"_links":{"self":[{"href":"https:\/\/www.europesays.com\/hu\/wp-json\/wp\/v2\/posts\/234004","targetHints":{"allow":["GET"]}}],"collection":[{"href":"https:\/\/www.europesays.com\/hu\/wp-json\/wp\/v2\/posts"}],"about":[{"href":"https:\/\/www.europesays.com\/hu\/wp-json\/wp\/v2\/types\/post"}],"author":[{"embeddable":true,"href":"https:\/\/www.europesays.com\/hu\/wp-json\/wp\/v2\/users\/2"}],"replies":[{"embeddable":true,"href":"https:\/\/www.europesays.com\/hu\/wp-json\/wp\/v2\/comments?post=234004"}],"version-history":[{"count":0,"href":"https:\/\/www.europesays.com\/hu\/wp-json\/wp\/v2\/posts\/234004\/revisions"}],"wp:featuredmedia":[{"embeddable":true,"href":"https:\/\/www.europesays.com\/hu\/wp-json\/wp\/v2\/media\/234005"}],"wp:attachment":[{"href":"https:\/\/www.europesays.com\/hu\/wp-json\/wp\/v2\/media?parent=234004"}],"wp:term":[{"taxonomy":"category","embeddable":true,"href":"https:\/\/www.europesays.com\/hu\/wp-json\/wp\/v2\/categories?post=234004"},{"taxonomy":"post_tag","embeddable":true,"href":"https:\/\/www.europesays.com\/hu\/wp-json\/wp\/v2\/tags?post=234004"}],"curies":[{"name":"wp","href":"https:\/\/api.w.org\/{rel}","templated":true}]}}