{"id":234008,"date":"2026-09-05T14:39:06","date_gmt":"2026-09-05T14:39:06","guid":{"rendered":"https:\/\/www.europesays.com\/hu\/234008\/"},"modified":"2026-09-05T14:39:06","modified_gmt":"2026-09-05T14:39:06","slug":"index-futball-futball-1174","status":"publish","type":"post","link":"https:\/\/www.europesays.com\/hu\/234008\/","title":{"rendered":"Index &#8211; Futball &#8211; Futball"},"content":{"rendered":"<p>A Viktoria elleni, plzeni \u00f6sszecsap\u00e1son a vend\u00e9g drukkerek az <a href=\"https:\/\/index.hu\/kulfold\/2026\/08\/27\/eletfogytiglani-borton-gyasz-halalhir-ratko-mladic-meghalt\/\" id=\"hyperlink_f9055f020b20742dec26256d1740a50d\" target=\"_blank\" title=\"Meghalt Ratko Mladic, a srebrenicai n\u00e9pirt\u00e1s\u00e9rt el\u00edt\u00e9lt h\u00e1bor\u00fas b\u0171n\u00f6s\" rel=\"nofollow noopener\">aznap elhunyt Mladic<\/a> nev\u00e9t skand\u00e1lt\u00e1k \u00e9s transzparenst mutattak fel, melyen k\u00f6sz\u00f6netet mondtak neki. A\u00a0Crvena ezeket a molin\u00f3kat azt\u00e1n megosztotta a k\u00f6z\u00f6ss\u00e9gi oldal\u00e1n:<\/p>\n<p>Az UEFA 90 ezer eur\u00f3 befizet\u00e9s\u00e9re k\u00f6telezte a belgr\u00e1di klubot sportp\u00e1ly\u00e1ra nem ill\u0151, illetve rasszista, kirekeszt\u0151 rigmusok miatt. Ezen t\u00falmen\u0151en a Crvena zvezda nem \u00e9rt\u00e9kes\u00edthet jegyeket a k\u00f6vetkez\u0151 idegenbeli nemzetk\u00f6zi kupam\u00e9rk\u0151z\u00e9sre, amely a sv\u00e1jci Lugano elleni Konferencia-liga \u00f6sszecsap\u00e1s lesz. Az eur\u00f3pai sz\u00f6vets\u00e9g egy tov\u00e1bbi, vend\u00e9gk\u00e9nt megv\u00edvand\u00f3 m\u00e9rk\u0151z\u00e9sre sz\u00f3l\u00f3 hasonl\u00f3 tilt\u00e1st is kiszabott, de azt k\u00e9t \u00e9vre felf\u00fcggesztette.<\/p>\n<p>A szerb csapat az El r\u00e1j\u00e1tsz\u00e1sban a p\u00e1rharc els\u0151 m\u00e9rk\u0151z\u00e9s\u00e9t 3\u20130-ra megnyerte, a visszav\u00e1g\u00f3n viszont hosszabb\u00edt\u00e1s ut\u00e1n a Viktoria Plzen 5\u20131-re nyert. \u00cdgy a cseh egy\u00fcttes jutott az El-f\u0151t\u00e1bl\u00e1j\u00e1ra, amelyen a Ferencv\u00e1rossal is szembe ker\u00fcl. A m\u00e9rk\u0151z\u00e9s okt\u00f3ber 15-\u00e9n lesz, a Groupama Ar\u00e9n\u00e1ban, \u00edrja az MTI.<\/p>\n<p>Mladicot n\u00e9pirt\u00e1s\u00e9rt, emberiess\u00e9g elleni \u00e9s h\u00e1bor\u00fas b\u0171ncselekm\u00e9nyek\u00e9rt \u00edt\u00e9lt\u00e9k el joger\u0151sen. A 84 \u00e9ves volt katonai vezet\u0151 a h\u00e1gai b\u00f6rt\u00f6nk\u00f3rh\u00e1zban halt meg m\u00falt cs\u00fct\u00f6rt\u00f6k\u00f6n.<\/p>\n<p><a href=\"https:\/\/dex.hu\/x.php?id=googlepref_desktop&amp;url=https:\/\/google.com\/preferences\/source?q=https:\/\/index.hu\" class=\"google-pref-banner \" id=\"googlePrefBanner\" rel=\"nofollow noopener\" target=\"_blank\"><\/p>\n<p>    Itt \u00e1ll\u00edtsa be, hogy az Index az els\u0151k k\u00f6z\u00f6tt legyen a Google-tal\u00e1latokban!<\/p>\n<p><\/a><\/p>\n<p>    <img decoding=\"async\" src=\"https:\/\/index.hu\/assets\/images\/social-follow\/logo-big.svg\" alt=\"Index.hu logo\"\/><\/p>\n<p>K\u00f6vesse az Indexet Facebookon is!<\/p>\n<p>    <a href=\"https:\/\/facebook.com\/Indexhu\" target=\"_blank\" rel=\"nofollow noopener\"><\/p>\n<p>        K\u00f6vetem!<br \/>\n    <\/a><\/p>\n","protected":false},"excerpt":{"rendered":"A Viktoria elleni, plzeni \u00f6sszecsap\u00e1son a vend\u00e9g drukkerek az aznap elhunyt Mladic nev\u00e9t skand\u00e1lt\u00e1k \u00e9s transzparenst mutattak fel,&hellip;\n","protected":false},"author":2,"featured_media":234009,"comment_status":"","ping_status":"","sticky":false,"template":"","format":"standard","meta":{"footnotes":"","_share_on_mastodon":"0"},"categories":[14],"tags":[61603,47,44,42,40,1129,43,41,51116,61604,45,131],"class_list":["post-234008","post","type-post","status-publish","format-standard","has-post-thumbnail","category-sport","tag-crvena","tag-europa-liga","tag-hu","tag-hungarian","tag-hungary","tag-kozossegi-media","tag-magyar","tag-magyarorszag","tag-molino","tag-ratko-mladics","tag-sport","tag-sports"],"share_on_mastodon":{"url":"https:\/\/pubeurope.com\/@hu\/117218952459807700","error":""},"_links":{"self":[{"href":"https:\/\/www.europesays.com\/hu\/wp-json\/wp\/v2\/posts\/234008","targetHints":{"allow":["GET"]}}],"collection":[{"href":"https:\/\/www.europesays.com\/hu\/wp-json\/wp\/v2\/posts"}],"about":[{"href":"https:\/\/www.europesays.com\/hu\/wp-json\/wp\/v2\/types\/post"}],"author":[{"embeddable":true,"href":"https:\/\/www.europesays.com\/hu\/wp-json\/wp\/v2\/users\/2"}],"replies":[{"embeddable":true,"href":"https:\/\/www.europesays.com\/hu\/wp-json\/wp\/v2\/comments?post=234008"}],"version-history":[{"count":0,"href":"https:\/\/www.europesays.com\/hu\/wp-json\/wp\/v2\/posts\/234008\/revisions"}],"wp:featuredmedia":[{"embeddable":true,"href":"https:\/\/www.europesays.com\/hu\/wp-json\/wp\/v2\/media\/234009"}],"wp:attachment":[{"href":"https:\/\/www.europesays.com\/hu\/wp-json\/wp\/v2\/media?parent=234008"}],"wp:term":[{"taxonomy":"category","embeddable":true,"href":"https:\/\/www.europesays.com\/hu\/wp-json\/wp\/v2\/categories?post=234008"},{"taxonomy":"post_tag","embeddable":true,"href":"https:\/\/www.europesays.com\/hu\/wp-json\/wp\/v2\/tags?post=234008"}],"curies":[{"name":"wp","href":"https:\/\/api.w.org\/{rel}","templated":true}]}}