{"id":234018,"date":"2026-09-05T14:45:07","date_gmt":"2026-09-05T14:45:07","guid":{"rendered":"https:\/\/www.europesays.com\/hu\/234018\/"},"modified":"2026-09-05T14:45:07","modified_gmt":"2026-09-05T14:45:07","slug":"lezuhant-egy-vadaszbombazo-egy-gorogorszagi-legibemutaton","status":"publish","type":"post","link":"https:\/\/www.europesays.com\/hu\/234018\/","title":{"rendered":"Lezuhant egy vad\u00e1szbomb\u00e1z\u00f3 egy g\u00f6r\u00f6gorsz\u00e1gi l\u00e9gibemutat\u00f3n"},"content":{"rendered":"<p class=\"\">\n    Lezuhant egy F-4 Phantom vad\u00e1szbomb\u00e1z\u00f3 szombaton G\u00f6r\u00f6gorsz\u00e1gban az Ath\u00e9n melletti Tanagra rep\u00fcl\u0151t\u00e9rn\u00e9l egy l\u00e9gibemutat\u00f3n. A g\u00f6r\u00f6g l\u00e9gier\u0151 egy tiszts\u00e9gvisel\u0151je elmondta: a k\u00e9t pil\u00f3ta sorsa egyel\u0151re tiszt\u00e1zatlan. Annyi biztos, hogy nem katapult\u00e1ltak.\n  <\/p>\n<p>    <a href=\"https:\/\/www.europesays.com\/hu\/wp-content\/uploads\/2026\/09\/8O5J2kdVGAuC11GgBs.jpeg\" class=\"uwwrama _1chu0ywg _8b6bx65\" rel=\"nofollow\"><\/p>\n<p>  <img decoding=\"async\" loading=\"lazy\" src=\"https:\/\/www.europesays.com\/hu\/wp-content\/uploads\/2026\/09\/8O5J2kdVGAuC11GgBs.jpeg\"   class=\"_672m2jd _1chu0ywo ta3a4c1ey ta3a4c1aa he2knv4 ta3a4c1ey ta3a4czs\" style=\"--_672m2j6:1.50;--_672m2j5:2560px 1707px\" alt=\"\"\/><\/p>\n<p>      <\/a><\/p>\n<p>\n              Fot\u00f3:<br \/>\n                THEOPHILE BLOUDANIS\/AFP\n            <\/p>\n<p class=\"\">\n    A helysz\u00ednen k\u00e9sz\u00fclt videofelv\u00e9telen fekete f\u00fcst l\u00e1that\u00f3 p\u00e1r sz\u00e1z m\u00e9terre a l\u00e9gibemutat\u00f3t figyelemmel k\u00f6vet\u0151 t\u00f6megt\u0151l.\n  <\/p>\n<p class=\"\">\n    Nem tudni, hogy a n\u00e9z\u0151k k\u00f6z\u00fcl megs\u00e9r\u00fclt-e valaki, a helysz\u00ednen hangosbemond\u00f3kon k\u00e9rik az embereket, hogy t\u00e1vozzanak a ter\u00fcletr\u0151l &#8211; k\u00f6z\u00f6lte az ERT g\u00f6r\u00f6g telev\u00edzi\u00f3.\n  <\/p>\n<p class=\"\">\n    Szemtan\u00fak szerint a g\u00e9p el\u0151bb f\u00fcst\u00f6lt, majd hirtelen zuhanni kezdett, \u00e9s becsap\u00f3dott. (MTI, <a href=\"https:\/\/en.philenews.com\/international\/f4-phantom-crash-tanagra-air-base-greece\/\" target=\"_blank\" rel=\"nofollow noopener\">philenews.com<\/a>)\n  <\/p>\n","protected":false},"excerpt":{"rendered":"Lezuhant egy F-4 Phantom vad\u00e1szbomb\u00e1z\u00f3 szombaton G\u00f6r\u00f6gorsz\u00e1gban az Ath\u00e9n melletti Tanagra rep\u00fcl\u0151t\u00e9rn\u00e9l egy l\u00e9gibemutat\u00f3n. A g\u00f6r\u00f6g l\u00e9gier\u0151 egy&hellip;\n","protected":false},"author":2,"featured_media":234019,"comment_status":"","ping_status":"","sticky":false,"template":"","format":"standard","meta":{"footnotes":"","_share_on_mastodon":"0"},"categories":[33],"tags":[38,1425,35,37,44,42,40,64,61606,17279,43,41,34,36,61605,39,9204],"class_list":["post-234018","post","type-post","status-publish","format-standard","has-post-thumbnail","category-hirek","tag-focimek","tag-gorogorszag","tag-headlines","tag-hirek","tag-hu","tag-hungarian","tag-hungary","tag-kulfold","tag-legibemutato","tag-legikatasztrofa","tag-magyar","tag-magyarorszag","tag-news","tag-top-stories","tag-vadaszbombazo","tag-vezeto-hirek","tag-zuhanas"],"share_on_mastodon":{"url":"https:\/\/pubeurope.com\/@hu\/117218975944829506","error":""},"_links":{"self":[{"href":"https:\/\/www.europesays.com\/hu\/wp-json\/wp\/v2\/posts\/234018","targetHints":{"allow":["GET"]}}],"collection":[{"href":"https:\/\/www.europesays.com\/hu\/wp-json\/wp\/v2\/posts"}],"about":[{"href":"https:\/\/www.europesays.com\/hu\/wp-json\/wp\/v2\/types\/post"}],"author":[{"embeddable":true,"href":"https:\/\/www.europesays.com\/hu\/wp-json\/wp\/v2\/users\/2"}],"replies":[{"embeddable":true,"href":"https:\/\/www.europesays.com\/hu\/wp-json\/wp\/v2\/comments?post=234018"}],"version-history":[{"count":0,"href":"https:\/\/www.europesays.com\/hu\/wp-json\/wp\/v2\/posts\/234018\/revisions"}],"wp:featuredmedia":[{"embeddable":true,"href":"https:\/\/www.europesays.com\/hu\/wp-json\/wp\/v2\/media\/234019"}],"wp:attachment":[{"href":"https:\/\/www.europesays.com\/hu\/wp-json\/wp\/v2\/media?parent=234018"}],"wp:term":[{"taxonomy":"category","embeddable":true,"href":"https:\/\/www.europesays.com\/hu\/wp-json\/wp\/v2\/categories?post=234018"},{"taxonomy":"post_tag","embeddable":true,"href":"https:\/\/www.europesays.com\/hu\/wp-json\/wp\/v2\/tags?post=234018"}],"curies":[{"name":"wp","href":"https:\/\/api.w.org\/{rel}","templated":true}]}}