{"id":234022,"date":"2026-09-05T14:52:13","date_gmt":"2026-09-05T14:52:13","guid":{"rendered":"https:\/\/www.europesays.com\/hu\/234022\/"},"modified":"2026-09-05T14:52:13","modified_gmt":"2026-09-05T14:52:13","slug":"ok-az-uj-szereplok-a-heti-hetesben","status":"publish","type":"post","link":"https:\/\/www.europesays.com\/hu\/234022\/","title":{"rendered":"\u0150k az \u00faj szerepl\u0151k a Heti Hetesben"},"content":{"rendered":"<p>Szeptember 6-\u00e1n, az <a href=\"https:\/\/nlc.hu\/sztarok\/20260816\/az-elso-video-a-visszatero-x-faktorbol\/\" rel=\"nofollow noopener\" target=\"_blank\">X-Faktor<\/a> ut\u00e1n \u00faj epiz\u00f3dokkal folytat\u00f3dik a Heti Hetes, amelyben a visszat\u00e9r\u0151 szerepl\u0151k mellett \u00faj arcok is helyet kapnak. Janklovics P\u00e9ter \u00e9s J\u00e1rai M\u00e1t\u00e9 el\u0151sz\u00f6r \u00fcl be a hetek k\u00f6z\u00e9, m\u00edg Kajdi Csaba, Lilu, Hev\u00e9r G\u00e1bor \u00e9s Fancsikai Eszter is visszat\u00e9r a m\u0171sorba.<\/p>\n<p>B\u00e1r Janklovics rutinos a sz\u00ednpadi jelenl\u00e9tben, a F\u00f3kusznak \u00fagy fogalmazott, hogy m\u00e9gis izgul az \u00faj szerepben. \u201eEz lett volna az els\u0151 szabadest\u00e9m a h\u00e9ten, ehhez k\u00e9pest most is gyomorg\u00f6rcsben itt \u00e1llok, mert nem tudom, hogy mi fog t\u00f6rt\u00e9nni\u2026Sz\u00f3val kicsit cidrizek, de majd k\u00f6zben elm\u00falik\u201d\u2013 mondta a humorista.<\/p>\n<p><a href=\"https:\/\/nlc.hu\/sztarok\/20260904\/jarai-mate-is-csatlakozik-a-heti-hetes-csapatahoz-visszater-a-kepernyore-a-musor\/\" rel=\"nofollow noopener\" target=\"_blank\">J\u00e1rai M\u00e1t\u00e9 sokat n\u00e9zte a klasszikus Heti Hetest,<\/a> im\u00e1dta hallgatni a nagyokat \u00e9s csod\u00e1lta a sz\u00f3kimond\u00e1sukat. \u201eEngem is nyilv\u00e1n foglalkoztat nagyon, hogy mi t\u00f6rt\u00e9nik k\u00f6r\u00fcl\u00f6ttem a vil\u00e1gban. \u00c9s nagyon ritk\u00e1n van lehet\u0151s\u00e9gem elmondani, hogy \u00e9n ezekr\u0151l a h\u00edrekr\u0151l dolgokr\u00f3l mit gondolok, sz\u00f3val alig v\u00e1rom, hogy ezt a bar\u00e1taimmal megbesz\u00e9ljem\u2026Nagyon nincsenek tabuk nekem. Mindig azt mondom az \u00fajs\u00e1g\u00edr\u00f3knak, hogy vigy\u00e1zz, hogy mit k\u00e9rdezel, mert v\u00e1laszolok r\u00e1. Teh\u00e1t \u00e9n nagyon szeretek olyan tabu d\u00f6nt\u00f6get\u0151 t\u00e9m\u00e1r\u00f3l is besz\u00e9lni. Nyilv\u00e1n a politik\u00e1val csak az\u00e9rt vagyok \u00f3vatosabb, mert nem vagyok annyira j\u00e1rtas benne.\u201d<\/p>\n<p>A Heti Hetes m\u0171sorvezet\u0151je ebben az \u00e9vadban is Nagy \u00c1d\u00e1m, aki nagyszer\u0171 lehet\u0151s\u00e9gnek l\u00e1tja, hogy kipr\u00f3b\u00e1lnak \u00faj szerepl\u0151ket a mostani szezonban. Kajdi Csaba visszat\u00e9r\u0151 <a href=\"https:\/\/nlc.hu\/sztarok\/20260414\/renyi-adam-heti-hetes-producer-interju\/\" rel=\"nofollow noopener\" target=\"_blank\">vend\u00e9g a Heti Hetesben<\/a>. Szerinte nincs hat\u00e1r, csak \u0151szint\u00e9nek kell lenni a vil\u00e1ggal szemben, \u00e9s az visszamosolyog r\u00e1nk. \u201eNyilv\u00e1n vannak olyan t\u00e9m\u00e1k, amiket nem fogunk \u00e9rinteni, de az\u00e9rt\u00a0 itt \u0151szint\u00e9nek kell lenni \u00e9s viccesnek. Rem\u00e9lj\u00fck azok is lesz\u00fcnk.\u201d<\/p>\n","protected":false},"excerpt":{"rendered":"Szeptember 6-\u00e1n, az X-Faktor ut\u00e1n \u00faj epiz\u00f3dokkal folytat\u00f3dik a Heti Hetes, amelyben a visszat\u00e9r\u0151 szerepl\u0151k mellett \u00faj arcok&hellip;\n","protected":false},"author":2,"featured_media":234023,"comment_status":"","ping_status":"","sticky":false,"template":"","format":"standard","meta":{"footnotes":"","_share_on_mastodon":"0"},"categories":[16],"tags":[137,15265,44,42,40,19187,7070,43,41,138,235],"class_list":["post-234022","post","type-post","status-publish","format-standard","has-post-thumbnail","category-szorakozas","tag-entertainment","tag-heti-hetes","tag-hu","tag-hungarian","tag-hungary","tag-janklovics-peter","tag-jarai-mate","tag-magyar","tag-magyarorszag","tag-szorakozas","tag-sztarok"],"share_on_mastodon":{"url":"https:\/\/pubeurope.com\/@hu\/117219003875535741","error":""},"_links":{"self":[{"href":"https:\/\/www.europesays.com\/hu\/wp-json\/wp\/v2\/posts\/234022","targetHints":{"allow":["GET"]}}],"collection":[{"href":"https:\/\/www.europesays.com\/hu\/wp-json\/wp\/v2\/posts"}],"about":[{"href":"https:\/\/www.europesays.com\/hu\/wp-json\/wp\/v2\/types\/post"}],"author":[{"embeddable":true,"href":"https:\/\/www.europesays.com\/hu\/wp-json\/wp\/v2\/users\/2"}],"replies":[{"embeddable":true,"href":"https:\/\/www.europesays.com\/hu\/wp-json\/wp\/v2\/comments?post=234022"}],"version-history":[{"count":0,"href":"https:\/\/www.europesays.com\/hu\/wp-json\/wp\/v2\/posts\/234022\/revisions"}],"wp:featuredmedia":[{"embeddable":true,"href":"https:\/\/www.europesays.com\/hu\/wp-json\/wp\/v2\/media\/234023"}],"wp:attachment":[{"href":"https:\/\/www.europesays.com\/hu\/wp-json\/wp\/v2\/media?parent=234022"}],"wp:term":[{"taxonomy":"category","embeddable":true,"href":"https:\/\/www.europesays.com\/hu\/wp-json\/wp\/v2\/categories?post=234022"},{"taxonomy":"post_tag","embeddable":true,"href":"https:\/\/www.europesays.com\/hu\/wp-json\/wp\/v2\/tags?post=234022"}],"curies":[{"name":"wp","href":"https:\/\/api.w.org\/{rel}","templated":true}]}}