{"id":234028,"date":"2026-09-05T14:57:07","date_gmt":"2026-09-05T14:57:07","guid":{"rendered":"https:\/\/www.europesays.com\/hu\/234028\/"},"modified":"2026-09-05T14:57:07","modified_gmt":"2026-09-05T14:57:07","slug":"telex-migransellenes-fekete-simaszkos-csoport-allta-el-a-doveri-kikotohoz-vezeto-utat-kilometeres-sorok-alakultak-ki","status":"publish","type":"post","link":"https:\/\/www.europesays.com\/hu\/234028\/","title":{"rendered":"Telex: Migr\u00e1nsellenes, fekete s\u00edmaszkos csoport \u00e1llta el a doveri kik\u00f6t\u0151h\u00f6z vezet\u0151 utat, kilom\u00e9teres sorok alakultak ki"},"content":{"rendered":"<p>Migr\u00e1nsellenes t\u00fcntet\u0151kb\u0151l \u00e1ll\u00f3, fekete maszkos csoportok \u00e1llt\u00e1k el az utat a doveri kik\u00f6t\u0151 bej\u00e1rat\u00e1n\u00e1l szombaton, ezzel blokkolva az Egyes\u00fclt Kir\u00e1lys\u00e1g legnagyobb kik\u00f6t\u0151j\u00e9nek m\u0171k\u00f6d\u00e9s\u00e9t \u2013 <a href=\"https:\/\/edition.cnn.com\/2026\/09\/05\/europe\/england-dover-port-protest-intl-gbr\" target=\"_blank\" rel=\"nofollow noopener\">\u00edrta<\/a> a BBC.<\/p>\n<p>\u201eNincs tudom\u00e1som er\u0151szakos beavatkoz\u00e1sr\u00f3l, de el\u00e9g nyilv\u00e1nval\u00f3, hogy ha feketeruh\u00e1s, s\u00edmaszkos f\u00e9rfiak paramilit\u00e1ris csoportja \u00e1llja el a j\u00e1rm\u0171vek el\u0151tt az utat, az rendk\u00edv\u00fcl megf\u00e9leml\u00edt\u0151\u201d \u2013 komment\u00e1lta a helyzetet Chris Vinson, a Konzervat\u00edv P\u00e1rt egyik doveri \u00f6nkorm\u00e1nyzati k\u00e9pvisel\u0151je.<\/p>\n<p>Az aut\u00f3p\u00e1lyakezel\u0151 inform\u00e1ci\u00f3i szerint szombat reggelre t\u00f6bb mint hat kilom\u00e9teres sor torl\u00f3dott fel aut\u00f3kb\u00f3l, amelyek a Calais-ba tart\u00f3 kompokra gurultak volna fel.<\/p>\n<p>A gyorsan megn\u00f6vekedett sor nem meglep\u0151, hiszen \u00e9vente 9 milli\u00f3 utas jut \u00e1t a La Manche-csatorn\u00e1n a Londont\u00f3l 110 kilom\u00e9terre fekv\u0151 Doveren kereszt\u00fcl Franciaorsz\u00e1gba.<\/p>\n<p>Az egym\u00e1sba kapaszkod\u00f3, t\u00f6bb tucat feketeruh\u00e1s t\u00fcntet\u0151k term\u00e9szetesen nem a francia oldalra tart\u00f3 utaz\u00e1sok ellen tiltakoznak, hanem az ellenkez\u0151 oldal fel\u0151l \u00e9rkez\u0151 illeg\u00e1lis migr\u00e1ci\u00f3 ellen. \u201c\u00c1ll\u00edts\u00e1k meg a haj\u00f3kat\u201d \u2013 sz\u00f3l az egyik jelszavuk. A migr\u00e1nsellenes hangulat els\u0151dleges haszon\u00e9lvez\u0151je a brexithez is nagyban hozz\u00e1j\u00e1rul\u00f3 Nigel Farage vezette Reform UK. A k\u00f6zelm\u00faltban <a href=\"https:\/\/telex.hu\/kulfold\/2026\/08\/12\/nigel-farage-idokozi-valasztas-reform-uk-penzmosas-illegalis-kampanyfinanszirozas\" class=\"\" rel=\"nofollow noopener\" target=\"_blank\">korrupci\u00f3s \u00fcgybe<\/a> keveredett, \u00e1m azt egy <a href=\"https:\/\/telex.hu\/kulfold\/2026\/08\/14\/nigel-farage-megnyerte-az-idokozi-valasztast-anglia\" class=\"\" rel=\"nofollow noopener\" target=\"_blank\">\u00fajabb v\u00e1laszt\u00e1ssal<\/a> mag\u00e1r\u00f3l sikerrel lepattint\u00f3 politikus m\u00e1r egy p\u00e9nteki besz\u00e9d\u00e9ben a migr\u00e1nsok inv\u00e1zi\u00f3j\u00e1r\u00f3l besz\u00e9lt, lend\u00fcletet adva ezzel a szombati akci\u00f3nak.<\/p>\n<p>A korm\u00e1nyz\u00f3 Munk\u00e1sp\u00e1rt szerint azonban a tiltakoz\u00e1s indokolatlan, hiszen egy brit-francia egy\u00fcttm\u0171k\u00f6d\u00e9si meg\u00e1llapod\u00e1s r\u00e9v\u00e9n a tavalyi \u00e9vhez k\u00e9pest 40 sz\u00e1zal\u00e9kkal cs\u00f6kkent azok sz\u00e1ma, akik illeg\u00e1lisan \u00e9rt\u00e9k el a brit partokat az EU fel\u0151l. Idi\u00f3t\u00e1k j\u00f6nnek Doverbe zavart kelteni&#8221; \u2013 mondta a brit parlament doveri munk\u00e1sp\u00e1rti k\u00e9pvisel\u0151je. Mike Tapp szerint a tiltakoz\u00f3knak nyilv\u00e1n fogalmuk sincs arr\u00f3l, hogy a helyzet tavaly \u00f3ta az illeg\u00e1lis migr\u00e1ci\u00f3 ter\u00e9n sokat javult.<\/p>\n<p>Ez azonban nem szereli le a radik\u00e1lis szervezeteket, mint a Patriot Platformot, amely a Guardian <a href=\"https:\/\/www.theguardian.com\/uk-news\/2026\/sep\/05\/black-clad-protesters-balaclavas-block-road-port-of-dover-kent\" target=\"_blank\" rel=\"nofollow noopener\">szerint<\/a> a doveri akci\u00f3 szervez\u0151je volt. Vezet\u0151j\u00fck, Danny Thomas k\u00f6z\u00f6lte: \u201cNagyon, nagyon hamar \u00fczenetet k\u00fcld\u00fcnk, hogy mindenki sz\u00e1m\u00e1ra vil\u00e1gos legyen, nem adjuk meg magunkat k\u00fczdelem n\u00e9lk\u00fcl.\u201d A n\u00e9pet k\u00ednz\u00f3 pestisr\u0151l besz\u00e9lt, amely ellen szerinte Sk\u00f3ci\u00e1t\u00f3l \u00c9szak-\u00cdrorsz\u00e1gon, Walesen \u00e1t Angli\u00e1ig k\u00e9szek fell\u00e9pni.<\/p>\n","protected":false},"excerpt":{"rendered":"Migr\u00e1nsellenes t\u00fcntet\u0151kb\u0151l \u00e1ll\u00f3, fekete maszkos csoportok \u00e1llt\u00e1k el az utat a doveri kik\u00f6t\u0151 bej\u00e1rat\u00e1n\u00e1l szombaton, ezzel blokkolva az&hellip;\n","protected":false},"author":2,"featured_media":234029,"comment_status":"","ping_status":"","sticky":false,"template":"","format":"standard","meta":{"footnotes":"","_share_on_mastodon":"0"},"categories":[8],"tags":[35888,1316,42,14190,64,43,1356,34,6101,94,93,92],"class_list":["post-234028","post","type-post","status-publish","format-standard","has-post-thumbnail","category-vilag","tag-dover","tag-egyesult-kiralysag","tag-hungarian","tag-kikoto","tag-kulfold","tag-magyar","tag-migracio","tag-news","tag-tiltakozas","tag-vilag","tag-world","tag-world-news"],"share_on_mastodon":{"url":"","error":""},"_links":{"self":[{"href":"https:\/\/www.europesays.com\/hu\/wp-json\/wp\/v2\/posts\/234028","targetHints":{"allow":["GET"]}}],"collection":[{"href":"https:\/\/www.europesays.com\/hu\/wp-json\/wp\/v2\/posts"}],"about":[{"href":"https:\/\/www.europesays.com\/hu\/wp-json\/wp\/v2\/types\/post"}],"author":[{"embeddable":true,"href":"https:\/\/www.europesays.com\/hu\/wp-json\/wp\/v2\/users\/2"}],"replies":[{"embeddable":true,"href":"https:\/\/www.europesays.com\/hu\/wp-json\/wp\/v2\/comments?post=234028"}],"version-history":[{"count":0,"href":"https:\/\/www.europesays.com\/hu\/wp-json\/wp\/v2\/posts\/234028\/revisions"}],"wp:featuredmedia":[{"embeddable":true,"href":"https:\/\/www.europesays.com\/hu\/wp-json\/wp\/v2\/media\/234029"}],"wp:attachment":[{"href":"https:\/\/www.europesays.com\/hu\/wp-json\/wp\/v2\/media?parent=234028"}],"wp:term":[{"taxonomy":"category","embeddable":true,"href":"https:\/\/www.europesays.com\/hu\/wp-json\/wp\/v2\/categories?post=234028"},{"taxonomy":"post_tag","embeddable":true,"href":"https:\/\/www.europesays.com\/hu\/wp-json\/wp\/v2\/tags?post=234028"}],"curies":[{"name":"wp","href":"https:\/\/api.w.org\/{rel}","templated":true}]}}