{"id":234030,"date":"2026-09-05T14:58:17","date_gmt":"2026-09-05T14:58:17","guid":{"rendered":"https:\/\/www.europesays.com\/hu\/234030\/"},"modified":"2026-09-05T14:58:17","modified_gmt":"2026-09-05T14:58:17","slug":"a-farm-vip-sztarja-az-oltarnal-vette-eszre-hogy-otthon-felejtett-valamit","status":"publish","type":"post","link":"https:\/\/www.europesays.com\/hu\/234030\/","title":{"rendered":"A Farm VIP szt\u00e1rja az olt\u00e1rn\u00e1l vette \u00e9szre, hogy otthon felejtett valamit"},"content":{"rendered":"<p class=\"a-lead mb-8 text-xl lg:text-xl-plus font-medium&#10;                leading-7.5 lg:leading-8\">\n    Dr. Ken\u00e9z N\u00f3ra hi\u00e1ba tervezte meg gondosan az esk\u00fcv\u0151je minden r\u00e9szlet\u00e9t, a nagy napon becs\u00faszott egy eml\u00e9kezetes baki.\n<\/p>\n<p><a href=\"https:\/\/story.hu\/hazai-sztar\/2025\/05\/03\/molnar-csilla-dr-kenez-nora-hasonlosag-tragedia-tanulsag\/\" id=\"04124a77-a822-4dd5-b602-327996eb79cf\" rel=\"nofollow noopener\" target=\"_blank\">Dr. Ken\u00e9z N\u00f3ra<\/a> aligha felejti el 2024 \u0151sz\u00e9t. Szeptember 28-\u00e1n 636 jelentkez\u0151 k\u00f6z\u00fcl \u0151 <a href=\"https:\/\/www.savariaforum.hu\/rovat\/szombathelyi-gyogyszeresz-miss-universe-hungary-2024-gyoztes-dr-kenez-nora\" id=\"f72d40ef-cab6-40c9-abab-4d4e400a8cd9\" rel=\"nofollow noopener\" target=\"_blank\">nyerte el<\/a> a <a href=\"https:\/\/story.hu\/napi-friss\/2025\/04\/15\/molnar-csilla-dr-kenez-nora-hasonlosag-miss-universe-hungary\/\" id=\"10c07d35-3352-4dfa-b208-f19ca4b6fcc5\" rel=\"nofollow noopener\" target=\"_blank\">Miss Universe Hungary koron\u00e1j\u00e1t<\/a>, pontosan egy h\u00e9ttel k\u00e9s\u0151bb, okt\u00f3ber 5-\u00e9n pedig f\u00e9rjhez ment szerelm\u00e9hez, \u00dajv\u00e1ry Benjamin szem\u00e9lyi edz\u0151h\u00f6z.<\/p>\n<p>A <a href=\"https:\/\/story.hu\/napi-friss\/2026\/09\/03\/farm-vip-konfliktus-nemeth-kristof-oliver\/33s3ke3\" id=\"2998af7c-e866-49ae-8f5a-2bbf883ae088\" rel=\"nofollow noopener\" target=\"_blank\">Farm VIP<\/a> szerepl\u0151je apr\u00f3l\u00e9kosan megtervezte a nagy napot, m\u00e9gis \u00e9ppen az egyik legfontosabb menyasszonyi kell\u00e9k maradt otthon.<\/p>\n<p>N\u00f3ra csak a szombathelyi sz\u00e9kesegyh\u00e1z olt\u00e1r\u00e1n\u00e1l vette \u00e9szre, hogy nincs n\u00e1la a csokra. A baki azonban nem ronthatta el a pillanatot: a p\u00e1r sz\u00e1z vend\u00e9g el\u0151tt mondta ki az igent, a lagzit pedig egy vassz\u00e9csenyi kast\u00e9lyban tartott\u00e1k.<\/p>\n<p>                                                                                                                                Csak az olt\u00e1rn\u00e1l l\u00e1tt\u00e1k meg egym\u00e1st<\/p>\n<p>N\u00f3ra vall\u00e1sos neveltet\u00e9se miatt ragaszkodott a templomi esk\u00fcv\u0151h\u00f6z, \u00e9s fontos volt sz\u00e1m\u00e1ra az is, hogy Benjaminnal aznap val\u00f3ban csak az olt\u00e1rn\u00e1l pillants\u00e1k meg egym\u00e1st. A meghat\u00f3 tal\u00e1lkoz\u00e1s \u00edgy v\u00e9g\u00fcl csokor n\u00e9lk\u00fcl t\u00f6rt\u00e9nt meg \u2013 de legal\u00e1bb lett egy t\u00f6rt\u00e9net\u00fck, amelyet m\u00e9g \u00e9vtizedek m\u00falva is nevetve mes\u00e9lhetnek.<\/p>\n<p>                        <img class=\"object-contain -portrait mx-auto w-full sm:w-auto\"  src=\"https:\/\/www.europesays.com\/hu\/wp-content\/uploads\/2026\/09\/rT4k9mBaHR0cHM6Ly9pbWFnZXMuc3RvcnkuaHUvMS9qQ01rOWxCYUhSMGNITTZMeTl2WTJSdUxtVjFMM0IxYkhOamJYTXZUVVJCW.webp\" alt=\"Dr. Ken\u00e9z N\u00f3ra a Farm VIP egyik meghat\u00e1roz\u00f3 szerepl\u0151je\" loading=\"lazy\" decoding=\"async\" \/><\/p>\n<p>                    Fotocentral \/ TV2<\/p>\n<p>        Dr. Ken\u00e9z N\u00f3ra a Farm VIP egyik meghat\u00e1roz\u00f3 szerepl\u0151je<\/p>\n<p>                                                                                                                                    Val\u00f3s\u00e1gos TV2-reality csal\u00e1dd\u00e1 v\u00e1ltak<\/p>\n<p>A Farm VIP versenyz\u0151je nem az egyetlen a h\u00e1zass\u00e1gban, aki pr\u00f3b\u00e1ra tette mag\u00e1t a telev\u00edzi\u00f3ban. F\u00e9rje, \u00dajv\u00e1ry Benjamin A Kik\u00e9pz\u00e9s c\u00edm\u0171 katonai realityben szerepelt, ahol j\u00f3val kev\u00e9sb\u00e9 romantikus k\u00f6r\u00fclm\u00e9nyek k\u00f6z\u00f6tt kellett helyt\u00e1llnia.<\/p>\n<p>S\u0151t a h\u00e1zasp\u00e1rt kor\u00e1bban egy\u00fctt is l\u00e1thatt\u00e1k a TV2 n\u00e9z\u0151i. A H\u00e1zass\u00e1g els\u0151 l\u00e1t\u00e1sra 2024-es \u00e9vad\u00e1ban Benjamin egyik legjobb bar\u00e1tja, Geri k\u00e9rte fel \u0151t tan\u00fanak.<\/p>\n<p>Ken\u00e9z N\u00f3ra szerint a f\u00e9rfi az\u00e9rt is ragaszkodott a jelenl\u00e9t\u00fckh\u00f6z, mert p\u00e9lda\u00e9rt\u00e9k\u0171nek tartotta a h\u00e1zass\u00e1gukat.<\/p>\n","protected":false},"excerpt":{"rendered":"Dr. Ken\u00e9z N\u00f3ra hi\u00e1ba tervezte meg gondosan az esk\u00fcv\u0151je minden r\u00e9szlet\u00e9t, a nagy napon becs\u00faszott egy eml\u00e9kezetes baki.&hellip;\n","protected":false},"author":2,"featured_media":234031,"comment_status":"","ping_status":"","sticky":false,"template":"","format":"standard","meta":{"footnotes":"","_share_on_mastodon":"0"},"categories":[6],"tags":[61609,61607,19049,3962,44,42,40,43,41,44204,493,61608],"class_list":["post-234030","post","type-post","status-publish","format-standard","has-post-thumbnail","category-magyarorszag","tag-a-kikepzes","tag-dr-kenez-nora","tag-farm-vip","tag-hazassag-elso-latasra","tag-hu","tag-hungarian","tag-hungary","tag-magyar","tag-magyarorszag","tag-miss-universe-hungary","tag-tv2","tag-ujvary-benjamin"],"share_on_mastodon":{"url":"https:\/\/pubeurope.com\/@hu\/117219027156255479","error":""},"_links":{"self":[{"href":"https:\/\/www.europesays.com\/hu\/wp-json\/wp\/v2\/posts\/234030","targetHints":{"allow":["GET"]}}],"collection":[{"href":"https:\/\/www.europesays.com\/hu\/wp-json\/wp\/v2\/posts"}],"about":[{"href":"https:\/\/www.europesays.com\/hu\/wp-json\/wp\/v2\/types\/post"}],"author":[{"embeddable":true,"href":"https:\/\/www.europesays.com\/hu\/wp-json\/wp\/v2\/users\/2"}],"replies":[{"embeddable":true,"href":"https:\/\/www.europesays.com\/hu\/wp-json\/wp\/v2\/comments?post=234030"}],"version-history":[{"count":0,"href":"https:\/\/www.europesays.com\/hu\/wp-json\/wp\/v2\/posts\/234030\/revisions"}],"wp:featuredmedia":[{"embeddable":true,"href":"https:\/\/www.europesays.com\/hu\/wp-json\/wp\/v2\/media\/234031"}],"wp:attachment":[{"href":"https:\/\/www.europesays.com\/hu\/wp-json\/wp\/v2\/media?parent=234030"}],"wp:term":[{"taxonomy":"category","embeddable":true,"href":"https:\/\/www.europesays.com\/hu\/wp-json\/wp\/v2\/categories?post=234030"},{"taxonomy":"post_tag","embeddable":true,"href":"https:\/\/www.europesays.com\/hu\/wp-json\/wp\/v2\/tags?post=234030"}],"curies":[{"name":"wp","href":"https:\/\/api.w.org\/{rel}","templated":true}]}}