{"id":234032,"date":"2026-09-05T14:59:11","date_gmt":"2026-09-05T14:59:11","guid":{"rendered":"https:\/\/www.europesays.com\/hu\/234032\/"},"modified":"2026-09-05T14:59:11","modified_gmt":"2026-09-05T14:59:11","slug":"vilag-vadaszbombazo-zuhant-le-athen-kozeleben-egy-legibemutaton-video","status":"publish","type":"post","link":"https:\/\/www.europesays.com\/hu\/234032\/","title":{"rendered":"Vil\u00e1g: Vad\u00e1szbomb\u00e1z\u00f3 zuhant le Ath\u00e9n k\u00f6zel\u00e9ben egy l\u00e9gibemutat\u00f3n (vide\u00f3)"},"content":{"rendered":"<p>Lezuhant egy F-4 Phantom vad\u00e1szbomb\u00e1z\u00f3 szombaton G\u00f6r\u00f6gorsz\u00e1gban az Ath\u00e9n melletti Tanagra rep\u00fcl\u0151t\u00e9rn\u00e9l egy l\u00e9gibemutat\u00f3n, \u00edrja az MTI.<\/p>\n<p>A g\u00f6r\u00f6g l\u00e9gier\u0151 egy tiszts\u00e9gvisel\u0151je elmondta: a k\u00e9t pil\u00f3ta sorsa egyel\u0151re tiszt\u00e1zatlan, a ment\u00e9s folyamatban van.<\/p>\n<p>A helysz\u00ednen k\u00e9sz\u00fclt felv\u00e9teleken fekete f\u00fcst l\u00e1that\u00f3 p\u00e1r sz\u00e1z m\u00e9terre a l\u00e9gibemutat\u00f3t figyelemmel k\u00f6vet\u0151 t\u00f6megt\u0151l. Az al\u00e1bbi vide\u00f3n a m\u00e1sodik perct\u0151l l\u00e1that\u00f3 a becsap\u00f3d\u00e1s:<\/p>\n<p> <a href=\"https:\/\/x.com\/Xpress_24_7\/status\/2096220415974601077\" target=\"_blank\" rel=\"nofollow\"> <\/p>\n<p>https:\/\/x.com\/Xpress_24_7\/status\/2096220415974601077<\/p>\n<p>Az ERT g\u00f6r\u00f6g t\u00e9v\u00e9csatorna szerint nem tudni, hogy a n\u00e9z\u0151k k\u00f6z\u00fcl megs\u00e9r\u00fclt-e valaki, a helysz\u00ednen hangosbemond\u00f3kon k\u00e9rik az embereket, hogy t\u00e1vozzanak a ter\u00fcletr\u0151l.<\/p>\n<p>Nyit\u00f3k\u00e9p: Theophile BLOUDANIS \/ AFP<\/p>\n","protected":false},"excerpt":{"rendered":"Lezuhant egy F-4 Phantom vad\u00e1szbomb\u00e1z\u00f3 szombaton G\u00f6r\u00f6gorsz\u00e1gban az Ath\u00e9n melletti Tanagra rep\u00fcl\u0151t\u00e9rn\u00e9l egy l\u00e9gibemutat\u00f3n, \u00edrja az MTI. A&hellip;\n","protected":false},"author":2,"featured_media":234033,"comment_status":"","ping_status":"","sticky":false,"template":"","format":"standard","meta":{"footnotes":"","_share_on_mastodon":"0"},"categories":[33],"tags":[18472,469,38,1425,35,37,44,42,40,61606,43,41,34,36,61605,39],"class_list":["post-234032","post","type-post","status-publish","format-standard","has-post-thumbnail","category-hirek","tag-athen","tag-baleset","tag-focimek","tag-gorogorszag","tag-headlines","tag-hirek","tag-hu","tag-hungarian","tag-hungary","tag-legibemutato","tag-magyar","tag-magyarorszag","tag-news","tag-top-stories","tag-vadaszbombazo","tag-vezeto-hirek"],"share_on_mastodon":{"url":"https:\/\/pubeurope.com\/@hu\/117219030811325102","error":""},"_links":{"self":[{"href":"https:\/\/www.europesays.com\/hu\/wp-json\/wp\/v2\/posts\/234032","targetHints":{"allow":["GET"]}}],"collection":[{"href":"https:\/\/www.europesays.com\/hu\/wp-json\/wp\/v2\/posts"}],"about":[{"href":"https:\/\/www.europesays.com\/hu\/wp-json\/wp\/v2\/types\/post"}],"author":[{"embeddable":true,"href":"https:\/\/www.europesays.com\/hu\/wp-json\/wp\/v2\/users\/2"}],"replies":[{"embeddable":true,"href":"https:\/\/www.europesays.com\/hu\/wp-json\/wp\/v2\/comments?post=234032"}],"version-history":[{"count":0,"href":"https:\/\/www.europesays.com\/hu\/wp-json\/wp\/v2\/posts\/234032\/revisions"}],"wp:featuredmedia":[{"embeddable":true,"href":"https:\/\/www.europesays.com\/hu\/wp-json\/wp\/v2\/media\/234033"}],"wp:attachment":[{"href":"https:\/\/www.europesays.com\/hu\/wp-json\/wp\/v2\/media?parent=234032"}],"wp:term":[{"taxonomy":"category","embeddable":true,"href":"https:\/\/www.europesays.com\/hu\/wp-json\/wp\/v2\/categories?post=234032"},{"taxonomy":"post_tag","embeddable":true,"href":"https:\/\/www.europesays.com\/hu\/wp-json\/wp\/v2\/tags?post=234032"}],"curies":[{"name":"wp","href":"https:\/\/api.w.org\/{rel}","templated":true}]}}