{"id":234039,"date":"2026-09-05T15:07:11","date_gmt":"2026-09-05T15:07:11","guid":{"rendered":"https:\/\/www.europesays.com\/hu\/234039\/"},"modified":"2026-09-05T15:07:11","modified_gmt":"2026-09-05T15:07:11","slug":"index-sport-verseny-kozben-tragikus-balesetben-halt-meg-a-rutinos-bringas","status":"publish","type":"post","link":"https:\/\/www.europesays.com\/hu\/234039\/","title":{"rendered":"Index &#8211; Sport &#8211; Verseny k\u00f6zben, tragikus balesetben halt meg a rutinos bring\u00e1s"},"content":{"rendered":"<p>Spanyolorsz\u00e1gban \u00e9let\u00e9t vesztette egy ker\u00e9kp\u00e1ros a szenior versenyz\u0151k sz\u00e1m\u00e1ra ki\u00edrt V. Soria M\u00e1ster k\u00f6rverseny egy\u00e9ni id\u0151futam\u00e1n. A sportol\u00f3 verseny k\u00f6zben egyel\u0151re tiszt\u00e1zatlan okb\u00f3l \u00f6ssze\u00fctk\u00f6z\u00f6tt egy m\u00e1sik versenyz\u0151vel, aminek nyom\u00e1n rendk\u00edv\u00fcl s\u00falyos s\u00e9r\u00fcl\u00e9seket szenvedett.<\/p>\n<p>A versenyt szervez\u0151 Club Deportivo Sport Navaleno azonnal felf\u00fcggesztette az esem\u00e9nyt, a helysz\u00ednre ment\u0151helikoptert is riasztottak. A ker\u00e9kp\u00e1ros \u00e9s csapat\u00e1nak kil\u00e9te, valamint a baleset k\u00f6r\u00fclm\u00e9nyei egyel\u0151re nem ismertek, \u00edrja a <a href=\"https:\/\/www.marca.com\/ciclismo\/2026\/09\/05\/muere-ciclista-chocar-contrarreloj-vuelta-soria-master.html\" id=\"hyperlink_1904919ff4f34b11b03490689ecbdf59\" rel=\"nofollow noopener\" target=\"_blank\">Marca<\/a> c\u00edm\u0171 spanyol sportnapilap.<\/p>\n<p>\n                          A kiadv\u00e1ny \u00fagy tudja, hogy a helysz\u00ednen l\u00e9v\u0151 ment\u0151k gyorsan a s\u00e9r\u00fclt versenyz\u0151 seg\u00edts\u00e9g\u00e9re siettek, de az \u00fajra\u00e9leszt\u00e9si k\u00eds\u00e9rletek ellen\u00e9re sem tudt\u00e1k megmenteni az \u00e9let\u00e9t.\n                        <\/p>\n<p>Az V. Soria M\u00e1ster k\u00f6rversenyen, amelyen mintegy sz\u00e1z versenyz\u0151 indult, szombaton egy 10 kilom\u00e9teres egy\u00e9ni id\u0151futammal kezd\u0151d\u00f6tt. A verseny az eredeti tervek szerint vas\u00e1rnap \u00e9rt volna v\u00e9get a m\u00e1sodik \u00e9s egyben utols\u00f3, 90 kilom\u00e9teres szakasszal Navalen\u00f3ban.<\/p>\n<p><a href=\"https:\/\/dex.hu\/x.php?id=googlepref_desktop&amp;url=https:\/\/google.com\/preferences\/source?q=https:\/\/index.hu\" class=\"google-pref-banner \" id=\"googlePrefBanner\" rel=\"nofollow noopener\" target=\"_blank\"><\/p>\n<p>    Itt \u00e1ll\u00edtsa be, hogy az Index az els\u0151k k\u00f6z\u00f6tt legyen a Google-tal\u00e1latokban!<\/p>\n<p><\/a><\/p>\n<p>    <img decoding=\"async\" src=\"https:\/\/index.hu\/assets\/images\/social-follow\/logo-big.svg\" alt=\"Index.hu logo\"\/><\/p>\n<p>K\u00f6vesse az Indexet Facebookon is!<\/p>\n<p>    <a href=\"https:\/\/facebook.com\/Indexhu\" target=\"_blank\" rel=\"nofollow noopener\"><\/p>\n<p>        K\u00f6vetem!<br \/>\n    <\/a><\/p>\n","protected":false},"excerpt":{"rendered":"Spanyolorsz\u00e1gban \u00e9let\u00e9t vesztette egy ker\u00e9kp\u00e1ros a szenior versenyz\u0151k sz\u00e1m\u00e1ra ki\u00edrt V. Soria M\u00e1ster k\u00f6rverseny egy\u00e9ni id\u0151futam\u00e1n. A sportol\u00f3&hellip;\n","protected":false},"author":2,"featured_media":234040,"comment_status":"","ping_status":"","sticky":false,"template":"","format":"standard","meta":{"footnotes":"","_share_on_mastodon":"0"},"categories":[14],"tags":[469,44,42,40,43,41,212,531,1772,45,131,1089],"class_list":["post-234039","post","type-post","status-publish","format-standard","has-post-thumbnail","category-sport","tag-baleset","tag-hu","tag-hungarian","tag-hungary","tag-magyar","tag-magyarorszag","tag-meghalt","tag-mentohelikopter","tag-spanyolorszag","tag-sport","tag-sports","tag-tragedia"],"share_on_mastodon":{"url":"https:\/\/pubeurope.com\/@hu\/117219062334846786","error":""},"_links":{"self":[{"href":"https:\/\/www.europesays.com\/hu\/wp-json\/wp\/v2\/posts\/234039","targetHints":{"allow":["GET"]}}],"collection":[{"href":"https:\/\/www.europesays.com\/hu\/wp-json\/wp\/v2\/posts"}],"about":[{"href":"https:\/\/www.europesays.com\/hu\/wp-json\/wp\/v2\/types\/post"}],"author":[{"embeddable":true,"href":"https:\/\/www.europesays.com\/hu\/wp-json\/wp\/v2\/users\/2"}],"replies":[{"embeddable":true,"href":"https:\/\/www.europesays.com\/hu\/wp-json\/wp\/v2\/comments?post=234039"}],"version-history":[{"count":0,"href":"https:\/\/www.europesays.com\/hu\/wp-json\/wp\/v2\/posts\/234039\/revisions"}],"wp:featuredmedia":[{"embeddable":true,"href":"https:\/\/www.europesays.com\/hu\/wp-json\/wp\/v2\/media\/234040"}],"wp:attachment":[{"href":"https:\/\/www.europesays.com\/hu\/wp-json\/wp\/v2\/media?parent=234039"}],"wp:term":[{"taxonomy":"category","embeddable":true,"href":"https:\/\/www.europesays.com\/hu\/wp-json\/wp\/v2\/categories?post=234039"},{"taxonomy":"post_tag","embeddable":true,"href":"https:\/\/www.europesays.com\/hu\/wp-json\/wp\/v2\/tags?post=234039"}],"curies":[{"name":"wp","href":"https:\/\/api.w.org\/{rel}","templated":true}]}}