{"id":234046,"date":"2026-09-05T15:13:06","date_gmt":"2026-09-05T15:13:06","guid":{"rendered":"https:\/\/www.europesays.com\/hu\/234046\/"},"modified":"2026-09-05T15:13:06","modified_gmt":"2026-09-05T15:13:06","slug":"a-kdnp-lannert-judit-3-evvel-ezelotti-szavaira-probal-kampanyt-felhuzni-a-pdsz-szerint-a-tanarokat-nem-lehet-egyik-kormany-alatt-megalazni-aztan-pajzskent-hasznalni","status":"publish","type":"post","link":"https:\/\/www.europesays.com\/hu\/234046\/","title":{"rendered":"A KDNP Lannert Judit 3 \u00e9vvel ezel\u0151tti szavaira pr\u00f3b\u00e1l kamp\u00e1nyt felh\u00fazni, a PDSZ szerint a tan\u00e1rokat nem lehet egyik korm\u00e1ny alatt megal\u00e1zni, azt\u00e1n pajzsk\u00e9nt haszn\u00e1lni"},"content":{"rendered":"<p>A Pedag\u00f3gusok Demokratikus Szakszervezete (PDSZ) nem engedi, hogy R\u00e9tv\u00e1ri Bence vagy b\u00e1rmely m\u00e1s politikus kisaj\u00e1t\u00edtsa a pedag\u00f3gusok k\u00e9pviselet\u00e9t, az \u00e9rdekk\u00e9pviseletnek pedig nincs minisztere, csak tagjai, \u00edgy b\u00edr\u00e1lni is fogj\u00e1k az oktat\u00e1si minisztert \u2013 \u00edrta Nagy Erzs\u00e9bet, a PDSZ eln\u00f6ke a KDNP parlamenti frakci\u00f3vezet\u0151j\u00e9nek c\u00edmzett v\u00e1laszlevel\u00e9ben, amelyet az MTI id\u00e9z.<\/p>\n<p>A KDNP p\u00e9nteken politikai kamp\u00e1nyt ind\u00edtott Lannert Judit oktat\u00e1si miniszter ellen, amiben Lannert h\u00e1rom \u00e9vvel ezel\u0151tt, oktat\u00e1skutat\u00f3k\u00e9nt elmondott mondatait haszn\u00e1lj\u00e1k fel k\u00fcl\u00f6nb\u00f6z\u0151 \u00f6sszev\u00e1gott vide\u00f3kban. Lannert a sz\u00f6veg\u00f6sszef\u00fcgg\u00e9sb\u0151l kiragadott mondatokban p\u00e9ld\u00e1ul arr\u00f3l besz\u00e9l, hogy (a NER oktat\u00e1spolitik\u00e1ja miatt) nem az \u00f6n\u00e1ll\u00f3an gondolkod\u00f3, innovat\u00edv emberek mennek tan\u00e1rnak, \u00e9s a rossz tan\u00e1roknak jobb lenne elhagyni a p\u00e1ly\u00e1t. Sz\u00f3 van arr\u00f3l is, hogy m\u00e1s orsz\u00e1gokkal \u00f6sszevetve a statisztik\u00e1k azt mutatj\u00e1k: Magyarorsz\u00e1gon a gyerekek sz\u00e1m\u00e1hoz k\u00e9pest sok a tan\u00e1r, meg kell sz\u00fcntetni a pazarl\u00f3 dolgokat, a sok tant\u00e1rgyat, a sok kis iskol\u00e1t, az iskolaigazgat\u00f3k pedig egyfajta \u201ek\u00e1p\u00f3\u201d szerepet j\u00e1tszottak (a NER-ben), akiket jobb lenne mind lev\u00e1ltani.<\/p>\n<p>A KDNP a 3 \u00e9vvel ezel\u0151tt elhangzottak alapj\u00e1n most minden f\u00f3rumon azt sulykolja, hogy Lannert megs\u00e9rtette a pedag\u00f3gusokat \u00e9s emiatt pet\u00edci\u00f3t is ind\u00edtottak. A kamp\u00e1ny r\u00e9szek\u00e9nt R\u00e9tv\u00e1ri ny\u00edlt lev\u00e9lben fordult a pedag\u00f3gus-szakszervezetek vezet\u0151ihez, \u00e9s arra k\u00e9rte \u0151ket, foglaljanak \u00e1ll\u00e1st \u0151k is Lannert kor\u00e1bbi kijelent\u00e9seir\u0151l.<\/p>\n<p>A PDSZ akkor is ki\u00e1llt a pedag\u00f3gusok\u00e9rt, amikor R\u00e9tv\u00e1ri Bence korm\u00e1nyzati poz\u00edci\u00f3ban volt, \u00e9s akkor is ki fognak \u00e1llni mellett\u00fck, ha egy sz\u00e1mukra szimpatikusnak tartott vagy vel\u00fck egy\u00fcttm\u0171k\u00f6d\u0151 korm\u00e1nytag mond olyat, amit elfogadhatatlannak tartanak \u2013 v\u00e1laszolta R\u00e9tv\u00e1rinak Nagy Erzs\u00e9bet, a szakszervezet vezet\u0151je. Nagy a KDNP frakci\u00f3vezet\u0151j\u00e9nek szavaira reag\u00e1lva azt \u00edrja: nekik nincs \u201eminiszter\u00fck\u201d, akit meg kellene v\u00e9deni, nekik csak tagjaik vannak, akiket k\u00e9pviselnek. Ha Lannert Judit val\u00f3ban olyan kijelent\u00e9seket tett, amelyek s\u00e9rtik vagy len\u00e9zik a pedag\u00f3gusokat, illetve szakmailag megalapozatlanul min\u0151s\u00edtik \u0151ket, azt nem hagyj\u00e1k sz\u00f3 n\u00e9lk\u00fcl.<\/p>\n<p>A szakszervezet vezet\u0151je nem fogadja el azt a m\u00f3dszert, hogy R\u00e9tv\u00e1ri Bence egy saj\u00e1t maga \u00e1ltal \u00f6ssze\u00e1ll\u00edtott list\u00e1t haszn\u00e1ljon fel arra, hogy a PDSZ-t politikai \u00e1ll\u00e1sfoglal\u00e1sra k\u00e9nyszer\u00edtse. Szerinte ez k\u00fcl\u00f6n\u00f6sen vissz\u00e1s att\u00f3l, aki hossz\u00fa \u00e9veken kereszt\u00fcl annak a korm\u00e1nynak volt meghat\u00e1roz\u00f3 szerepl\u0151je, amely alatt a pedag\u00f3gusoknak sztr\u00e1jkolniuk, t\u00fcntetni\u00fck \u00e9s polg\u00e1ri engedetlens\u00e9get kellett v\u00e1llalniuk az\u00e9rt, hogy meghallj\u00e1k \u0151ket.<\/p>\n<p>A PDSZ eln\u00f6ke szerint a pedag\u00f3gusok tisztelete egyebek mellett azt jelenti, hogy nem \u00fcres\u00edtik ki a sztr\u00e1jkjogukat, nem b\u00fcntetik azokat, akik \u00e9lnek a tiltakoz\u00e1s jog\u00e1val, nem n\u00f6velik folyamatosan a munkaterheiket, nem veszik el szakmai auton\u00f3mi\u00e1jukat, \u00e9s nem vezetnek be olyan foglalkoztat\u00e1si szab\u00e1lyokat, amelyek kiszolg\u00e1ltatottabb\u00e1 teszik \u0151ket. Az \u201e\u00f6n\u00f6k korm\u00e1nyz\u00e1sa alatt ezek k\u00f6z\u00fcl t\u00f6bb is megt\u00f6rt\u00e9nt\u201d \u2013 \u00edrta R\u00e9tv\u00e1ri Benc\u00e9nek.<\/p>\n<p>R\u00e9tv\u00e1ri Bence \u201eNe m\u00e9rjenek kett\u0151s m\u00e9rc\u00e9vel!\u201d felsz\u00f3l\u00edt\u00e1s\u00e1ra Nagy azt \u00edrta: ebben teljesen egyet\u00e9rtenek. A PDSZ egyetlen miniszter eset\u00e9ben sem fogad el valamit az\u00e9rt, mert az \u00e1ltaluk kor\u00e1bban b\u00edr\u00e1lt korm\u00e1ny tagjaival szemben m\u00e1sk\u00e9nt kellene viselkedni\u00fck. Ugyanezt v\u00e1rj\u00e1k el R\u00e9tv\u00e1ri Benc\u00e9\u00e9kt\u0151l is. \u201eA pedag\u00f3gusok nem politikai kamp\u00e1nykell\u00e9kek\u201d \u2013 hangs\u00falyozta. Hozz\u00e1tette: nem lehet \u0151ket egyik korm\u00e1ny alatt megal\u00e1zni, majd a k\u00f6vetkez\u0151 alatt politikai pajzsk\u00e9nt haszn\u00e1lni. A PDSZ nem teszi mag\u00e1t egyik korm\u00e1nyzat kommunik\u00e1ci\u00f3s sz\u00f3cs\u00f6v\u00e9v\u00e9 sem \u2013 \u00edrta Nagy Erzs\u00e9bet.<\/p>\n<p>A szakszervezet vezet\u0151je k\u00f6z\u00f6lte: ha Lannert Judit hib\u00e1zik, kritiz\u00e1lni fogj\u00e1k, ha a korm\u00e1ny olyan d\u00f6nt\u00e9st hoz, amely s\u00e9rti a pedag\u00f3gusok \u00e9rdekeit, tiltakozni fognak, ha pedig olyan int\u00e9zked\u00e9st hoz, amely jav\u00edtja a helyzet\u00fcket, azt elismerik. R\u00e9tv\u00e1ri Benc\u00e9t\u0151l ugyanakkor nem fogadj\u00e1k el, hogy a pedag\u00f3gusok ir\u00e1nti aggodalom m\u00f6g\u00e9 b\u00fajva politikai kamp\u00e1nyt folytasson. \u201eA PDSZ nem fog \u00d6n\u00f6k helyett politikai ellenz\u00e9ket j\u00e1tszani, ahogyan a korm\u00e1ny helyett sem fog korm\u00e1nyp\u00e1rti szerepet v\u00e1llalni\u201d \u2013 fogalmazott Nagy Erzs\u00e9bet. A PDSZ eln\u00f6ke lesz\u00f6gezte: tov\u00e1bbra is mindenkit\u0151l ugyanazt v\u00e1rj\u00e1k el, tisztelj\u00e9k \u00e9s hallgass\u00e1k meg a pedag\u00f3gusokat, \u00e9s ne haszn\u00e1lj\u00e1k fel \u0151ket politikai c\u00e9lokra.<\/p>\n<p>A KDNP azt \u00e1ll\u00edtja, hogy a p\u00e9nteken elind\u00edtott akci\u00f3jukat kevesebb mint egy nap leforg\u00e1sa alatt m\u00e1r \u201et\u00f6bb mint 10 ezren\u201d t\u00e1mogatt\u00e1k, de nem tudni mire alapozz\u00e1k ezt a sz\u00e1mot, mert a <a href=\"https:\/\/peticio.kdnp.hu\/\" target=\"_blank\" rel=\"nofollow noopener\">pet\u00edci\u00f3s oldalukon<\/a> nincs felt\u00fcntetve, hogy azt h\u00e1nyan \u00edrt\u00e1k al\u00e1.<\/p>\n<p>A <a href=\"https:\/\/lakmusz.hu\/2026\/09\/05\/retvari-lemondatna-lannert-juditot-egy-nyilatkozata-miatt-csak-azt-felejti-el-hozzatenni-hogy-az-interju-3-eve-keszult\" target=\"_blank\" rel=\"nofollow noopener\">Lakmusz \u00f6ssze\u00e1ll\u00edt\u00e1s\u00e1b\u00f3l<\/a> kider\u00fcl, hogy a KDNP f\u0151k\u00e9nt azt a Lannert Judittal k\u00e9sz\u00edtett interj\u00fat haszn\u00e1lja, ami 2023. m\u00e1rcius 9-\u00e9n <a href=\"https:\/\/www.youtube.com\/watch?v=y09E_iNZm5Y&amp;source_ve_path=MjM4NTE&amp;embeds_referring_euri=https%3A%2F%2Flakmusz.hu%2F\" target=\"_blank\" rel=\"nofollow noopener\">ment le a Klubr\u00e1di\u00f3ban<\/a>. Maga R\u00e9tv\u00e1ri, a KDNP \u00e9s a Fidesz m\u00e1s politikusai, illetve a kor\u00e1bbi korm\u00e1nyp\u00e1rtokhoz k\u00f6t\u0151d\u0151 influenszerek k\u00f6z\u00fcl azonban t\u00f6bben ezt manipulat\u00edv m\u00f3don \u00fagy haszn\u00e1lj\u00e1k, mintha azokat Lannert mostan\u00e1ban mondta volna miniszterk\u00e9nt.<\/p>\n<p>A teljes sz\u00f6veg\u00f6sszef\u00fcgg\u00e9s alapj\u00e1n Lannert a Klubr\u00e1di\u00f3nak egyr\u00e9szt arr\u00f3l besz\u00e9lt 2023-ban, hogy a Fidesz-korm\u00e1ny \u00e1ltal k\u00f6zpontos\u00edtott, k\u00f6t\u00f6ttebb rendszer szerinte azokat vonzza a tan\u00e1ri p\u00e1ly\u00e1ra, akik k\u00f6nnyebben alkalmazkodnak, \u00e9s kev\u00e9sb\u00e9 innovat\u00edvak, de a szab\u00e1lyoz\u00e1s \u00e9s a k\u00e9pz\u00e9s \u00e1talak\u00edt\u00e1s\u00e1val ez megv\u00e1ltoztathat\u00f3. Azt is mondja: nem kell minden tan\u00e1rnak innov\u00e1tornak lennie, az iskol\u00e1k \u00e9s a t\u00e1rsadalom m\u0171k\u00f6d\u00e9s\u00e9hez sokf\u00e9le attit\u0171d\u0171 pedag\u00f3gusra van sz\u00fcks\u00e9g, ahogyan az a 90-es \u00e9vek tapasztalataib\u00f3l is l\u00e1tszott.<\/p>\n<p>A kor\u00e1bban oktat\u00e1skutat\u00f3k\u00e9nt dolgoz\u00f3 Lannert Judit itt is elmondja azt a nemzetk\u00f6zi statisztik\u00e1k \u00e1ltal meger\u0151s\u00edtett trendet, hogy a magyar oktat\u00e1s a sok tant\u00e1rgy \u00e9s a sok kis iskola miatt t\u00fals\u00e1gosan pedag\u00f3gusintenz\u00edv, ami nemzetk\u00f6zi \u00f6sszehasonl\u00edt\u00e1sban pazarl\u00f3 \u00e9s g\u00e1tolja a b\u00e9remel\u00e9st. A kis iskol\u00e1k fizikai bez\u00e1r\u00e1sa helyett azonban olyan innovat\u00edv, adminisztrat\u00edv \u00f6sszevon\u00e1sokat \u00e9s infrastruktur\u00e1lis fejleszt\u00e9seket javasol (p\u00e9ld\u00e1ul iskolai klaszterek, k\u00f6z\u00f6s laborok, ker\u00e9kp\u00e1rutak), mint amilyeneket Portug\u00e1li\u00e1ban is alkalmaztak.<\/p>\n<p>A 2023-as, teh\u00e1t a NER \u00e9v\u00e9ben k\u00e9sz\u00fclt interj\u00faban arra utal, hogy a k\u00f6zpontilag kinevezett iskolaigazgat\u00f3kat nem tartja alkalmasnak egy nagyobb \u00f6n\u00e1ll\u00f3s\u00e1ggal j\u00e1r\u00f3 szerepre, ez\u00e9rt az \u00e9szt mint\u00e1t k\u00f6vetve lev\u00e1ltan\u00e1 \u00e9s \u00fajrap\u00e1ly\u00e1ztatn\u00e1 \u0151ket, hogy szakmailag felk\u00e9sz\u00fclt, menedzserszeml\u00e9let\u0171 igazgat\u00f3k ker\u00fcljenek az iskol\u00e1k \u00e9l\u00e9re.<\/p>\n<p>Az Oktat\u00e1si \u00e9s Gyermek\u00fcgyi Miniszt\u00e9rium a Lannert kijelent\u00e9seire \u00e9p\u00fcl\u0151 kritik\u00e1kra a Lakmusznak azt \u00edrta: \u201eSajn\u00e1ljuk, hogy a volt korm\u00e1nyp\u00e1rt politikusai hergel\u00e9sre \u00e9s az \u00f6n\u00e1ll\u00f3sodni k\u00e9sz\u00fcl\u0151 KDNP adatb\u00e1zis\u00e1nak \u00e9p\u00edt\u00e9s\u00e9re akarnak felhaszn\u00e1lni f\u00e9lrevezetett pedag\u00f3gusokat\u201d. A t\u00e1rca szerint ez az elm\u00falt 16 \u00e9vb\u0151l is j\u00f3l ismert propagandalogika, amivel \u00e9pp a KDNP n\u00e9zi le a tan\u00e1rokat, nem felt\u00e9telezve r\u00f3luk annyit, hogy ut\u00e1na tudnak n\u00e9zni, mi hangzott el val\u00f3j\u00e1ban.<\/p>\n<p>Felid\u00e9zt\u00e9k, hogy a KDNP-nek korm\u00e1nyzati szerepben \u201er\u00e9sze volt abban, hogy elvett\u00e9k a tan\u00e1rok szabads\u00e1g\u00e1t, jogait, felesleges adminisztrat\u00edv terhekkel b\u00fcntett\u00e9k \u0151ket, \u00e9s kir\u00fagatt\u00e1k, megal\u00e1zt\u00e1k azokat a pedag\u00f3gusokat, akik mindezek ellen tiltakoztak\u201d. Az \u00faj Oktat\u00e1si \u00e9s Gyermek\u00fcgyi Miniszt\u00e9rium ezzel szemben visszaadta a tan\u00e1rok szabads\u00e1g\u00e1t, sztr\u00e1jkjog\u00e1t, kiharcolta a NOKS-dolgoz\u00f3k b\u00e9remel\u00e9s\u00e9t, cs\u00f6kkenteni kezdte az adminisztrat\u00edv terheket, els\u0151 int\u00e9zked\u00e9sei k\u00f6z\u00f6tt f\u00fcggesztette fel a rossz teljes\u00edtm\u00e9ny\u00e9rt\u00e9kel\u00e9si rendszert, \u00e9s rehabilit\u00e1lja azokat, akiket az elm\u00falt \u00e9vekben kir\u00fagtak \u2013 \u00edrt\u00e1k.<\/p>\n","protected":false},"excerpt":{"rendered":"A Pedag\u00f3gusok Demokratikus Szakszervezete (PDSZ) nem engedi, hogy R\u00e9tv\u00e1ri Bence vagy b\u00e1rmely m\u00e1s politikus kisaj\u00e1t\u00edtsa a pedag\u00f3gusok k\u00e9pviselet\u00e9t,&hellip;\n","protected":false},"author":2,"featured_media":234047,"comment_status":"","ping_status":"","sticky":false,"template":"","format":"standard","meta":{"footnotes":"","_share_on_mastodon":"0"},"categories":[33],"tags":[80,38,35,37,44,42,40,4434,27465,43,41,61589,34,3479,61588,31557,5892,36,39],"class_list":["post-234046","post","type-post","status-publish","format-standard","has-post-thumbnail","category-hirek","tag-belfold","tag-focimek","tag-headlines","tag-hirek","tag-hu","tag-hungarian","tag-hungary","tag-kdnp","tag-lannert-judit","tag-magyar","tag-magyarorszag","tag-nagy-erzsebet","tag-news","tag-oktatas","tag-pdsz","tag-pedagogus","tag-retvari-bence","tag-top-stories","tag-vezeto-hirek"],"share_on_mastodon":{"url":"https:\/\/pubeurope.com\/@hu\/117219086142456880","error":""},"_links":{"self":[{"href":"https:\/\/www.europesays.com\/hu\/wp-json\/wp\/v2\/posts\/234046","targetHints":{"allow":["GET"]}}],"collection":[{"href":"https:\/\/www.europesays.com\/hu\/wp-json\/wp\/v2\/posts"}],"about":[{"href":"https:\/\/www.europesays.com\/hu\/wp-json\/wp\/v2\/types\/post"}],"author":[{"embeddable":true,"href":"https:\/\/www.europesays.com\/hu\/wp-json\/wp\/v2\/users\/2"}],"replies":[{"embeddable":true,"href":"https:\/\/www.europesays.com\/hu\/wp-json\/wp\/v2\/comments?post=234046"}],"version-history":[{"count":0,"href":"https:\/\/www.europesays.com\/hu\/wp-json\/wp\/v2\/posts\/234046\/revisions"}],"wp:featuredmedia":[{"embeddable":true,"href":"https:\/\/www.europesays.com\/hu\/wp-json\/wp\/v2\/media\/234047"}],"wp:attachment":[{"href":"https:\/\/www.europesays.com\/hu\/wp-json\/wp\/v2\/media?parent=234046"}],"wp:term":[{"taxonomy":"category","embeddable":true,"href":"https:\/\/www.europesays.com\/hu\/wp-json\/wp\/v2\/categories?post=234046"},{"taxonomy":"post_tag","embeddable":true,"href":"https:\/\/www.europesays.com\/hu\/wp-json\/wp\/v2\/tags?post=234046"}],"curies":[{"name":"wp","href":"https:\/\/api.w.org\/{rel}","templated":true}]}}