{"id":234053,"date":"2026-09-05T15:20:14","date_gmt":"2026-09-05T15:20:14","guid":{"rendered":"https:\/\/www.europesays.com\/hu\/234053\/"},"modified":"2026-09-05T15:20:14","modified_gmt":"2026-09-05T15:20:14","slug":"ratamadt-puskas-dallos-bogira-toth-gabi-mentoraltja","status":"publish","type":"post","link":"https:\/\/www.europesays.com\/hu\/234053\/","title":{"rendered":"R\u00e1t\u00e1madt Pusk\u00e1s-Dallos Bogira T\u00f3th Gabi mentor\u00e1ltja"},"content":{"rendered":"<p class=\"a-lead mb-8 text-xl lg:text-xl-plus font-medium&#10;                leading-7.5 lg:leading-8\">\n    Vajon hov\u00e1 fajul m\u00e9g a T\u00f3th Gabi \u00e9s Pusk\u00e1s-Dallos Bogi k\u00f6r\u00fcli megaszt\u00e1ros botr\u00e1ny? Bogi k\u00ednos szerepet j\u00e1tszik, amit sem Gabi, sem h\u0171s\u00e9ges mentor\u00e1ltja nem hagyott sz\u00f3 n\u00e9lk\u00fcl.\n<\/p>\n<p>M\u00e9g el sem kezd\u0151d\u00f6tt a Megaszt\u00e1r idei \u00e9vada a TV2-n, m\u00e1ris t\u00e9m\u00e1t szolg\u00e1ltat a sajt\u00f3nak. A story.hu is \u00edrt r\u00f3la, hogy a T\u00f3th Gabi hely\u00e9re be\u00fcl\u0151 <a href=\"https:\/\/story.hu\/napi-friss\/2026\/09\/05\/megasztar-zsuri-2026-dallos-bogi-toth-gabi\/v5z6gf0\" id=\"e1691c97-a816-48c9-b56d-70fd9a6751fa\" rel=\"nofollow noopener\" target=\"_blank\">Pusk\u00e1s-Dallos Bogira k\u00ednos szerep jutott<\/a> azzal, hogy folyton a tehets\u00e9gkutat\u00f3 kor\u00e1bbi zs\u0171ritagj\u00e1t parodiz\u00e1lja. Hol az eml\u00e9kezetes ruhaigazgat\u00e1st ut\u00e1nozza, hol azt mondja, megy \u00e9s leteszi az \u00e9retts\u00e9git&#8230;<\/p>\n<p>Ismerj\u00fck T\u00f3th Gabit, az ilyen helyzetekben sosem marad csendben. El\u0151sz\u00f6r kommentben, majd r\u00f6vid vide\u00f3ban reag\u00e1lt Pusk\u00e1s-Dallos Bogi \u201ealak\u00edt\u00e1s\u00e1ra&#8221; a r\u00e1 jellemz\u0151 st\u00edlusban.<\/p>\n<p>                                                                                                                                Pusk\u00e1s-Dallos Boginak t\u00e1madt T\u00f3th Gabi mentor\u00e1ltja<\/p>\n<p>Az <a href=\"https:\/\/story.hu\/napi-friss\/2025\/06\/09\/elkoltozott-toth-gabitol-a-hajlektalan-enekes-biztos-hogy-visszajon-hozzam\/\" id=\"4008fae9-544d-4362-896c-87578fc69c9e\" rel=\"nofollow noopener\" target=\"_blank\">\u00e9nekesn\u0151 ut\u00e1n egykori mentor\u00e1ltja, a Szt\u00e1rban Szt\u00e1r leszek! versenyz\u0151je<\/a>, Balogh Krisztofer is \u00fczent Pusk\u00e1s-Dallos Boginak.<\/p>\n<p>                        <img class=\"object-contain -landscape mx-auto w-full sm:w-auto\"  src=\"https:\/\/www.europesays.com\/hu\/wp-content\/uploads\/2026\/09\/ppPk9mBaHR0cHM6Ly9pbWFnZXMuc3RvcnkuaHUvMS80anBrOWxCYUhSMGNITTZMeTl2WTJSdUxtVjFMM0IxYkhOamJYTXZUVVJCW.webp\" alt=\"Gabi nemcsak a Szt\u00e1rban Szt\u00e1r leszek! sz\u00ednpad\u00e1n, de a mag\u00e1n\u00e9letben is t\u00e1mogatta Krisztofert\" loading=\"lazy\" decoding=\"async\" \/><\/p>\n<p>                    Fotocentral \/ TV2<\/p>\n<p>        Gabi nemcsak a Szt\u00e1rban Szt\u00e1r leszek! sz\u00ednpad\u00e1n, de a mag\u00e1n\u00e9letben is t\u00e1mogatta Krisztofert<\/p>\n<p>\u201eSoha a b\u00fcd\u00f6s \u00e9letben nem lesz olyan hangod, mint Gabinak. Gondolom, j\u00f3 sokat fizettek neked ez\u00e9rt&#8221; \u2013 kezdi vehemens kirohan\u00e1s\u00e1t k\u00f6z\u00f6ss\u00e9gi oldal\u00e1n Krisztofer, aki szerint lehet irigykedni <a href=\"https:\/\/story.hu\/napi-friss\/2026\/08\/26\/toth-gabi-megasztar-enekiskola\/1ktxynk\" id=\"26fe95fa-3efb-4b69-bb51-18d4972d45f1\" rel=\"nofollow noopener\" target=\"_blank\">T\u00f3th Gabi<\/a> test\u00e9re, mert mint \u00edrta:<\/p>\n<p>A J\u00f3 Isten meg\u00e1ldotta sz\u00e9p csecsebecs\u00e9kkel<\/p>\n<p>Krisztofer az \u00e9retts\u00e9gis besz\u00f3l\u00e1sra is kit\u00e9rt. \u201eAz neked lehet van, de hang, ami egy Megaszt\u00e1r zs\u0171rij\u00e9be val\u00f3, az soha nem lesz olyan, mint Gabinak. (&#8230;) Irigy emberek. Gonosz vil\u00e1g. De v\u00e1rjatok csak. Isten odafent mindent l\u00e1t. Lehet a magas l\u00f3r\u00f3l j\u00f3 kem\u00e9nyet esni. (&#8230;) \u0150 igyekezett a szakm\u00e1j\u00e1hoz h\u0171en a csal\u00e1dj\u00e1\u00e9rt tenni mindent. Ti vagytok a &#8216;gyilkosok&#8217;. \u00c9letben is lehet eltiporni valakit karaktergyilkol\u00e1ssal. Ti megtett\u00e9tek, de Gabi a cirkuszotokt\u00f3l f\u00fcggetlen\u00fcl ugyan\u00fagy a cs\u00facson. S\u0151t egyre feljebb emelkedik csendben.&#8221;<\/p>\n<p>                                                                                                                                                                        Gabi befogadta Krisztofert<\/p>\n<p><a href=\"https:\/\/story.hu\/napi-friss\/2025\/05\/14\/toth-gabihoz-koltozott-a-hajlektalan-fiatal-zenesz-balogh-krisztofer\/\" id=\"415726e7-aaee-40c6-89fc-2a975bbff6a9\" rel=\"nofollow noopener\" target=\"_blank\">Balogh Krisztofer \u00e9s T\u00f3th Gabi <\/a>kapcsolata egy\u00e9bk\u00e9nt t\u00e9nyleg k\u00fcl\u00f6nleges. M\u00e9g a 2021-es Szt\u00e1rban Szt\u00e1r leszek! idej\u00e9n ismert\u00e9k meg egym\u00e1st, ahol az \u00e9nekesn\u0151 egyengette a fiatal tehets\u00e9g \u00fatj\u00e1t. Krisztofer a tavalyi <a href=\"https:\/\/tv2play.hu\/megasztar\/9\/videok\" id=\"21dc9569-1562-461b-ad67-11bb0509d814\" rel=\"nofollow noopener\" target=\"_blank\">Megaszt\u00e1ban <\/a>is elindult, \u00e9s ism\u00e9t Gabi csapat\u00e1ba ker\u00fclt.<\/p>\n<p>                        <img class=\"object-contain -landscape mx-auto w-full sm:w-auto\"  src=\"https:\/\/www.europesays.com\/hu\/wp-content\/uploads\/2026\/09\/dp2k9mBaHR0cHM6Ly9pbWFnZXMuc3RvcnkuaHUvMS9IYXJrOWxCYUhSMGNITTZMeTl2WTJSdUxtVjFMM0IxYkhOamJYTXZUVVJCW.webp\" alt=\"Balogh Krisztofer a 2025-\u00f6s Megaszt\u00e1rban is szerencs\u00e9t pr\u00f3b\u00e1lt\" loading=\"lazy\" decoding=\"async\" \/><\/p>\n<p>                    Fotocentral \/ TV2<\/p>\n<p>        Balogh Krisztofer a 2025-\u00f6s Megaszt\u00e1rban is szerencs\u00e9t pr\u00f3b\u00e1lt<\/p>\n<p>Az \u00e9nekesn\u0151 akkor is Krisztofer seg\u00edts\u00e9g\u00e9re sietett, amikor az \u00e9nekes utc\u00e1ra ker\u00fclt, miut\u00e1n \u00f6sszer\u00fagta a port az \u00e9desanyj\u00e1val.<\/p>\n<p>Krisztofer majd&#8217; k\u00e9t h\u00f3napig \u00e9lt <a href=\"https:\/\/story.hu\/napi-friss\/2025\/05\/16\/ime-az-otthon-ahova-toth-gabi-befogadta-a-hajlektalan-enekest\/\" id=\"f4fe819c-ae1a-43b7-92a9-2bf45c3c6dce\" rel=\"nofollow noopener\" target=\"_blank\">T\u00f3th Gabi \u00e9s p\u00e1rja, Papp M\u00e1t\u00e9 Bence otthon\u00e1ban<\/a>. Nem csoda teh\u00e1t, hogy Krisztofer tigrisk\u00e9nt v\u00e9di az \u00e9nekesn\u0151t.<\/p>\n","protected":false},"excerpt":{"rendered":"Vajon hov\u00e1 fajul m\u00e9g a T\u00f3th Gabi \u00e9s Pusk\u00e1s-Dallos Bogi k\u00f6r\u00fcli megaszt\u00e1ros botr\u00e1ny? Bogi k\u00ednos szerepet j\u00e1tszik, amit&hellip;\n","protected":false},"author":2,"featured_media":234054,"comment_status":"","ping_status":"","sticky":false,"template":"","format":"standard","meta":{"footnotes":"","_share_on_mastodon":"0"},"categories":[16],"tags":[61613,137,44,42,40,43,41,3345,15693,138,61612,3235,493,3552],"class_list":["post-234053","post","type-post","status-publish","format-standard","has-post-thumbnail","category-szorakozas","tag-balogh-krisztofer","tag-entertainment","tag-hu","tag-hungarian","tag-hungary","tag-magyar","tag-magyarorszag","tag-megasztar","tag-puskas-dallos-bogi","tag-szorakozas","tag-sztarban-sztar-leszek","tag-toth-gabi","tag-tv2","tag-zsuri"],"share_on_mastodon":{"url":"https:\/\/pubeurope.com\/@hu\/117219114034049805","error":""},"_links":{"self":[{"href":"https:\/\/www.europesays.com\/hu\/wp-json\/wp\/v2\/posts\/234053","targetHints":{"allow":["GET"]}}],"collection":[{"href":"https:\/\/www.europesays.com\/hu\/wp-json\/wp\/v2\/posts"}],"about":[{"href":"https:\/\/www.europesays.com\/hu\/wp-json\/wp\/v2\/types\/post"}],"author":[{"embeddable":true,"href":"https:\/\/www.europesays.com\/hu\/wp-json\/wp\/v2\/users\/2"}],"replies":[{"embeddable":true,"href":"https:\/\/www.europesays.com\/hu\/wp-json\/wp\/v2\/comments?post=234053"}],"version-history":[{"count":0,"href":"https:\/\/www.europesays.com\/hu\/wp-json\/wp\/v2\/posts\/234053\/revisions"}],"wp:featuredmedia":[{"embeddable":true,"href":"https:\/\/www.europesays.com\/hu\/wp-json\/wp\/v2\/media\/234054"}],"wp:attachment":[{"href":"https:\/\/www.europesays.com\/hu\/wp-json\/wp\/v2\/media?parent=234053"}],"wp:term":[{"taxonomy":"category","embeddable":true,"href":"https:\/\/www.europesays.com\/hu\/wp-json\/wp\/v2\/categories?post=234053"},{"taxonomy":"post_tag","embeddable":true,"href":"https:\/\/www.europesays.com\/hu\/wp-json\/wp\/v2\/tags?post=234053"}],"curies":[{"name":"wp","href":"https:\/\/api.w.org\/{rel}","templated":true}]}}