{"id":234055,"date":"2026-09-05T15:21:16","date_gmt":"2026-09-05T15:21:16","guid":{"rendered":"https:\/\/www.europesays.com\/hu\/234055\/"},"modified":"2026-09-05T15:21:16","modified_gmt":"2026-09-05T15:21:16","slug":"index-futball-futball-1175","status":"publish","type":"post","link":"https:\/\/www.europesays.com\/hu\/234055\/","title":{"rendered":"Index &#8211; Futball &#8211; Futball"},"content":{"rendered":"<p>                <a href=\"https:\/\/index.hu\/szerzo\/kiss_marton_balazs\" rel=\"nofollow noopener\" target=\"_blank\"><br \/>\n                        <img decoding=\"async\" class=\"szerzo-kep\" src=\"https:\/\/www.europesays.com\/hu\/wp-content\/uploads\/2026\/09\/1788621672_972_43975988_3355510_bf5f94541d410d2d32f635f108ff0c4d_wm.jpg\" alt=\"Kiss M\u00e1rton Bal\u00e1zs\"\/><br \/>\n                <\/a><\/p>\n<p>        2026.09.05. 15:44<br \/>\n            M\u00f3dos\u00edtva: 2026.09.05. 15:47<\/p>\n<p>\n                A T\u00f3th Alexet foglalkoztat\u00f3, de a magyar v\u00e1logatott k\u00f6z\u00e9pp\u00e1ly\u00e1s n\u00e9lk\u00fcl j\u00e1tsz\u00f3 Bournemouth k\u00e9t g\u00f3llal is vezetett, v\u00e9g\u00fcl csak 2\u20132-es d\u00f6ntetlent \u00e9rt el a Newcastle United vend\u00e9gek\u00e9nt az angol \u00e9lvonalbeli labdar\u00fag\u00f3-bajnoks\u00e1g (Premier League) harmadik fordul\u00f3j\u00e1nak els\u0151 szombati m\u00e9rk\u0151z\u00e9s\u00e9n.            <\/p>\n<p>A h\u00fasz\u00e9ves magyar futballista az els\u0151 fordul\u00f3ban a Manchester City ellen kapott negyed\u00f3ra j\u00e1t\u00e9kid\u0151t, de a szombati bajnokihoz hasonl\u00f3an m\u00falt h\u00e9ten az Everton ellen sem volt tagja a meccskeretnek.<\/p>\n<p>Ez nem azt jelenti, hogy teljesen kegyvesztett lett, mert a csapat <a href=\"https:\/\/www.afcb.co.uk\/news\/2026\/september\/04\/cherries--europa-league-league-phase-squad-confirmed\/\" id=\"hyperlink_2598fd7905491643af271b83fcb6ffdb\" rel=\"nofollow noopener\" target=\"_blank\">Eur\u00f3pa-liga-keret\u00e9be beker\u00fclt<\/a>, rem\u00e9lhet\u0151leg ott az\u00e9rt kap majd j\u00e1t\u00e9klehet\u0151s\u00e9get. Az igazi persze az lennem, ha a nemzetk\u00f6zi kupa mellett a PL-ben is bizony\u00edthatn\u00e1 a tud\u00e1s\u00e1t min\u00e9l t\u00f6bbsz\u00f6r.<\/p>\n<p>Ami a szombati meccset illeti, a Bournemouth a 35. percben m\u00e1r k\u00e9t g\u00f3llal vezetett, de a Newcastle m\u00e9g a sz\u00fcnet el\u0151tt sz\u00e9p\u00edtett, majd a 88. percben egyenl\u00edtett, \u00edgy tov\u00e1bbra is veretlen, m\u00edg T\u00f3th Alex csapata nyeretlen\u00fcl, k\u00e9t d\u00f6ntetlennel \u00e9s egy veres\u00e9ggel a mez\u0151ny m\u00e1sodik fel\u00e9ben \u00e1ll, adta h\u00edr\u00fcl az MTI.<\/p>\n<p>\n                          A m\u00e9rk\u0151z\u00e9s \u00f6sszefoglal\u00f3ja:\n                        <\/p>\n<p>                        Labdar\u00fag\u00e1s<\/p>\n<p>\n                          Premier League\n                        <\/p>\n<p>\n                          3. fordul\u00f3\n                        <\/p>\n<p>                        Newcastle United-Bournemouth 2\u20132<\/p>\n<p>\n                          P\u00e9nteken j\u00e1tszott\u00e1k:\n                        <\/p>\n<p><a href=\"https:\/\/dex.hu\/x.php?id=googlepref_desktop&amp;url=https:\/\/google.com\/preferences\/source?q=https:\/\/index.hu\" class=\"google-pref-banner \" id=\"googlePrefBanner\" rel=\"nofollow noopener\" target=\"_blank\"><\/p>\n<p>    Itt \u00e1ll\u00edtsa be, hogy az Index az els\u0151k k\u00f6z\u00f6tt legyen a Google-tal\u00e1latokban!<\/p>\n<p><\/a><\/p>\n<p>                <a href=\"https:\/\/konyvek.index.hu\/\" target=\"_blank\" rel=\"nofollow noopener\"><br \/>\n                <img decoding=\"async\" src=\"https:\/\/index.hu\/assets\/images\/konyvajanlo\/book_indapress\/book_indapress_logo.svg\" loading=\"lazy\" alt=\"Inda Press Kiad\u00f3\"\/><br \/>\n                <\/a><\/p>\n<p>                <img decoding=\"async\" src=\"https:\/\/www.europesays.com\/hu\/wp-content\/uploads\/2026\/09\/1788621674_826_rossi.png\" loading=\"lazy\" alt=\"Rossi\"\/><\/p>\n<p>Ismerd meg a magyar labdar\u00fag\u00e1s h\u0151s\u00e9nek eml\u00e9kezetes pillanatait!<br \/>Folytassa, Mister!<\/p>\n<p>                <a class=\"book_index_btn\" href=\"https:\/\/indexadhu.hit.gemius.pl\/hitredir\/id=nSCbubuYpDWJZLZs0TssLrbt33Lk5kbipuiZrkg89G3.g7\/stparam=uciklwjurk\/fastid=efdamtuhsxcjschvtzobuxredglq\/nc=0\/url=https:\/\/www.indapresskiado.hu\/products\/marco-rossi?_pos=1&amp;_psq=rossi&amp;_ss=e&amp;_v=1.0\" target=\"_blank\" rel=\"nofollow noopener\">MEGVESZEM<\/a><\/p>\n<p>    <img loading=\"lazy\" decoding=\"async\" src=\"https:\/\/www.europesays.com\/hu\/wp-content\/uploads\/2026\/09\/1788621676_532_nc=0.gif\" border=\"0\" height=\"0\" width=\"0\"\/><\/p>\n<p>    <img decoding=\"async\" src=\"https:\/\/index.hu\/assets\/images\/social-follow\/logo-big.svg\" alt=\"Index.hu logo\"\/><\/p>\n<p>K\u00f6vesse az Indexet Facebookon is!<\/p>\n<p>    <a href=\"https:\/\/facebook.com\/Indexhu\" target=\"_blank\" rel=\"nofollow noopener\"><\/p>\n<p>        K\u00f6vetem!<br \/>\n    <\/a><\/p>\n","protected":false},"excerpt":{"rendered":"2026.09.05. 15:44 M\u00f3dos\u00edtva: 2026.09.05. 15:47 A T\u00f3th Alexet foglalkoztat\u00f3, de a magyar v\u00e1logatott k\u00f6z\u00e9pp\u00e1ly\u00e1s n\u00e9lk\u00fcl j\u00e1tsz\u00f3 Bournemouth k\u00e9t&hellip;\n","protected":false},"author":2,"featured_media":234056,"comment_status":"","ping_status":"","sticky":false,"template":"","format":"standard","meta":{"footnotes":"","_share_on_mastodon":"0"},"categories":[14],"tags":[4871,13336,44,42,40,43,41,2719,698,45,131,15582],"class_list":["post-234055","post","type-post","status-publish","format-standard","has-post-thumbnail","category-sport","tag-anglia","tag-bournemouth","tag-hu","tag-hungarian","tag-hungary","tag-magyar","tag-magyarorszag","tag-newcastle-united","tag-premier-league","tag-sport","tag-sports","tag-toth-alex"],"share_on_mastodon":{"url":"https:\/\/pubeurope.com\/@hu\/117219117470179163","error":""},"_links":{"self":[{"href":"https:\/\/www.europesays.com\/hu\/wp-json\/wp\/v2\/posts\/234055","targetHints":{"allow":["GET"]}}],"collection":[{"href":"https:\/\/www.europesays.com\/hu\/wp-json\/wp\/v2\/posts"}],"about":[{"href":"https:\/\/www.europesays.com\/hu\/wp-json\/wp\/v2\/types\/post"}],"author":[{"embeddable":true,"href":"https:\/\/www.europesays.com\/hu\/wp-json\/wp\/v2\/users\/2"}],"replies":[{"embeddable":true,"href":"https:\/\/www.europesays.com\/hu\/wp-json\/wp\/v2\/comments?post=234055"}],"version-history":[{"count":0,"href":"https:\/\/www.europesays.com\/hu\/wp-json\/wp\/v2\/posts\/234055\/revisions"}],"wp:featuredmedia":[{"embeddable":true,"href":"https:\/\/www.europesays.com\/hu\/wp-json\/wp\/v2\/media\/234056"}],"wp:attachment":[{"href":"https:\/\/www.europesays.com\/hu\/wp-json\/wp\/v2\/media?parent=234055"}],"wp:term":[{"taxonomy":"category","embeddable":true,"href":"https:\/\/www.europesays.com\/hu\/wp-json\/wp\/v2\/categories?post=234055"},{"taxonomy":"post_tag","embeddable":true,"href":"https:\/\/www.europesays.com\/hu\/wp-json\/wp\/v2\/tags?post=234055"}],"curies":[{"name":"wp","href":"https:\/\/api.w.org\/{rel}","templated":true}]}}