{"id":234059,"date":"2026-09-05T15:26:07","date_gmt":"2026-09-05T15:26:07","guid":{"rendered":"https:\/\/www.europesays.com\/hu\/234059\/"},"modified":"2026-09-05T15:26:07","modified_gmt":"2026-09-05T15:26:07","slug":"kibujt-a-szog-a-zsakbol-hihetetlen-mire-megy-el-a-magyarok-fizetese-valojaban","status":"publish","type":"post","link":"https:\/\/www.europesays.com\/hu\/234059\/","title":{"rendered":"Kib\u00fajt a sz\u00f6g a zs\u00e1kb\u00f3l: hihetetlen, mire megy el a magyarok fizet\u00e9se val\u00f3j\u00e1ban"},"content":{"rendered":"<p>2026. szeptember 5. 14:55<\/p>\n<p>M\u00edg az Eur\u00f3pai Uni\u00f3ban a fogyaszt\u00f3i kos\u00e1r jelent\u0151s r\u00e9sz\u00e9t a lakhat\u00e1s, az \u00e9lelmiszer \u00e9s a k\u00f6zleked\u00e9s teszi ki, a 2026-os adatok alapj\u00e1n Magyarorsz\u00e1gon eg\u00e9szen m\u00e1s fogyaszt\u00e1si szerkezet rajzol\u00f3dik ki. N\u00e1lunk az \u00e9lelmiszerek ar\u00e1nya j\u00f3val az uni\u00f3s \u00e1tlag felett van, a lakhat\u00e1s \u00e9s az energia s\u00falya a rezsiv\u00e9delem \u00e9s a saj\u00e1t tulajdon\u00fa ingatlanok magas ar\u00e1nya miatt kiugr\u00f3an alacsony, mik\u00f6zben a vend\u00e9gl\u00e1t\u00e1s \u00e9s a sz\u00e1ll\u00e1shely-szolg\u00e1ltat\u00e1s meglep\u0151en nagy szeletet has\u00edt ki a kos\u00e1rb\u00f3l.<\/p>\n<p>Az Eurostat 2026. janu\u00e1ri adatai <a href=\"https:\/\/ec.europa.eu\/eurostat\/web\/products-eurostat-news\/w\/ddn-20260902-1\" rel=\"nofollow noopener\" target=\"_blank\">alapj\u00e1n<\/a> az Eur\u00f3pai Uni\u00f3ban a fogyaszt\u00f3i kos\u00e1r 46 sz\u00e1zal\u00e9k\u00e1t h\u00e1rom alapvet\u0151 t\u00e9tel teszi ki, ezek az \u00e9lelmiszerek (16,3%), a lakhat\u00e1s \u00e9s energia (14,9%), valamint a k\u00f6zleked\u00e9s (14,7%). A magyarorsz\u00e1gi infl\u00e1ci\u00f3s kos\u00e1r szerkezete azonban \u00e9lesen elt\u00e9r mind az uni\u00f3s, mind a visegr\u00e1di orsz\u00e1gok mint\u00e1j\u00e1t\u00f3l.<\/p>\n<p>\t\t\t\t<a href=\"https:\/\/www.penzcentrum.hu\/frisshirek\" rel=\"nofollow noopener\" target=\"_blank\">A legfrissebb h\u00edrek, id\u0151rendben ITT!<\/a><\/p>\n<p>\t\t\t\t<a href=\"https:\/\/news.google.com\/publications\/CAAiECtCpL84n14N1lGAd73KUFMqFAgKIhArQqS_OJ9eDdZRgHe9ylBT?hl=hu&amp;gl=HU&amp;ceid=HU%3Ahu\" rel=\"nofollow noopener\" target=\"_blank\">K\u00f6vess minket a Google H\u00edrek-ben is!<\/a><\/p>\n<p>&#13;<\/p>\n<p>Magyarorsz\u00e1gon az \u00e9lelmiszerek \u00e9s alkoholmentes italok \u00e1llnak az els\u0151 helyen 19,9 sz\u00e1zal\u00e9kos s\u00fallyal. B\u00e1r ez j\u00f3csk\u00e1n meghaladja az uni\u00f3s \u00e1tlagot, a r\u00e9gi\u00f3ban nem sz\u00e1m\u00edt egyed\u00fcl\u00e1ll\u00f3nak, hiszen a rom\u00e1n \u00e9s a szlov\u00e1k kos\u00e1rban m\u00e9g enn\u00e9l is nagyobb ar\u00e1nyt k\u00e9pvisel ez a term\u00e9kcsoport\u00a0&#8211; \u00edrta a\u00a0<a href=\"https:\/\/www.portfolio.hu\/gazdasag\/20260905\/hova-tunt-a-magyarok-rezsije-es-mibol-futja-ennyi-ettermezesre-860498\" target=\"_blank\" rel=\"noopener nofollow\">Portfolio<\/a>.<\/p>\n<p>&#13;<\/p>\n<p>A legmeglep\u0151bb adat a vend\u00e9gl\u00e1t\u00e1s \u00e9s sz\u00e1ll\u00e1shely-szolg\u00e1ltat\u00e1s ter\u00e9n l\u00e1that\u00f3, amely a maga 13,9 sz\u00e1zal\u00e9kos ar\u00e1ny\u00e1val a m\u00e1sodik legnagyobb t\u00e9tell\u00e9 v\u00e1lt a hazai kos\u00e1rban, megel\u0151zve a k\u00f6zleked\u00e9st (13,2%) \u00e9s a rekre\u00e1ci\u00f3t (9,0%). Fontos azonban hangs\u00falyozni, hogy ez nem felt\u00e9tlen\u00fcl jelenti azt, hogy a magyar h\u00e1ztart\u00e1sok ennyit k\u00f6ltenek \u00e9ttermekre \u00e9s hotelekre. A statisztika ugyanis a belf\u00f6ldi v\u00e1s\u00e1rl\u00e1sokat \u00f6sszegzi, \u00edgy a k\u00fclf\u00f6ldi turist\u00e1k magyarorsz\u00e1gi k\u00f6lt\u00e9sei, valamint az \u00e1gazatot \u00e9rint\u0151 \u00e1remelked\u00e9sek is jelent\u0151sen felfel\u00e9 h\u00fazz\u00e1k a mutat\u00f3t.<\/p>\n<p>&#13;<\/p>\n<p>Ezzel szemben a lakhat\u00e1s, a v\u00edz, a villamos energia \u00e9s a g\u00e1z csup\u00e1n az \u00f6t\u00f6dik helyen \u00e1ll a maga 8,2 sz\u00e1zal\u00e9k\u00e1val. Ez az ar\u00e1ny az uni\u00f3s \u00e1tlag alig t\u00f6bb mint fele, \u00e9s a r\u00e9gi\u00f3ban is a legalacsonyabb. A visszaes\u00e9s rendk\u00edv\u00fcl l\u00e1tv\u00e1nyos, hiszen 2010-ben ez a kateg\u00f3ria m\u00e9g 15 sz\u00e1zal\u00e9kot tett ki. A jelenlegi alacsony s\u00falyt k\u00e9t f\u0151 t\u00e9nyez\u0151 magyar\u00e1zza. Egyr\u00e9szt a <a href=\"https:\/\/www.penzcentrum.hu\/cimke\/rezsics%C3%B6kkent%C3%A9s\" rel=\"nofollow noopener\" target=\"_blank\">rezsics\u00f6kkent\u00e9s<\/a> tomp\u00edtja a piaci energia\u00e1rak lakoss\u00e1gra gyakorolt hat\u00e1s\u00e1t, m\u00e1sr\u00e9szt az alkalmazott m\u00f3dszertan kiz\u00e1r\u00f3lag a t\u00e9nyleges p\u00e9nzmozg\u00e1ssal j\u00e1r\u00f3 kiad\u00e1sokat veszi figyelembe. Mivel Magyarorsz\u00e1gon a n\u00e9pess\u00e9g t\u00falnyom\u00f3 t\u00f6bbs\u00e9ge <a href=\"https:\/\/www.penzcentrum.hu\/otthon\/20260806\/kesz-ennyi-volt-elerhetetlen-alom-lett-a-sajat-lakas-magyarorszagon-drasztikus-lepesekre-keszulnek-1203514\" rel=\"nofollow noopener\" target=\"_blank\">saj\u00e1t tulajdon\u00fa ingatlanban<\/a> \u00e9l, a hivatalos statisztik\u00e1kban alig jelenik meg b\u00e9rleti d\u00edj, r\u00e1ad\u00e1sul a sz\u00fcrkegazdas\u00e1g miatt az alb\u00e9rletpiac egy r\u00e9sze tov\u00e1bbra is rejtve marad.<\/p>\n<p>&#13;<\/p>\n<p>&#13;<\/p>\n<p>A hazai kos\u00e1r tov\u00e1bbi \u00e9rdekess\u00e9ge a p\u00e9nz\u00fcgyi \u00e9s biztos\u00edt\u00e1si szolg\u00e1ltat\u00e1sok s\u00faly\u00e1nak megugr\u00e1sa. Ez a mutat\u00f3 a 2010-es 1,5 sz\u00e1zal\u00e9kr\u00f3l 2026-ra 4,7 sz\u00e1zal\u00e9kra n\u0151tt, ami a legmagasabb \u00e9rt\u00e9k a vizsg\u00e1lt uni\u00f3s tag\u00e1llamok k\u00f6r\u00e9ben. Ebben komoly szerepet j\u00e1tszhat a banki k\u00f6lts\u00e9gek \u00e9s a tranzakci\u00f3s illet\u00e9kek emelked\u00e9se. Szint\u00e9n magyar saj\u00e1toss\u00e1g a szeszes italok \u00e9s doh\u00e1nyterm\u00e9kek magas, 6,9 sz\u00e1zal\u00e9kos ar\u00e1nya, ami j\u00f3csk\u00e1n fel\u00fclm\u00falja a 4 sz\u00e1zal\u00e9kos uni\u00f3s \u00e1tlagot.<\/p>\n<p>&#13;<\/p>\n<p>Az adatok r\u00e1vil\u00e1g\u00edtanak arra, hogy a magyar infl\u00e1ci\u00f3s kosarat er\u0151sen torz\u00edtj\u00e1k a hazai saj\u00e1toss\u00e1gok. Az \u00e1rszab\u00e1lyoz\u00e1sok \u00e9s a lak\u00e1stulajdonl\u00e1si szerkezet miatt a lakhat\u00e1s s\u00falya elt\u00f6rp\u00fcl, mik\u00f6zben az \u00e9lelmiszerek, valamint a turizmus \u00e1ltal is f\u0171t\u00f6tt vend\u00e9gl\u00e1t\u00e1s egy\u00fcttesen m\u00e1r a fogyaszt\u00f3i kos\u00e1r t\u00f6bb mint egyharmad\u00e1t adj\u00e1k.<\/p>\n<p>Ennek a cikknek az el\u0151k\u00e9sz\u00edt\u00e9s\u00e9ben AI-asszisztens m\u0171k\u00f6d\u00f6tt k\u00f6zre, a v\u00e9gleges tartalmat \u00fajs\u00e1g\u00edr\u00f3nk szerkesztette \u00e9s ellen\u0151rizte.<\/p>\n","protected":false},"excerpt":{"rendered":"2026. szeptember 5. 14:55 M\u00edg az Eur\u00f3pai Uni\u00f3ban a fogyaszt\u00f3i kos\u00e1r jelent\u0151s r\u00e9sz\u00e9t a lakhat\u00e1s, az \u00e9lelmiszer \u00e9s&hellip;\n","protected":false},"author":2,"featured_media":234060,"comment_status":"","ping_status":"","sticky":false,"template":"","format":"standard","meta":{"footnotes":"","_share_on_mastodon":"0"},"categories":[6],"tags":[393,44,42,40,672,43,41,669,671,670,674,111,673],"class_list":["post-234059","post","type-post","status-publish","format-standard","has-post-thumbnail","category-magyarorszag","tag-biztositas","tag-hu","tag-hungarian","tag-hungary","tag-karrier","tag-magyar","tag-magyarorszag","tag-megtakaritas","tag-nyugdij","tag-otthon","tag-utazas","tag-vallalkozas","tag-vasarlas"],"share_on_mastodon":{"url":"https:\/\/pubeurope.com\/@hu\/117219137179002097","error":""},"_links":{"self":[{"href":"https:\/\/www.europesays.com\/hu\/wp-json\/wp\/v2\/posts\/234059","targetHints":{"allow":["GET"]}}],"collection":[{"href":"https:\/\/www.europesays.com\/hu\/wp-json\/wp\/v2\/posts"}],"about":[{"href":"https:\/\/www.europesays.com\/hu\/wp-json\/wp\/v2\/types\/post"}],"author":[{"embeddable":true,"href":"https:\/\/www.europesays.com\/hu\/wp-json\/wp\/v2\/users\/2"}],"replies":[{"embeddable":true,"href":"https:\/\/www.europesays.com\/hu\/wp-json\/wp\/v2\/comments?post=234059"}],"version-history":[{"count":0,"href":"https:\/\/www.europesays.com\/hu\/wp-json\/wp\/v2\/posts\/234059\/revisions"}],"wp:featuredmedia":[{"embeddable":true,"href":"https:\/\/www.europesays.com\/hu\/wp-json\/wp\/v2\/media\/234060"}],"wp:attachment":[{"href":"https:\/\/www.europesays.com\/hu\/wp-json\/wp\/v2\/media?parent=234059"}],"wp:term":[{"taxonomy":"category","embeddable":true,"href":"https:\/\/www.europesays.com\/hu\/wp-json\/wp\/v2\/categories?post=234059"},{"taxonomy":"post_tag","embeddable":true,"href":"https:\/\/www.europesays.com\/hu\/wp-json\/wp\/v2\/tags?post=234059"}],"curies":[{"name":"wp","href":"https:\/\/api.w.org\/{rel}","templated":true}]}}