{"id":234061,"date":"2026-09-05T15:27:10","date_gmt":"2026-09-05T15:27:10","guid":{"rendered":"https:\/\/www.europesays.com\/hu\/234061\/"},"modified":"2026-09-05T15:27:10","modified_gmt":"2026-09-05T15:27:10","slug":"kapitany-istvan-odaszurt-a-megszuno-mandinernek-most-ok-megszunnek","status":"publish","type":"post","link":"https:\/\/www.europesays.com\/hu\/234061\/","title":{"rendered":"Kapit\u00e1ny Istv\u00e1n odasz\u00fart a megsz\u0171n\u0151 Mandinernek: \u201eMost \u0151k megsz\u0171nnek\u201d"},"content":{"rendered":"<p data-alignment=\"left\" class=\"text-left\" data-block-key=\"v3gdm\">Az <a href=\"https:\/\/www.economx.hu\/belfold\/2026\/07\/15\/kormanyrendelet-kozerdeku-vagyonkezelo-alapitvany-kekva-megszunes\/\" target=\"_blank\" rel=\" noopener noreferrer nofollow\" data-link-preview=\"true\" data-og-title=\"Hivatalos: az MCC-t\u0151l a Batthy\u00e1ny Alap\u00edtv\u00e1nyig 16 kekva sz\u0171nik meg\" data-og-description=\"J\u00falius 31-\u00e9vel 16, nem egyetemet fenntart\u00f3 k\u00f6zfeladatot ell\u00e1t\u00f3 k\u00f6z\u00e9rdek\u0171 vagyonkezel\u0151 alap\u00edtv\u00e1ny (kekva) sz\u0171nik meg. A Magyar K\u00f6zl\u00f6nyben megjelent korm\u00e1nyhat\u00e1rozat szerint a megsz\u0171n\u0151 alap\u00edtv\u00e1nyok \u00fcgyeinek lez\u00e1r\u00e1s\u00e1ra elsz\u00e1mol\u00e1si biztosokat jel\u00f6ltek ki.\" data-og-image=\"https:\/\/www.economx.hu\/neon\/media\/images\/DVAST20260211009.format-avif.max-600x400.avif\" data-og-image-small=\"https:\/\/www.economx.hu\/neon\/media\/images\/DVAST20260211009.format-avif.max-370x278.avif\" data-og-column=\"Belf\u00f6ld\" data-og-tags=\"[&quot;Belf\\u00f6ld&quot;, &quot;kekva&quot;, &quot;alap\\u00edtv\\u00e1ny&quot;, &quot;alap\\u00edtv\\u00e1nyi_egyetemek&quot;, &quot;korm\\u00e1nyhat\\u00e1rozat&quot;, &quot;Magyar P\\u00e9ter&quot;, &quot;Magyar K\\u00f6zl\\u00f6ny&quot;]\">MCC augusztus v\u00e9gi megsz\u0171n\u00e9s\u00e9vel<\/a> a lap tulajdonosi h\u00e1ttere megv\u00e1ltozott, a vez\u00e9rigazgat\u00f3t pedig p\u00e9nteken azonnali hat\u00e1llyal felmentett\u00e9k, \u00e9s bejelentett\u00e9k a Mandiner finansz\u00edroz\u00e1s\u00e1nak le\u00e1ll\u00edt\u00e1s\u00e1t.<\/p>\n<p data-alignment=\"left\" class=\"text-left\" data-block-key=\"22tww\">Kapit\u00e1ny Istv\u00e1n gazdas\u00e1gi \u00e9s energetikai miniszter egy r\u00f6vid Facebook-bejegyz\u00e9sben reag\u00e1lt a Mandiner megsz\u0171n\u00e9s\u00e9re.<\/p>\n<p>  <a rel=\"noopener nofollow\" href=\"https:\/\/indamediasales.hu\/2019\/06\/25\/quality_placement_minosegbiztositasi_tajekoztato_728\" target=\"_blank\" class=\"flex items-center\"><\/p>\n<p>      <img loading=\"lazy\" decoding=\"async\" src=\"https:\/\/www.economx.hu\/neon\/static\/images\/brand\/quality_placement_logo.svg\" alt=\"Quality Placement\" width=\"150\" height=\"15\"\/><\/p>\n<p>  <\/a><\/p>\n<p>\n  hirdet\u00e9s<\/p>\n<p>    X<\/p>\n<p data-alignment=\"left\" class=\"text-left\" data-block-key=\"70a48\">\u201eA Mandiner engem is sz\u00e1mtalanszor pr\u00f3b\u00e1lt meg lej\u00e1ratni \u00e9s hiteltelen\u00edteni. Most \u0151k megsz\u0171nnek\u201d \u2013 \u00edrta Kapit\u00e1ny Istv\u00e1n hivatalos k\u00f6z\u00f6ss\u00e9gi oldal\u00e1n.<\/p>\n<p data-alignment=\"left\" class=\"text-left\" data-block-key=\"42lvk\">A miniszter a <a href=\"https:\/\/www.facebook.com\/share\/p\/1J26v3YvHR\/\" target=\"_blank\" rel=\" noopener noreferrer nofollow\">bejegyz\u00e9sben<\/a>azt is hangs\u00falyozta, hogy a korm\u00e1ny a tov\u00e1bbiakban is a gazdas\u00e1gra k\u00edv\u00e1n koncentr\u00e1lni. \u201eMi pedig dolgozunk tov\u00e1bb egy m\u0171k\u00f6d\u0151 orsz\u00e1g\u00e9rt \u00e9s egy er\u0151s, versenyk\u00e9pes magyar gazdas\u00e1g\u00e9rt\u201d \u2013 fogalmazott.<\/p>\n<p data-alignment=\"left\" class=\"text-left\" data-block-key=\"7rtld\">Kapit\u00e1ny Istv\u00e1n bejegyz\u00e9s\u00e9ben nem r\u00e9szletezte, milyen k\u00f6r\u00fclm\u00e9nyek k\u00f6z\u00f6tt <a href=\"https:\/\/www.economx.hu\/belfold\/2026\/09\/04\/magyar-peter-mandiner-foszerkeszto-kirugas\/\" target=\"_blank\" rel=\" noopener noreferrer nofollow\" data-link-preview=\"true\" data-og-title=\"Kir\u00fagt\u00e1k a Mandiner vezet\u0151j\u00e9t, err\u0151l posztolt Magyar P\u00e9ter\" data-og-description=\"A minisztereln\u00f6k r\u00f6vid posztban jelentette be, hogy felmentett\u00e9k Kereki Gerg\u0151t, a Mandiner nev\u0171 lapot kiad\u00f3 c\u00e9g vez\u00e9rigazgat\u00f3j\u00e1t, aki egyben a lap f\u0151szerkeszt\u0151je volt.\" data-og-image=\"https:\/\/www.economx.hu\/neon\/media\/images\/image1756353436.format-avif.max-600x400.avif\" data-og-image-small=\"https:\/\/www.economx.hu\/neon\/media\/images\/image1756353436.format-avif.max-370x278.avif\" data-og-column=\"Belf\u00f6ld\" data-og-tags=\"[&quot;Belf\\u00f6ld&quot;, &quot;Magyar P\\u00e9ter&quot;, &quot;Mandiner&quot;, &quot;mcc&quot;, &quot;alap\\u00edtv\\u00e1ny&quot;]\">sz\u0171nik meg a Mandiner<\/a>, \u00e9s azt sem k\u00f6z\u00f6lte, hogy pontosan mikor jelenik meg utolj\u00e1ra a lap.<\/p>\n<p><a href=\"https:\/\/google.com\/preferences\/source?q=https%3A\/\/www.economx.hu\" rel=\"noopener nofollow\" referrerpolicy=\"no-referrer-when-downgrade\" class=\"!flex !items-center !gap-5 !py-2 !px-3 w-full !rounded-xl !font-bold cursor-pointer !no-underline relative !bg-white !text-[#202124] !border !border-[#858585] dark:!bg-[#323232] dark:!text-white dark:border-none my-4 \" target=\"_blank\"><br \/>\n  <img decoding=\"async\" src=\"https:\/\/www.economx.hu\/neon\/static\/images\/favicons\/google_favicon.svg\" alt=\"Google\" class=\"shrink-0 w-7 h-7\"\/><br \/>\n  \u00c1ll\u00edtsd be, hogy az Economx az els\u0151k k\u00f6z\u00f6tt legyen a Google-tal\u00e1latokban!<\/p>\n<p><\/a><\/p>\n","protected":false},"excerpt":{"rendered":"Az MCC augusztus v\u00e9gi megsz\u0171n\u00e9s\u00e9vel a lap tulajdonosi h\u00e1ttere megv\u00e1ltozott, a vez\u00e9rigazgat\u00f3t pedig p\u00e9nteken azonnali hat\u00e1llyal felmentett\u00e9k, \u00e9s&hellip;\n","protected":false},"author":2,"featured_media":234062,"comment_status":"","ping_status":"","sticky":false,"template":"","format":"standard","meta":{"footnotes":"","_share_on_mastodon":"0"},"categories":[33],"tags":[38,35,37,44,42,40,36210,43,41,1280,34,36,39],"class_list":["post-234061","post","type-post","status-publish","format-standard","has-post-thumbnail","category-hirek","tag-focimek","tag-headlines","tag-hirek","tag-hu","tag-hungarian","tag-hungary","tag-kapitany_istvan","tag-magyar","tag-magyarorszag","tag-mandiner","tag-news","tag-top-stories","tag-vezeto-hirek"],"share_on_mastodon":{"url":"https:\/\/pubeurope.com\/@hu\/117219141504721165","error":""},"_links":{"self":[{"href":"https:\/\/www.europesays.com\/hu\/wp-json\/wp\/v2\/posts\/234061","targetHints":{"allow":["GET"]}}],"collection":[{"href":"https:\/\/www.europesays.com\/hu\/wp-json\/wp\/v2\/posts"}],"about":[{"href":"https:\/\/www.europesays.com\/hu\/wp-json\/wp\/v2\/types\/post"}],"author":[{"embeddable":true,"href":"https:\/\/www.europesays.com\/hu\/wp-json\/wp\/v2\/users\/2"}],"replies":[{"embeddable":true,"href":"https:\/\/www.europesays.com\/hu\/wp-json\/wp\/v2\/comments?post=234061"}],"version-history":[{"count":0,"href":"https:\/\/www.europesays.com\/hu\/wp-json\/wp\/v2\/posts\/234061\/revisions"}],"wp:featuredmedia":[{"embeddable":true,"href":"https:\/\/www.europesays.com\/hu\/wp-json\/wp\/v2\/media\/234062"}],"wp:attachment":[{"href":"https:\/\/www.europesays.com\/hu\/wp-json\/wp\/v2\/media?parent=234061"}],"wp:term":[{"taxonomy":"category","embeddable":true,"href":"https:\/\/www.europesays.com\/hu\/wp-json\/wp\/v2\/categories?post=234061"},{"taxonomy":"post_tag","embeddable":true,"href":"https:\/\/www.europesays.com\/hu\/wp-json\/wp\/v2\/tags?post=234061"}],"curies":[{"name":"wp","href":"https:\/\/api.w.org\/{rel}","templated":true}]}}