{"id":234065,"date":"2026-09-05T15:29:21","date_gmt":"2026-09-05T15:29:21","guid":{"rendered":"https:\/\/www.europesays.com\/hu\/234065\/"},"modified":"2026-09-05T15:29:21","modified_gmt":"2026-09-05T15:29:21","slug":"miss-world-2026-igy-szerepelt-a-magyar-lany-vegvari-janka","status":"publish","type":"post","link":"https:\/\/www.europesays.com\/hu\/234065\/","title":{"rendered":"Miss World 2026: \u00cdgy szerepelt a magyar l\u00e1ny V\u00e9gv\u00e1ri Janka"},"content":{"rendered":"<p>V\u00e9gv\u00e1ri Janka magyar sz\u00e9ps\u00e9gkir\u00e1lyn\u0151 2025-ben megnyerte a Magyarorsz\u00e1g Sz\u00e9pe \u2013 Miss World Hungary versenyt, \u00edgy \u0151 k\u00e9pviselhette Magyarorsz\u00e1got a Miss World nemzetk\u00f6zi sz\u00e9ps\u00e9gversenyen 2026. szeptember 5-\u00e9n. A mosonmagyar\u00f3v\u00e1ri sz\u00e1rmaz\u00e1s\u00fa <a href=\"https:\/\/nlc.hu\/trend\/20250623\/vegvari-janka-magyarorszag-szepe-munka\/\" rel=\"nofollow noopener\" target=\"_blank\">fiatal l\u00e1ny mind\u00f6ssze 17 \u00e9ves volt<\/a>, amikor elnyerte a c\u00edmet, \u00e9s 18 \u00e9ves, amikor a nemzetk\u00f6zi verseny sz\u00ednpad\u00e1ra \u00e1llhatott. Itthon elnyerte a Miss Charity c\u00edmet is, miut\u00e1n egy mosonmagyar\u00f3v\u00e1ri id\u0151sek otthon\u00e1ban v\u00e9gzett \u00f6nk\u00e9ntes munk\u00e1t.<\/p>\n<p>Janka a nemzetk\u00f6zi versenyen is hangs\u00falyozta, hogy fontosnak tartja a tanul\u00e1st \u00e9s a j\u00f3t\u00e9konys\u00e1gi tev\u00e9kenys\u00e9geket. Sz\u00e9ps\u00e9gkir\u00e1lyn\u0151i feladatai mellett az \u00e9retts\u00e9gire is k\u00e9sz\u00fclt, valamint hossz\u00fa t\u00e1von a tov\u00e1bbtanul\u00e1st tervezi. Nyilatkozataiban gyakran hangs\u00falyozza a kitart\u00e1s, az \u00f6nfegyelem \u00e9s a kem\u00e9ny munka jelent\u0151s\u00e9g\u00e9t.\u00a0<\/p>\n<p><img fetchpriority=\"high\" decoding=\"async\" class=\"img-responsive size-full wp-image-2180191\" src=\"https:\/\/www.europesays.com\/hu\/wp-content\/uploads\/2026\/09\/kepernyofoto-2026-09-05-65554.png\" alt=\"V\u00e9gv\u00e1ri Janka, Miss World Hungary.\" width=\"918\" height=\"1434\"   loading=\"lazy\"\/><\/p>\n<p class=\"wp-caption-text\">V\u00e9gv\u00e1ri Janka, Miss World Hungary.<\/p>\n<p>Janka a Miss World versenyre h\u00f3napokon \u00e1t k\u00e9sz\u00fclt, \u00e9s Vietn\u00e1mban k\u00e9pviselte Magyarorsz\u00e1got a nemzetk\u00f6zi mez\u0151nyben. B\u00e1r a verseny alatt t\u00f6bbsz\u00f6r betegs\u00e9ggel k\u00fczd\u00f6tt, v\u00e9gig helyt\u00e1llt, \u00e9s a kitart\u00e1s\u00e1t tartja egyik legfontosabb er\u00e9ny\u00e9nek. \u201eEz volt \u00e9letem els\u0151 olyan szerepl\u00e9se, ahol egy orsz\u00e1got kellett k\u00e9pviselnem, ami hatalmas felel\u0151ss\u00e9ggel j\u00e1rt. Az emberek tal\u00e1n nem is l\u00e1tj\u00e1k, mennyi munka van egy ilyen megm\u00e9rettet\u00e9sben: hajnali hatt\u00f3l \u00e9jf\u00e9lig pr\u00f3b\u00e1ltunk, ami rendk\u00edv\u00fcl megterhel\u0151 tud lenni. R\u00e1ad\u00e1sul egy m\u00e1sik orsz\u00e1gban, egy m\u00e1sik kontinensen minden, amit mondasz, az orsz\u00e1g nev\u00e9ben hangzik el. Ebb\u0151l azt is megtanultam, hogy ez nem felt\u00e9tlen\u00fcl r\u00f3lam sz\u00f3l, hanem arr\u00f3l az orsz\u00e1gr\u00f3l, amelyet k\u00e9pviselek, \u00e9s igyekeztem ezt m\u00e9lt\u00f3k\u00e9ppen megtenni\u201d \u2013 nyilatkozta m\u00e9g a d\u00f6nt\u0151 el\u0151tti nap a <a rel=\"nofollow noopener noreferrer\" href=\"https:\/\/www.blikk.hu\/sztarvilag\/hazai-sztarok\/vegvari-janka-miss-world\/j9msny6\" target=\"_blank\">Blikknek<\/a>.<\/p>\n<p><img decoding=\"async\" class=\"img-responsive wp-image-2180282 size-full\" src=\"https:\/\/www.europesays.com\/hu\/wp-content\/uploads\/2026\/09\/kepernyofoto-2026-09-05-153624-e1788617212242.png\" alt=\"v\u00e9gv\u00e1ri janka miss world 2026\" width=\"1730\" height=\"925\"   loading=\"lazy\"\/><\/p>\n<p class=\"wp-caption-text\">V\u00e9gv\u00e1ri Janka a d\u00f6nt\u0151ben.<\/p>\n<p>A nemzetk\u00f6zi versenyen 111 orsz\u00e1g versenyz\u0151je vesz r\u00e9szt. Az utols\u00f3 est\u00e9n a szervez\u0151k kiv\u00e1lasztj\u00e1k a legjobb 40 sz\u00e9ps\u00e9get, majd j\u00f6n a top20, a top12, a top6 \u00e9s a legjobb 3 versenyz\u0151.\u00a0<\/p>\n<p>Janka az este folyam\u00e1n, annak ellen\u00e9re, hogy az internetes list\u00e1kon nagy es\u00e9lye volt, nem jutott be az eur\u00f3pai top10-es mez\u0151nybe, \u00e9s innen a top40-be.<br \/>\nDe a 2026-os szab\u00e1lyok \u00e9rtelm\u00e9ben, a k\u00f6z\u00f6ns\u00e9gszavaz\u00e1snak k\u00f6sz\u00f6nhet\u0151en m\u00e9g ak\u00e1r a top12-be \u00edgy is bejuthatott volna, viszont sajnos ez sem siker\u00fclt.<\/p>\n<p>Cikk\u00fcnk folyamatosan friss\u00fcl. Amint megvan a 2026-os Miss World gy\u0151ztese, h\u00edrt adunk r\u00f3la.<\/p>\n<p>\nA legsikeresebb magyar\n<\/p>\n<p>A Miss World vil\u00e1gd\u00f6nt\u0151j\u00e9n eddig a legjobb eredm\u00e9nyt Kulcs\u00e1r Edina \u00e9rte el, akit 2014-ben, Londonban a m\u00e1sodik helyezettnek v\u00e1lasztott\u00e1k, tov\u00e1bb\u00e1 a Queen of Europe c\u00edmet is elnyerte.<\/p>\n","protected":false},"excerpt":{"rendered":"V\u00e9gv\u00e1ri Janka magyar sz\u00e9ps\u00e9gkir\u00e1lyn\u0151 2025-ben megnyerte a Magyarorsz\u00e1g Sz\u00e9pe \u2013 Miss World Hungary versenyt, \u00edgy \u0151 k\u00e9pviselhette Magyarorsz\u00e1got&hellip;\n","protected":false},"author":2,"featured_media":234066,"comment_status":"","ping_status":"","sticky":false,"template":"","format":"standard","meta":{"footnotes":"","_share_on_mastodon":"0"},"categories":[21],"tags":[198,137,199,44,42,40,43,41,61618,138,235,61617],"class_list":["post-234065","post","type-post","status-publish","format-standard","has-post-thumbnail","category-hiressegek","tag-celebrities","tag-entertainment","tag-hiressegek","tag-hu","tag-hungarian","tag-hungary","tag-magyar","tag-magyarorszag","tag-miss-world","tag-szorakozas","tag-sztarok","tag-vegvari-janka"],"share_on_mastodon":{"url":"https:\/\/pubeurope.com\/@hu\/117219148689043024","error":""},"_links":{"self":[{"href":"https:\/\/www.europesays.com\/hu\/wp-json\/wp\/v2\/posts\/234065","targetHints":{"allow":["GET"]}}],"collection":[{"href":"https:\/\/www.europesays.com\/hu\/wp-json\/wp\/v2\/posts"}],"about":[{"href":"https:\/\/www.europesays.com\/hu\/wp-json\/wp\/v2\/types\/post"}],"author":[{"embeddable":true,"href":"https:\/\/www.europesays.com\/hu\/wp-json\/wp\/v2\/users\/2"}],"replies":[{"embeddable":true,"href":"https:\/\/www.europesays.com\/hu\/wp-json\/wp\/v2\/comments?post=234065"}],"version-history":[{"count":0,"href":"https:\/\/www.europesays.com\/hu\/wp-json\/wp\/v2\/posts\/234065\/revisions"}],"wp:featuredmedia":[{"embeddable":true,"href":"https:\/\/www.europesays.com\/hu\/wp-json\/wp\/v2\/media\/234066"}],"wp:attachment":[{"href":"https:\/\/www.europesays.com\/hu\/wp-json\/wp\/v2\/media?parent=234065"}],"wp:term":[{"taxonomy":"category","embeddable":true,"href":"https:\/\/www.europesays.com\/hu\/wp-json\/wp\/v2\/categories?post=234065"},{"taxonomy":"post_tag","embeddable":true,"href":"https:\/\/www.europesays.com\/hu\/wp-json\/wp\/v2\/tags?post=234065"}],"curies":[{"name":"wp","href":"https:\/\/api.w.org\/{rel}","templated":true}]}}