{"id":234067,"date":"2026-09-05T15:31:09","date_gmt":"2026-09-05T15:31:09","guid":{"rendered":"https:\/\/www.europesays.com\/hu\/234067\/"},"modified":"2026-09-05T15:31:09","modified_gmt":"2026-09-05T15:31:09","slug":"toth-gabi-visszaszolt-az-erettsegijen-gunyolodo-puskas-dallos-boginak","status":"publish","type":"post","link":"https:\/\/www.europesays.com\/hu\/234067\/","title":{"rendered":"T\u00f3th Gabi visszasz\u00f3lt az \u00e9retts\u00e9gij\u00e9n g\u00fanyol\u00f3d\u00f3 Pusk\u00e1s-Dallos Boginak"},"content":{"rendered":"<p>Id\u00e9n\u00a0Pusk\u00e1s-Dallos Bogi\u00a0<a target=\"_blank\" href=\"https:\/\/24.hu\/szorakozas\/2026\/04\/24\/megasztar-2026-zsuritag-puskas-dallos-bogi\/\" rel=\"nofollow noopener\">v\u00e1ltotta<\/a>\u00a0T\u00f3th Gabit\u00a0a szombaton kezd\u0151d\u0151 Megaszt\u00e1r\u00a0zs\u0171ripultj\u00e1ban, \u00e9s az \u00e9nekesn\u0151 egy el\u0151zetesen k\u00f6zz\u00e9tett m\u0171sorr\u00e9szlet szerint a v\u00e1logat\u00f3k forgat\u00e1s\u00e1n kifigur\u00e1zta el\u0151dj\u00e9t. Egyebek mellett azzal viccel\u0151d\u00f6tt, hogy \u201emindj\u00e1rt leteszem az \u00e9retts\u00e9git\u201d.<\/p>\n<p>Mint ismert, T\u00f3th Gabi k\u00f6z\u00e9piskol\u00e1sk\u00e9nt indult a 2005-\u00f6s Megaszt\u00e1rban, \u00e9s k\u00e9s\u0151bb a m\u0171sor \u00e9s a vele j\u00e1r\u00f3 elfoglalts\u00e1gok, valamint a napi n\u00e9gy \u00f3ra vonatoz\u00e1s \u2013 Budapest \u00e9s Tapolca k\u00f6z\u00f6tt \u2013 miatt \u00fagy d\u00f6nt\u00f6tt, hogy felf\u00fcggeszti a tanulm\u00e1nyait, \u00e9s nem \u00e9retts\u00e9gizett le.<\/p>\n<p>Pusk\u00e1s-Dallos produkci\u00f3j\u00e1ra T\u00f3th Gabi TikTokon reag\u00e1lt<\/p>\n<p>A vide\u00f3ban el\u0151sz\u00f6r a tehets\u00e9gkutat\u00f3 \u00faj \u00e9vad\u00e1r\u00f3l mondta el a v\u00e9lem\u00e9ny\u00e9t.<\/p>\n<p>Viccesnek tal\u00e1lom, hogy ott sem \u00fcl\u00f6k, \u00e9s m\u00e9g mindig velem foglalkoznak, mert \u00fagy l\u00e1tszik, hogy \u00edgy tudj\u00e1k eladni a m\u0171sorukat. \u00dagyhogy innen is csak annyit \u00fczenek: sz\u00edvesen! \u00c9s m\u00e9g p\u00e9nzt sem kellett adnotok \u00e9rte!<\/p>\n<p>\u2013 mondta az \u00e9nekesn\u0151, majd \u00edgy folytatta:<\/p>\n<p>L\u00e1tom, hogy Dallos Bogi a pillanat hev\u00e9ben nagyon j\u00f3 humorral pr\u00f3b\u00e1l parodiz\u00e1lni, \u00e9s bedobta, hogy \u00bbmegyek, \u00e9s le\u00e9retts\u00e9gizem\u00ab. \u00daristen, m\u00e9g sosem hallottuk! T\u00f6k j\u00f3! A zs\u0171ripultban nagyon nagy sz\u00fcks\u00e9ged lesz az \u00e9retts\u00e9gire. Nem, oda tehets\u00e9gre van sz\u00fcks\u00e9g, meg hangra, meg dalokra. De legal\u00e1bb neki van \u00e9retts\u00e9gije!<\/p>\n<p>A teljes vide\u00f3t itt lehet megn\u00e9zni:<\/p>\n<p>  <a target=\"_blank\" title=\"@tothgabiofficial\" href=\"https:\/\/www.tiktok.com\/@tothgabiofficial?refer=embed\" rel=\"nofollow noopener\">@tothgabiofficial<\/a> <\/p>\n<p>Na akkor \u00e9n is bepr\u00f3m\u00f3zom m\u00e9g a marad\u00e9k 1 szabad helyre az \u0150szinte hang mentorsulimat\ud83d\ude05\ud83d\ude05\u2764\ufe0f<\/p>\n<p> <a target=\"_blank\" title=\"\u266c eredeti hang - GABILLA\ud83c\udf19\ud83c\udf1e\ud83c\udf15\" href=\"https:\/\/www.tiktok.com\/music\/eredeti-hang-7680981202253204246?refer=embed\" rel=\"nofollow noopener\">\u266c eredeti hang &#8211; GABILLA\ud83c\udf19\ud83c\udf1e\ud83c\udf15<\/a>   <\/p>\n<p>\t\tT\u00f3th Gabi \u00e9s az \u00e9retts\u00e9gi<\/p>\n<p>Nem az\u00e9rt nem \u00e9retts\u00e9giztem le, mert nem kell a pap\u00edr. Egyszer\u0171en annyi, hogy \u00e9n a karriert \u00e9s a lehet\u0151s\u00e9get v\u00e1lasztottam, ami nagyon ritk\u00e1n ad\u00f3dik az \u00e9letben<\/p>\n<p>\u2013 <a target=\"_blank\" href=\"https:\/\/24.hu\/szorakozas\/2016\/12\/05\/toth-gabi-meg-mindig-nem-szanta-ra-magat-az-erettsegire\/\" rel=\"nofollow noopener\">nyilatkozta<\/a> kor\u00e1bban T\u00f3th Gabi.<\/p>\n<p>2021-ben a N\u0151k Lapj\u00e1nak adott interj\u00faj\u00e1ban azt <a target=\"_blank\" href=\"https:\/\/24.hu\/elet-stilus\/2021\/04\/29\/toth-gabi-erettsegi-tanulas-neprajz-nepzene-hit-vallas\/\" rel=\"nofollow noopener\">mondta<\/a>, szeretne le\u00e9retts\u00e9gizni, azt\u00e1n n\u00e9pzen\u00e9t, n\u00e9prajzot tanulni, \u201ep\u00f3tolni mindent, ami kimaradt\u201d.<\/p>\n<p>Igen, vannak tetov\u00e1l\u00e1saim, de ett\u0151l nem vagyok rossz ember. \u00c9s igen, nincs \u00e9retts\u00e9gi bizony\u00edtv\u00e1nyom, de rem\u00e9lem, hogy a J\u00f3isten l\u00e1tja, hogy a sz\u00edvem tiszta, \u00e9s igyekszem \u00fagy \u00e9lni az \u00e9letem, hogy az p\u00e9lda lehessen azoknak az embereknek, akik szint\u00e9n keresik az \u00fatjukat. Rengeteget olvasok, k\u00e9pzem, fejlesztem magam, hiszek az \u00e9lethosszig tart\u00f3 tanul\u00e1sban, m\u00e9g akkor is, ha nincs r\u00f3la pap\u00edrom<\/p>\n<p>\u2013 <a target=\"_blank\" href=\"https:\/\/24.hu\/elet-stilus\/2021\/08\/16\/toth-gabi-hit-pelda-erettsegi\/\" rel=\"nofollow noopener\">\u00edrta<\/a> az \u00e9nekesn\u0151 egykori blogj\u00e1ban \u00f6t \u00e9vvel ezel\u0151tt.<\/p>\n<p>A tavalyi\u00a0Megaszt\u00e1rban is volt, aki <a target=\"_blank\" href=\"https:\/\/24.hu\/szorakozas\/2025\/08\/29\/toth-gabi-erettsegi-megasztar-2025\/\" rel=\"nofollow noopener\">emiatt sz\u00f3lt be neki<\/a>:<\/p>\n<p>\t\t<script async src=\"\/\/www.tiktok.com\/embed.js\"><\/script><\/p>\n","protected":false},"excerpt":{"rendered":"Id\u00e9n\u00a0Pusk\u00e1s-Dallos Bogi\u00a0v\u00e1ltotta\u00a0T\u00f3th Gabit\u00a0a szombaton kezd\u0151d\u0151 Megaszt\u00e1r\u00a0zs\u0171ripultj\u00e1ban, \u00e9s az \u00e9nekesn\u0151 egy el\u0151zetesen k\u00f6zz\u00e9tett m\u0171sorr\u00e9szlet szerint a v\u00e1logat\u00f3k forgat\u00e1s\u00e1n kifigur\u00e1zta&hellip;\n","protected":false},"author":2,"featured_media":234068,"comment_status":"","ping_status":"","sticky":false,"template":"","format":"standard","meta":{"footnotes":"","_share_on_mastodon":"0"},"categories":[19],"tags":[137,30288,44,42,40,43,41,3345,15693,138,3235,191],"class_list":["post-234067","post","type-post","status-publish","format-standard","has-post-thumbnail","category-tv","tag-entertainment","tag-erettsegi","tag-hu","tag-hungarian","tag-hungary","tag-magyar","tag-magyarorszag","tag-megasztar","tag-puskas-dallos-bogi","tag-szorakozas","tag-toth-gabi","tag-tv"],"share_on_mastodon":{"url":"https:\/\/pubeurope.com\/@hu\/117219156474200661","error":""},"_links":{"self":[{"href":"https:\/\/www.europesays.com\/hu\/wp-json\/wp\/v2\/posts\/234067","targetHints":{"allow":["GET"]}}],"collection":[{"href":"https:\/\/www.europesays.com\/hu\/wp-json\/wp\/v2\/posts"}],"about":[{"href":"https:\/\/www.europesays.com\/hu\/wp-json\/wp\/v2\/types\/post"}],"author":[{"embeddable":true,"href":"https:\/\/www.europesays.com\/hu\/wp-json\/wp\/v2\/users\/2"}],"replies":[{"embeddable":true,"href":"https:\/\/www.europesays.com\/hu\/wp-json\/wp\/v2\/comments?post=234067"}],"version-history":[{"count":0,"href":"https:\/\/www.europesays.com\/hu\/wp-json\/wp\/v2\/posts\/234067\/revisions"}],"wp:featuredmedia":[{"embeddable":true,"href":"https:\/\/www.europesays.com\/hu\/wp-json\/wp\/v2\/media\/234068"}],"wp:attachment":[{"href":"https:\/\/www.europesays.com\/hu\/wp-json\/wp\/v2\/media?parent=234067"}],"wp:term":[{"taxonomy":"category","embeddable":true,"href":"https:\/\/www.europesays.com\/hu\/wp-json\/wp\/v2\/categories?post=234067"},{"taxonomy":"post_tag","embeddable":true,"href":"https:\/\/www.europesays.com\/hu\/wp-json\/wp\/v2\/tags?post=234067"}],"curies":[{"name":"wp","href":"https:\/\/api.w.org\/{rel}","templated":true}]}}