{"id":234069,"date":"2026-09-05T15:34:15","date_gmt":"2026-09-05T15:34:15","guid":{"rendered":"https:\/\/www.europesays.com\/hu\/234069\/"},"modified":"2026-09-05T15:34:15","modified_gmt":"2026-09-05T15:34:15","slug":"index-kultur-nagy-a-tulekedes-az-uj-szinhaz-igazgatoi-posztjaert-ismert-nevek-sorakoznak-a-rajtvonalnal","status":"publish","type":"post","link":"https:\/\/www.europesays.com\/hu\/234069\/","title":{"rendered":"Index &#8211; Kult\u00far &#8211; Nagy a t\u00fcleked\u00e9s az \u00daj Sz\u00ednh\u00e1z igazgat\u00f3i posztj\u00e1\u00e9rt, ismert nevek sorakoznak a rajtvonaln\u00e1l"},"content":{"rendered":"<p>\n                          Cikk\u00fcnk friss\u00fclt&#8230;\n                        <\/p>\n<p>Alaposan megmozgatta a magyar sz\u00ednh\u00e1zi \u00e9letet az \u00daj Sz\u00ednh\u00e1z igazgat\u00f3i p\u00e1ly\u00e1zata, a jelek szerint ugyanis szokatlanul sokan sz\u00e1lltak versenybe D\u00f6rner Gy\u00f6rgy sz\u00e9k\u00e9\u00e9rt. A te\u00e1trumot 2012 \u00f3ta vezet\u0151 igazgat\u00f3 jelenleg a harmadik \u00f6t\u00e9ves ciklus\u00e1t t\u00f6lti, amely 2027 janu\u00e1r 30-\u00e1n \u00e9r v\u00e9get. A mostani p\u00e1ly\u00e1zat nyertese a <a href=\"https:\/\/kormany.hu\/application\/documents\/791ad1d5-5aed-4f40-9293-1beb3f098864\/download\" id=\"hyperlink_c2a21cf1d601c112d4f7d44c3f568564\" rel=\"nofollow noopener\" target=\"_blank\">ki\u00edr\u00e1s<\/a> szerint v\u00e1rhat\u00f3an 2027. janu\u00e1r 31-\u00e9n l\u00e9p munk\u00e1ba, megb\u00edzat\u00e1sa pedig 2032. december 31-ig sz\u00f3l.<\/p>\n<p>Az Index inform\u00e1ci\u00f3i szerint \u00f6sszesen tizenhatan vett\u00e9k fel a p\u00e1ly\u00e1zati anyagot, ez azonban m\u00e9g nem jelenti azt, hogy valamennyien be is ny\u00fajtj\u00e1k a p\u00e1ly\u00e1zatukat.<\/p>\n<p>A jelentkez\u00e9si hat\u00e1rid\u0151 2026. szeptember 14., \u00edgy a v\u00e9gleges p\u00e1ly\u00e1z\u00f3i k\u00f6r csak ezt k\u00f6vet\u0151en v\u00e1lhat ismertt\u00e9.\u00a0Az \u00daj Sz\u00ednh\u00e1z Nonprofit Kft. tulajdonosa Budapest F\u0151v\u00e1ros \u00d6nkorm\u00e1nyzata, a fenntart\u00f3i jogokat ugyanakkor a T\u00e1rsadalmi Kapcsolatok\u00e9rt \u00e9s Kult\u00far\u00e1\u00e9rt Felel\u0151s Miniszt\u00e9rium gyakorolja.<\/p>\n<p>                        Nyitni az \u00faj dolgok fel\u00e9<\/p>\n<p>A jelenlegi igazgat\u00f3, D\u00f6rner Gy\u00f6rgy nem k\u00edv\u00e1nta egyel\u0151re el\u00e1rulni, hogy h\u00e1rom ciklus ut\u00e1n negyedszerre is megp\u00e1ly\u00e1zza-e a te\u00e1trum vezet\u00e9s\u00e9t. Az Index megkeres\u00e9s\u00e9re \u00fagy fogalmazott, m\u00e9g korainak tartja, hogy err\u0151l nyilatkozzon. Arra k\u00e9rte lapunkat, hogy a p\u00e1ly\u00e1zati hat\u00e1rid\u0151 lej\u00e1rta ut\u00e1n keress\u00fck ism\u00e9t.<\/p>\n<p>A jelenlegi igazgat\u00f3 teh\u00e1t egyel\u0151re nem er\u0151s\u00edtette meg az indul\u00e1s\u00e1t, de nem is z\u00e1rta ki.<\/p>\n<p>Gregor Bernadett egyel\u0151re m\u00e9g nem ny\u00fajtotta be p\u00e1ly\u00e1zat\u00e1t az \u00daj Sz\u00ednh\u00e1z \u00fcgyvezet\u0151 igazgat\u00f3i posztj\u00e1ra, de felvette a p\u00e1ly\u00e1zati anyagot, \u00e9s tervei szerint a j\u00f6v\u0151 h\u00e9ten be is adja. Az Indexnek azt mondta, t\u00f6bb mint h\u00e1rom \u00e9vtizedes sz\u00edn\u00e9szi p\u00e1lya ut\u00e1n \u00e9rzi el\u00e9rkezettnek az id\u0151t arra, hogy vezet\u0151k\u00e9nt is megm\u00e9rettesse mag\u00e1t.<\/p>\n<p>\u00c9vek \u00f3ta \u00fagy \u00e9rzem, hogy nagyon gazdag sz\u00edn\u00e9szi p\u00e1lya van m\u00f6g\u00f6ttem, \u00e9s szinte mindent elj\u00e1tszottam, amit lehetett. Most 54 \u00e9ves vagyok, 31 \u00e9ve diplom\u00e1ztam, \u00e9s azt \u00e9rzem, elj\u00f6tt az id\u0151, hogy a megszerzett tapasztalataimat vezet\u0151k\u00e9nt is kamatoztassam<\/p>\n<p>\u2013 fogalmazott Gregor Bernadett, hozz\u00e1t\u00e9ve, 2012 \u00f3ta az \u00daj Sz\u00ednh\u00e1z t\u00e1rsulat\u00e1nak tagja, ez\u00e9rt az int\u00e9zm\u00e9ny \u201eszinte m\u00e1sodik otthon\u00e1v\u00e1\u201d v\u00e1lt.<\/p>\n<p>R\u00e9gi t\u00e1rsulati tagk\u00e9nt szeretn\u00e9m tov\u00e1bbvinni ezt a sz\u00ednh\u00e1zat a hagyom\u00e1nyok meg\u0151rz\u00e9s\u00e9vel, \u00e9s term\u00e9szetesen nyitni \u00faj dolgok fel\u00e9.<\/p>\n<p>A r\u00e9szletes m\u0171v\u00e9szeti koncepci\u00f3j\u00e1r\u00f3l Gregor egyel\u0151re nem k\u00edv\u00e1nt besz\u00e9lni, de annyit el\u00e1rult, hogy a jelenlegi t\u00e1rsulatra \u00e9p\u00edtene, mik\u00f6zben fiatalok \u00e9s f\u00fcggetlen alkot\u00f3k fel\u00e9 is nyitna. P\u00e1ly\u00e1zat\u00e1hoz egy \u00f6t\u00e9ves m\u0171sortervet is k\u00e9sz\u00edt. A klasszikus \u00e9s kort\u00e1rs magyar dr\u00e1mairodalom hangs\u00falyos jelenl\u00e9t\u00e9t megtartan\u00e1, ezt a p\u00e1ly\u00e1zati ki\u00edr\u00e1ssal \u00e9s az \u00daj Sz\u00ednh\u00e1z eddigi szellemis\u00e9g\u00e9vel is \u00f6sszeegyeztethet\u0151nek tartja.<\/p>\n<p>                        Sorsszer\u0171en j\u00f6tt az \u00daj Sz\u00ednh\u00e1z<\/p>\n<p>Kiss J\u00f3zsef \u2013 ahogy arr\u00f3l az <a href=\"https:\/\/index.hu\/kultur\/2026\/08\/13\/soproni-petofi-szinhaz-igazgato-tavozik-nemzeti-szinhaz-fulop-peter\/\" id=\"hyperlink_df34a663c7559b1f57046da32f08939f\" target=\"_blank\" title=\"V\u00e1ratlan fordulat, Vidny\u00e1nszky Attila jobbkeze ker\u00fclhet az igazgat\u00f3i sz\u00e9kbe\" rel=\"nofollow noopener\">Index els\u0151k\u00e9nt h\u00edrt adott<\/a> \u2013 alig k\u00e9t hete t\u00e1vozott a Soproni Pet\u0151fi Sz\u00ednh\u00e1z \u00e9l\u00e9r\u0151l, noha igazgat\u00f3i megb\u00edzat\u00e1sa eredetileg 2029-ig sz\u00f3lt volna. Az Indexnek azt mondta, a d\u00f6nt\u00e9s teljesen v\u00e1ratlanul \u00e9rte, \u00e9s k\u00f6zvetlen\u00fcl ez vezetett ahhoz, hogy megp\u00e1ly\u00e1zza az \u00daj Sz\u00ednh\u00e1z igazgat\u00f3i posztj\u00e1t.\u00a0<\/p>\n<p>Nem volt el\u0151zetes egyeztet\u00e9s, nem volt sz\u00f3 ezekr\u0151l a dolgokr\u00f3l, engem der\u00fclt \u00e9gb\u0151l vill\u00e1mcsap\u00e1sk\u00e9nt \u00e9rt ez a d\u00f6nt\u00e9s<\/p>\n<p>\u2013 fogalmazott Kiss J\u00f3zsef. \u00c1ll\u00edt\u00e1sa szerint a k\u00f6vetkez\u0151 \u00e9vad b\u00e9rletez\u00e9se j\u00f3l haladt, az ifj\u00fas\u00e1gi programot kedvez\u0151en fogadt\u00e1k az iskol\u00e1k, \u00e9s szakmailag minden kiv\u00e1l\u00f3an m\u0171k\u00f6d\u00f6tt, amikor bek\u00f6vetkezett a v\u00e1lt\u00e1s.<\/p>\n<p>A t\u00f6rt\u00e9nteket \u201ep\u00e9ld\u00e1tlan \u00e9s eg\u00e9szen elk\u00e9peszt\u0151\u201d helyzetnek nevezte. \u201eHa ezt valahol b\u00e1rkivel megtehetik, jelen esetben velem tett\u00e9k meg, onnan gyorsan el kell j\u00f6nni. Ezt \u00e9rtse mindenki \u00fagy, ahogy akarja\u201d \u2013 mondta Kiss, majd arra a k\u00e9rd\u00e9sre, hogy a soproni t\u00e1voz\u00e1s mennyiben befoly\u00e1solta az \u00daj Sz\u00ednh\u00e1z igazgat\u00f3i posztj\u00e1ra beadott p\u00e1ly\u00e1zat\u00e1t, egy\u00e9rtelm\u0171 v\u00e1laszt adott.<\/p>\n<p>Nagym\u00e9rt\u00e9kben. Ez sorsszer\u0171 dolog. Ha ez nem t\u00f6rt\u00e9nik meg Sopronban, nem p\u00e1ly\u00e1zom meg az \u00daj Sz\u00ednh\u00e1zat.<\/p>\n<p>Kiss J\u00f3zsef nem ismeretlen\u00fcl \u00e9rkezne az \u00daj Sz\u00ednh\u00e1zba. Az elm\u00falt \u00e9vekben h\u00e1rom el\u0151ad\u00e1st is rendezett a t\u00e1rsulattal. Mint mondta, a k\u00f6z\u00f6s munka sor\u00e1n kifejezetten k\u00f6zel ker\u00fclt hozz\u00e1juk. \u201eNagyon megszerettem \u0151ket, eg\u00e9szen kiv\u00e9teles k\u00e9pess\u00e9g\u0171 sz\u00edn\u00e9szg\u00e1rda dolgozik ott.\u201d\u00a0<\/p>\n<p>P\u00e1ly\u00e1zat\u00e1nak egyik k\u00f6zponti eleme a kort\u00e1rs magyar dr\u00e1ma. Soproni igazgat\u00f3k\u00e9nt n\u00e9gy \u00e9vadra tizenegy kort\u00e1rs magyar bemutat\u00f3t tervezett, k\u00f6zt\u00fck hat \u0151sbemutat\u00f3t. \u00dagy v\u00e9li, a kort\u00e1rs szerz\u0151k helyzet\u00e9n els\u0151sorban azzal lehet jav\u00edtani, ha m\u0171veik t\u00e9nylegesen sz\u00ednpadra ker\u00fclnek.\u00a0\u201eAm\u00edg nincsenek bemutatva a dr\u00e1m\u00e1k, addig csak \u00f6njel\u00f6lt valakik. Onnant\u00f3l kezdve, hogy bemutatj\u00e1k \u00e9s j\u00e1tssz\u00e1k \u0151ket, val\u00f3ban dr\u00e1ma\u00edr\u00f3k lesznek\u201d \u2013 mondta Kiss J\u00f3zsef, aki szerint ehhez b\u00e1tors\u00e1g kell, mert a k\u00f6z\u00f6ns\u00e9g gyakran ink\u00e1bb v\u00edgj\u00e1t\u00e9kokra \u00e9s zen\u00e9s el\u0151ad\u00e1sokra v\u00e1gyik, soproni tapasztalatai azonban azt mutatt\u00e1k, hogy a kort\u00e1rs darabok is k\u00e9pesek k\u00f6z\u00f6ns\u00e9get tal\u00e1lni.<\/p>\n<p>Az \u00daj Sz\u00ednh\u00e1z p\u00e1ly\u00e1zati ki\u00edr\u00e1s\u00e1ban meghat\u00e1rozott, magyar dr\u00e1m\u00e1ra \u00e9p\u00edt\u0151 sz\u00ednh\u00e1zi karakter kifejezetten k\u00f6zel \u00e1ll hozz\u00e1. Mint mondta, sz\u00e1m\u00e1ra \u201e\u00e9letc\u00e9l\u201d, hogy ezzel foglalkozzon, maga is \u00edr dr\u00e1m\u00e1kat, ez\u00e9rt pontosan ismeri a szerz\u0151k neh\u00e9zs\u00e9geit. 2023-ban konferenci\u00e1t is rendezett a kort\u00e1rs dr\u00e1ma helyzet\u00e9r\u0151l, Kort\u00e1rsak a fi\u00f3kban c\u00edmmel.<\/p>\n<p>Kell egy olyan k\u00f6zponti sz\u00ednh\u00e1z, amelyik viszi a z\u00e1szl\u00f3t. Ennek szerintem a Nemzeti Sz\u00ednh\u00e1znak kellene lennie, de ha ez nem \u00edgy m\u0171k\u00f6dik, akkor az \u00daj Sz\u00ednh\u00e1z ezt mag\u00e1ra tudja v\u00e1llalni<\/p>\n<p>\u2013 fogalmazott Kiss, aki igazgat\u00f3k\u00e9nt els\u0151sorban a fiatalok fel\u00e9 nyitn\u00e1 tov\u00e1bb az int\u00e9zm\u00e9nyt: fiatal dr\u00e1ma\u00edr\u00f3kat, rendez\u0151ket \u00e9s alkot\u00f3kat mentor\u00e1lna, kapcsolatot \u00e9p\u00edtene m\u0171v\u00e9szk\u00e9pz\u0151 int\u00e9zm\u00e9nyekkel, \u00e9s nemzetk\u00f6zi ir\u00e1nyban is er\u0151s\u00edten\u00e9 a sz\u00ednh\u00e1z jelenl\u00e9t\u00e9t.<\/p>\n<p>                        Sem meger\u0151s\u00edteni, sem c\u00e1folni nem k\u00edv\u00e1nj\u00e1k<\/p>\n<p>Az elm\u00falt napokban Irsai Farkas L\u00e1szl\u00f3\u00a0Magyar Arany \u00c9rdemkereszttel kit\u00fcntetett sz\u00ednm\u0171v\u00e9sz-rendez\u0151, a szentesi Koszta J\u00f3zsef M\u00fazeum igazgat\u00f3ja \u00e9s Sz\u00e9kely Csaba Sz\u00e9p Ern\u0151-d\u00edjas dr\u00e1ma\u00edr\u00f3 neve is felvet\u0151d\u00f6tt egy esetleges k\u00f6z\u00f6s koncepci\u00f3val, \u00e1m egyik\u00fck sem k\u00edv\u00e1nta egy\u00e9rtelm\u0171en meger\u0151s\u00edteni, hogy val\u00f3ban indulnak-e a te\u00e1trum vezet\u00e9s\u00e9\u00e9rt.<\/p>\n<p>Irsai Farkas L\u00e1szl\u00f3 az Indexnek azt mondta, Sz\u00e9kely Csab\u00e1val k\u00f6z\u00f6sen abban \u00e1llapodtak meg, hogy az \u00daj Sz\u00ednh\u00e1z igazgat\u00f3i posztj\u00e1ra vonatkoz\u00f3 tal\u00e1lgat\u00e1sokat nem komment\u00e1lj\u00e1k.<\/p>\n<p>Sz\u00e9kely Csab\u00e1val k\u00f6z\u00f6s, hat\u00e1rozott \u00e1ll\u00e1spontunk, hogy az \u00daj Sz\u00ednh\u00e1z igazgat\u00f3i posztj\u00e1ra val\u00f3 esetleges indul\u00e1sr\u00f3l sz\u00f3l\u00f3 inform\u00e1ci\u00f3kat sem meger\u0151s\u00edteni, sem c\u00e1folni nem k\u00edv\u00e1njuk.<\/p>\n<p>Sz\u00e9kely Csaba megkeres\u00e9s\u00fcnkre enn\u00e9l valamivel konkr\u00e9tabban fogalmazott. Mint mondta, jelenleg nem p\u00e1ly\u00e1zik semmilyen vezet\u0151i tiszts\u00e9gre sem az \u00daj Sz\u00ednh\u00e1zban, sem m\u00e1s int\u00e9zm\u00e9nyben, ugyanakkor az esetleges k\u00f6z\u00f6s tervekr\u0151l \u0151 sem k\u00edv\u00e1nt r\u00e9szleteket el\u00e1rulni.\u00a0\u201eEbben a k\u00e9rd\u00e9sben Irsai Farkas L\u00e1szl\u00f3val teljesen azonos \u00e1ll\u00e1spontot k\u00e9pvisel\u00fcnk, a tal\u00e1lgat\u00e1sokat sem meger\u0151s\u00edteni, sem c\u00e1folni nem k\u00edv\u00e1njuk. Amennyiben a p\u00e1ly\u00e1zati folyamat lez\u00e1rul, \u00e9s \u00e9rdemi eredm\u00e9ny sz\u00fcletik, a szakmai k\u00f6zv\u00e9lem\u00e9ny \u00e9rtes\u00fclni fog a fejlem\u00e9nyekr\u0151l.\u201d<\/p>\n<p>Irsai Farkas L\u00e1szl\u00f3 ugyanakkor besz\u00e9lt arr\u00f3l, hogy egy esetleges sz\u00ednh\u00e1zvezet\u0151i koncepci\u00f3ban milyen szerepet sz\u00e1nna Sz\u00e9kely Csab\u00e1nak.<\/p>\n<p>Ha valaha \u00fagy ad\u00f3dna, hogy egy ilyen t\u00edpus\u00fa feladatban gondolkodn\u00e1nk, sz\u00e1momra nem is lenne k\u00e9rd\u00e9s, hogy Sz\u00e9kely Csab\u00e1t k\u00e9rn\u00e9m fel a sz\u00ednh\u00e1z irodalmi \u00e9s m\u0171v\u00e9szeti vezet\u0151j\u00e9nek<\/p>\n<p>\u2013 mondta Irsai, aki szerint a dr\u00e1ma\u00edr\u00f3 szakmai p\u00e1ly\u00e1ja \u00f6nmag\u00e1\u00e9rt besz\u00e9l. \u201eEgy olyan dr\u00e1ma\u00edr\u00f3r\u00f3l besz\u00e9l\u00fcnk, aki 45 \u00e9ves kor\u00e1ra 62 sz\u00ednpadi bemutat\u00f3t tudhat maga m\u00f6g\u00f6tt, a nev\u00e9hez f\u0171z\u0151dik az HBO Ter\u00e1pia c\u00edm\u0171 sorozat\u00e1nak harmadik teljes \u00e9vada, valamint a BBC-nek is \u00edrt r\u00e1di\u00f3j\u00e1t\u00e9kot. M\u0171v\u00e9szi \u00e9s teoretikus kompetenci\u00e1i vitathatatlanok.\u201d<\/p>\n<p>Mindez az\u00e9rt is \u00e9rdekes, mert mik\u00f6zben a k\u00e9t alkot\u00f3 nem besz\u00e9l ny\u00edltan egy k\u00f6z\u00f6s p\u00e1ly\u00e1zatr\u00f3l, Irsai Farkas egy lehets\u00e9ges vezet\u0151i fel\u00e1ll\u00e1sr\u00f3l m\u00e1r meglehet\u0151sen konkr\u00e9t elk\u00e9pzel\u00e9st v\u00e1zol fel.<\/p>\n<p>                        Vass Gy\u00f6rgy is dolgozik a koncepci\u00f3j\u00e1n<\/p>\n<p>Vass Gy\u00f6rgy sz\u00edn\u00e9sz, rendez\u0151 egyel\u0151re nem er\u0151s\u00edtette meg egy\u00e9rtelm\u0171en, hogy beny\u00fajtotta-e a p\u00e1ly\u00e1zat\u00e1t az \u00daj Sz\u00ednh\u00e1z \u00fcgyvezet\u0151 igazgat\u00f3i posztj\u00e1ra, azt azonban elmondta az Indexnek, hogy felvette a p\u00e1ly\u00e1zati anyagot, \u00e9s dolgozik a koncepci\u00f3j\u00e1n. Az elm\u00falt h\u00e1rom \u00e9vtized sz\u00ednh\u00e1zi tapasztalatait szeretn\u00e9 olyan p\u00e1lyam\u0171v\u00e9 form\u00e1lni, amely vil\u00e1gosan megmutatja, mit gondol a sz\u00ednh\u00e1zcsin\u00e1l\u00e1sr\u00f3l \u00e9s annak int\u00e9zm\u00e9nyi megval\u00f3s\u00edt\u00e1s\u00e1r\u00f3l.<\/p>\n<p>A ki\u00edr\u00e1s szakmai ir\u00e1nya k\u00fcl\u00f6n\u00f6sen k\u00f6zel \u00e1ll hozz\u00e1. \u201eNagyon izgat ez a fajta ki\u00edr\u00e1s, hogy a magyar klasszikus \u00e9s kort\u00e1rs dr\u00e1ma sz\u00e9khelye legyen az int\u00e9zm\u00e9ny, \u00e9s hogy mik\u00e9ppen lehet ezt a profilt min\u00e9l sz\u00e9lesebb k\u00f6rben megismertetni\u201d \u2013 fogalmazott.<\/p>\n<p>Vass m\u00e1r f\u0151iskol\u00e1sk\u00e9nt is az \u00daj Sz\u00ednh\u00e1zban t\u00f6lt\u00f6tte gyakorlati \u00e9veit, \u00e9s imm\u00e1r harminc \u00e9ve dolgozik a t\u00e1rsulatn\u00e1l sz\u00edn\u00e9szk\u00e9nt \u00e9s rendez\u0151k\u00e9nt. Jelenleg \u00d6rk\u00e9ny Istv\u00e1n Macskaj\u00e1t\u00e9k c\u00edm\u0171 tragikom\u00e9di\u00e1j\u00e1t rendezi.\u00a0Az int\u00e9zm\u00e9ny egyik legfontosabb er\u0151ss\u00e9g\u00e9nek a t\u00e1rsulatban rejl\u0151 szakmai potenci\u00e1lt tartja, emellett az int\u00e9zm\u00e9ny m\u0171v\u00e9szeti profilj\u00e1ban \u00e9s az \u00e9p\u00fclet adotts\u00e1gaiban is komoly lehet\u0151s\u00e9get l\u00e1t. Ut\u00f3bbi szerinte \u00f6nmag\u00e1ban is kiemelked\u0151 kult\u00fart\u00f6rt\u00e9neti \u00e9rt\u00e9ket k\u00e9pvisel.<\/p>\n<p>A m\u0171v\u00e9szeti arculat konkr\u00e9t \u00e1talak\u00edt\u00e1s\u00e1r\u00f3l egyel\u0151re nem k\u00edv\u00e1nt r\u00e9szleteket el\u00e1rulni, ezeket a p\u00e1ly\u00e1zatban fejti ki. A v\u00e1ltoztat\u00e1s sz\u00e1nd\u00e9ka ugyanakkor egy\u00e9rtelm\u0171. \u201eNyilv\u00e1nval\u00f3an sz\u00fcks\u00e9g\u00e9t \u00e9rzem nagyon sok \u00faj\u00edt\u00e1snak\u201d \u2013 mondta Vass Gy\u00f6rgy, hozz\u00e1t\u00e9ve, hogy az alkot\u00f3k, a sz\u00ednh\u00e1zi szakemberek \u00e9s az \u00edr\u00f3k k\u00f6r\u00e9t is mindenk\u00e9ppen sz\u00e9les\u00edten\u00e9.<\/p>\n<p id=\":5gr\">Gerl\u00f3czi Judit, a Delta Produkci\u00f3 \u00fcgyvezet\u0151 producere, aki inform\u00e1ci\u00f3ink szerint Horgas \u00c1d\u00e1m rendez\u0151vel k\u00f6z\u00f6sen p\u00e1ly\u00e1zik az \u00daj Sz\u00ednh\u00e1z vezet\u00e9s\u00e9re, k\u00e9r\u00e9s\u00fcnkre elmondta, hogy k\u00f6sz\u00f6ni a megkeres\u00e9st, de a t\u00f6bbi p\u00e1ly\u00e1z\u00f3val \u00e9s a saj\u00e1t csapat\u00e1val szemben is \u00fagy \u00e9rzi korrektnek, ha a megjel\u00f6lt k\u00e9rd\u00e9sben a p\u00e1ly\u00e1zat hivatalos lead\u00e1si hat\u00e1rideje ut\u00e1n nyilatkozik, \u00e9s akkor sz\u00edvesen eleget\u00a0is tesz ennek a k\u00e9r\u00e9snek.<\/p>\n<p>Horv\u00e1th J\u00e1nos Antal rendez\u0151, dr\u00e1ma\u00edr\u00f3 \u00e9s dramaturg, a Loupe Sz\u00ednh\u00e1zi T\u00e1rsul\u00e1s egyik alap\u00edt\u00f3j\u00e1nak \u00e9s m\u0171v\u00e9szeti vezet\u0151j\u00e9nek neve is kering az \u00daj Sz\u00ednh\u00e1z igazgat\u00f3i p\u00e1ly\u00e1zat\u00e1val kapcsolatban. Az Index megkeres\u00e9s\u00e9re azonban egy\u00e9rtelm\u0171en c\u00e1folta, hogy indulna a poszt\u00e9rt.<\/p>\n<p>                        Ifj. Vidny\u00e1nszky Attila is p\u00e1ly\u00e1zhat<\/p>\n<p>Az Index inform\u00e1ci\u00f3i szerint ifj. Vidny\u00e1nszky Attila neve is komolyan sz\u00f3ba ker\u00fclt sz\u00ednh\u00e1zi k\u00f6r\u00f6kben az \u00daj Sz\u00ednh\u00e1z igazgat\u00f3i p\u00e1ly\u00e1zat\u00e1val kapcsolatban. A szakm\u00e1ban vannak, akik az egyik leges\u00e9lyesebb jel\u00f6ltk\u00e9nt emlegetik, ugyanakkor lapunk m\u00e1s forr\u00e1sb\u00f3l \u00fagy \u00e9rtes\u00fclt, hogy egy\u00e1ltal\u00e1n nem biztos, hogy v\u00e9g\u00fcl beny\u00fajtja a p\u00e1ly\u00e1zat\u00e1t,\u00a0konkr\u00e9t d\u00f6nt\u00e9sr\u0151l egyel\u0151re nincs meger\u0151s\u00edtett inform\u00e1ci\u00f3. Lapunk\u00a0t\u00f6bbsz\u00f6r is kereste a V\u00edgsz\u00ednh\u00e1z m\u0171v\u00e9sz\u00e9t, hogy tiszt\u00e1zza, indul-e a poszt\u00e9rt, egyel\u0151re azonban nem kaptunk v\u00e1laszt.<\/p>\n<p>Az ifj. Vidny\u00e1nszky Attila esetleges indul\u00e1s\u00e1r\u00f3l sz\u00f3l\u00f3 szakmai \u00e9rtes\u00fcl\u00e9sekkel kapcsolatban Gregor Bernadett azt mondta, m\u00e1r sokf\u00e9le v\u00e1ltozatot hallott, de nem akar a t\u00f6bbi p\u00e1ly\u00e1z\u00f3val foglalkozni.<\/p>\n<p>\u00dagy \u00e9rzem magam, mint a versenyl\u00f3, akit kiengednek a bokszb\u00f3l szemellenz\u0151vel: nem n\u00e9zek oldalra, hogy ki j\u00f6n m\u00e9g mellettem.<\/p>\n<p>Kiss J\u00f3zsef \u201enagyszer\u0171, tehets\u00e9ges fiatalembernek\u201d nevezte ifj. Vidny\u00e1nszkyt, \u00e9s \u00fagy v\u00e9li, el\u0151bb-ut\u00f3bb saj\u00e1t sz\u00ednh\u00e1zat fog kapni.<\/p>\n<p>Cikk\u00fcnk megjelen\u00e9se ut\u00e1n siker\u00fclt el\u00e9rn\u00fcnk ifj. Vidny\u00e1nszky Attil\u00e1t, aki lapunknak egy\u00e9rtelm\u0171en jelezte, hogy nem p\u00e1ly\u00e1zik az \u00daj Sz\u00ednh\u00e1z igazgat\u00f3i posztj\u00e1ra<\/p>\n<p>                        Voltak, akik m\u00e1r a p\u00e1ly\u00e1z\u00e1st sem v\u00e1llalt\u00e1k<\/p>\n<p>Az Index inform\u00e1ci\u00f3i szerint t\u00f6bb ismert, komoly vezet\u0151i tapasztalattal rendelkez\u0151 sz\u00ednh\u00e1zi szakember v\u00e9g\u00fcl m\u00e1r a p\u00e1ly\u00e1z\u00e1s lehet\u0151s\u00e9g\u00e9t sem vitte tov\u00e1bb. Forr\u00e1saink szerint ennek egyik f\u0151 oka az \u00daj Sz\u00ednh\u00e1z jelenlegi szerkezete.\u00a0Voltak, akik \u00fagy l\u00e1tt\u00e1k, hogy<\/p>\n<p>az int\u00e9zm\u00e9ny annyira D\u00f6rner Gy\u00f6rgy korszak\u00e1ra, az \u00e1ltala kialak\u00edtott t\u00e1rsulatra \u00e9s m\u0171k\u00f6d\u00e9si modellre \u00e9p\u00fclt r\u00e1, hogy val\u00f3di m\u0171v\u00e9szeti ir\u00e1nyv\u00e1lt\u00e1st csak komoly szem\u00e9lyi \u00e1talak\u00edt\u00e1ssal lehetne v\u00e9grehajtani.<\/p>\n<p>Olyan lehets\u00e9ges p\u00e1ly\u00e1z\u00f3k is akadtak, akik nem akart\u00e1k \u00fagy \u00e1tvenni a sz\u00ednh\u00e1zat, hogy r\u00f6gt\u00f6n a t\u00e1rsulat jelent\u0151s r\u00e9sz\u00e9nek j\u00f6v\u0151j\u00e9r\u0151l kelljen d\u00f6nteni\u00fck.\u00a0A p\u00e1ly\u00e1zati ki\u00edr\u00e1s azonban lehet\u0151s\u00e9get ad az int\u00e9zm\u00e9ny m\u0171v\u00e9szeti ir\u00e1ny\u00e1nak \u00fajragondol\u00e1s\u00e1ra, mik\u00f6zben a jelenlegi profil figyelembev\u00e9tel\u00e9t is elv\u00e1rja.\u00a0\u00c9ppen ebb\u0151l fakad az a dilemma, amelyr\u0151l t\u00f6bb forr\u00e1sunk is besz\u00e9lt:\u00a0pap\u00edron jelent\u0151s m\u0171v\u00e9szeti szabads\u00e1got kap az \u00faj vezet\u0151, a gyakorlatban azonban egy m\u00e1r kialakult t\u00e1rsulati \u00e9s int\u00e9zm\u00e9nyi strukt\u00far\u00e1t \u00f6r\u00f6k\u00f6l.<\/p>\n<p>                        \u00daj elem a vezet\u0151i kompetenciam\u00e9r\u00e9s<\/p>\n<p>Az idei p\u00e1ly\u00e1zat egyik legfontosabb \u00fajdons\u00e1ga a k\u00f6telez\u0151 vezet\u0151i kompetenciam\u00e9r\u00e9s. Az Index \u00e1ltal megk\u00e9rdezett lehets\u00e9ges \u00e9s biztos p\u00e1ly\u00e1z\u00f3k t\u00f6bbs\u00e9ge alapvet\u0151en nyitottan fogadta az \u00faj rendszert, b\u00e1r abban m\u00e1r elt\u00e9rtek a v\u00e9lem\u00e9nyek, hogy milyen szerepet kellene bet\u00f6ltenie egy sz\u00ednh\u00e1zigazgat\u00f3 kiv\u00e1laszt\u00e1s\u00e1ban.\u00a0<\/p>\n<p>Gregor Bernadett a nemr\u00e9g bevezetett vezet\u0151i kompetenciavizsg\u00e1latnak kifejezetten \u00f6r\u00fcl. Ennek kapcs\u00e1n szem\u00e9lyes tapasztalat\u00e1r\u00f3l is besz\u00e9lt:<\/p>\n<p>Sz\u00edn\u00e9szn\u0151k\u00e9nt magam is megtapasztaltam a szorongat\u00f3 helyzeteket, ez\u00e9rt gondolom: ahhoz, hogy egy t\u00e1rsulat, egy sz\u00ednh\u00e1z m\u0171k\u00f6dj\u00f6n, durva szavakra vagy m\u00e1sok megal\u00e1z\u00e1s\u00e1ra nincs sz\u00fcks\u00e9g. Egy k\u00f6z\u00f6ss\u00e9g akkor tud j\u00f3l m\u0171k\u00f6dni, ha bizalomra \u00e9p\u00fcl.<\/p>\n<p>Sz\u00e9kely Csaba err\u0151l nem k\u00edv\u00e1nt v\u00e9lem\u00e9nyt mondani, arra hivatkozva, hogy jelenleg nem p\u00e1ly\u00e1zik vezet\u0151i tiszts\u00e9gre. Irsai Farkas ezzel szemben kifejezetten hasznosnak tartja a kompetenciam\u00e9r\u00e9st:<\/p>\n<p>A k\u00f6telez\u0151 kompetenciam\u00e9r\u00e9s alapvet\u0151en hasznos. Egy m\u0171v\u00e9szeti int\u00e9zm\u00e9ny \u00e9l\u00e9n \u00e1ll\u00f3 vezet\u0151nek tiszt\u00e1ban kell lennie saj\u00e1t szem\u00e9lyis\u00e9ge hat\u00e1raival, er\u0151ss\u00e9geivel \u00e9s hi\u00e1nyoss\u00e1gaival.<\/p>\n<p>Vass Gy\u00f6rgy az alapgondolatot t\u00e1mogatja, b\u00e1r a rendszer r\u00e9szleteit egyel\u0151re nem ismeri. Jelezte, hogy sz\u00fcks\u00e9g eset\u00e9n maga is v\u00e1llaln\u00e1 a vizsg\u00e1latot. \u201eA sz\u00e1nd\u00e9k egy ilyen t\u00edpus\u00fa sz\u0171r\u00e9sre \u00e9s vizsg\u00e1latra szerintem \u00f6nmag\u00e1ban v\u00e9ve nagyszer\u0171 gondolat\u201d \u2013 mondta Vass, aki azonban a v\u00e9gleges \u00e1ll\u00e1spont kialak\u00edt\u00e1s\u00e1hoz l\u00e1tni szeretn\u00e9, milyen m\u00f3dszerrel \u00e9s milyen szempontok alapj\u00e1n t\u00f6rt\u00e9nik majd a m\u00e9r\u00e9s.<\/p>\n<p>Vass a k\u00fcl\u00f6nb\u00f6z\u0151 p\u00e1ly\u00e1zatok k\u00f6z\u00f6tti szakmai \u00e1tj\u00e1r\u00e1st sem tartan\u00e1 kiz\u00e1rtnak: szerinte egy j\u00f3l haszn\u00e1lhat\u00f3 \u00f6tletet akkor is \u00e9rdemes lehet megval\u00f3s\u00edtani, ha nem annak szerz\u0151je kapja meg a vezet\u0151i megb\u00edz\u00e1st.\u00a0\u201eNem a pacsirta fontos, csak a dal, mely a nem m\u00fal\u00f3 szent \u00f6sszhangba hal\u201d \u2013 \u00f6sszegezte Vass Gy\u00f6rgy Juh\u00e1sz Gyula sorait id\u00e9zve.<\/p>\n<p>Kiss J\u00f3zsef k\u00edv\u00e1ncsian \u00e9s j\u00f3kedv\u0171en v\u00e1rja a kompetenciam\u00e9r\u00e9st, szerinte a magyar sz\u00ednh\u00e1zi \u00e9letben kor\u00e1bban nem volt p\u00e9lda hasonl\u00f3ra.\u00a0<\/p>\n<p>                        A miniszt\u00e9rium szerint a d\u00f6nt\u00e9s csak a folyamat v\u00e9g\u00e9n sz\u00fcletik meg<\/p>\n<p>Az Index k\u00e9rd\u00e9sekkel fordult a T\u00e1rsadalmi Kapcsolatok\u00e9rt \u00e9s Kult\u00far\u00e1\u00e9rt Felel\u0151s Miniszt\u00e9riumhoz az \u00daj Sz\u00ednh\u00e1z \u00fcgyvezet\u0151 igazgat\u00f3i p\u00e1ly\u00e1zat\u00e1val kapcsolatban.\u00a0Arra a k\u00e9rd\u00e9sre, h\u00e1ny p\u00e1ly\u00e1zat \u00e9rkezett a posztra, \u00e9s nyilv\u00e1noss\u00e1gra hozz\u00e1k-e a p\u00e1ly\u00e1z\u00f3k nev\u00e9t, a miniszt\u00e9rium ezt v\u00e1laszolta:<\/p>\n<p>A p\u00e1ly\u00e1zatok beny\u00fajt\u00e1s\u00e1ra rendelkez\u00e9sre \u00e1ll\u00f3 hat\u00e1rid\u0151 m\u00e9g nem j\u00e1rt le, ez\u00e9rt jelenleg nem tudunk pontos t\u00e1j\u00e9koztat\u00e1st adni a be\u00e9rkezett p\u00e1ly\u00e1zatokr\u00f3l.<\/p>\n<p>Azt is megk\u00e9rdezt\u00fck, \u00e9rkezett-e a miniszt\u00e9riumhoz olyan szakmai visszajelz\u00e9s, hogy a p\u00e1ly\u00e1zati ki\u00edr\u00e1s tartalmi vagy m\u0171v\u00e9szeti felt\u00e9telei egyes potenci\u00e1lis p\u00e1ly\u00e1z\u00f3kat visszatartottak az indul\u00e1st\u00f3l, illetve tudnak-e olyan szakemberekr\u0151l, akik emiatt v\u00e9g\u00fcl nem ny\u00fajtottak be p\u00e1ly\u00e1zatot.\u00a0A miniszt\u00e9rium erre azt \u00edrta:<\/p>\n<p>A miniszt\u00e9riumhoz nem \u00e9rkezett olyan szakmai visszajelz\u00e9s, amely szerint a p\u00e1ly\u00e1zati ki\u00edr\u00e1s tartalmi vagy m\u0171v\u00e9szeti felt\u00e9telei potenci\u00e1lis p\u00e1ly\u00e1z\u00f3kat visszatartottak volna az indul\u00e1st\u00f3l. Ilyen esetr\u0151l nincs tudom\u00e1sunk.<\/p>\n<p>Arra a k\u00e9rd\u00e9sre, mi indokolta, hogy a ki\u00edr\u00e1s ilyen r\u00e9szletesen r\u00f6gz\u00edtse az \u00daj Sz\u00ednh\u00e1z j\u00f6v\u0151beni szakmai profilj\u00e1t, \u00edgy k\u00fcl\u00f6n\u00f6sen a klasszikus \u00e9s kort\u00e1rs magyar dr\u00e1mairodalom bemutat\u00e1s\u00e1t, illetve az int\u00e9zm\u00e9ny jelenlegi profilj\u00e1nak figyelembev\u00e9tel\u00e9t, a miniszt\u00e9rium a k\u00f6vetkez\u0151 v\u00e1laszt adta:<\/p>\n<p>\u201eA Budapest F\u0151v\u00e1ros \u00d6nkorm\u00e1nyzata \u00e9s az \u00daj Sz\u00ednh\u00e1z Nonprofit Kft. k\u00f6z\u00f6tt, a F\u0151v\u00e1ros K\u00f6zgy\u0171l\u00e9s 788\/2025. (IX.24.) sz\u00e1m\u00fa hat\u00e1rozata alapj\u00e1n, 2025. okt\u00f3ber 21-\u00e9n megk\u00f6t\u00f6tt, 2029. december 31. napj\u00e1ig \u00e9rv\u00e9nyes K\u00f6zszolg\u00e1ltat\u00e1si Keretszerz\u0151d\u00e9s r\u00e9szletesen meghat\u00e1rozza az \u00daj Sz\u00ednh\u00e1z el\u0151ad\u00f3-m\u0171v\u00e9szeti szolg\u00e1ltat\u00e1sait.\u00a0A vezet\u0151i p\u00e1ly\u00e1zatot az itt r\u00f6gz\u00edtett felt\u00e9telek alapj\u00e1n volt sz\u00fcks\u00e9ges ki\u00edrni.\u201d<\/p>\n<p>A miniszt\u00e9rium hozz\u00e1tette, hogy \u201eA szerz\u0151d\u00e9s r\u00f6gz\u00edti azokat a k\u00f6vetelm\u00e9nyeket, amelyek ment\u00e9n a sz\u00ednh\u00e1z t\u00f6rekszik a tev\u00e9kenys\u00e9gi k\u00f6r\u00e9be tartoz\u00f3 el\u0151ad\u00f3-m\u0171v\u00e9szeti \u00e9s kapcsol\u00f3d\u00f3 egy\u00e9b szolg\u00e1ltat\u00e1sok folyamatos biztos\u00edt\u00e1s\u00e1ra \u2013 \u00edgy k\u00fcl\u00f6n\u00f6sen a klasszikus \u00e9s a kort\u00e1rs magyar dr\u00e1mairodalom bemutat\u00e1s\u00e1ra.\u201d\u00a0A t\u00e1rca ezzel egy\u00fctt azt is k\u00f6z\u00f6lte:<\/p>\n<p>Ez ugyanakkor nem jelenti azt, hogy az \u00faj igazgat\u00f3nak ne lenne lehet\u0151s\u00e9ge saj\u00e1t m\u0171v\u00e9szeti koncepci\u00f3ja megfogalmaz\u00e1s\u00e1ra. Minden p\u00e1ly\u00e1z\u00f3 szabadon kijel\u00f6lheti p\u00e1ly\u00e1zat\u00e1ban a saj\u00e1t szakmai \u00e9s m\u0171v\u00e9szeti ir\u00e1ny\u00e1t.<\/p>\n<p>A p\u00e1ly\u00e1zatokat v\u00e9lem\u00e9nyez\u0151 szakmai bizotts\u00e1g \u00f6sszet\u00e9tel\u00e9r\u0151l egyel\u0151re m\u00e9g nincs d\u00f6nt\u00e9s.\u00a0<\/p>\n<p>A p\u00e1ly\u00e1zatokat v\u00e9lem\u00e9nyez\u0151 szakmai bizotts\u00e1g \u00fcl\u00e9s\u00e9t a beny\u00fajt\u00e1si hat\u00e1rid\u0151t k\u00f6vet\u0151 harminc napon bel\u00fcl sz\u00fcks\u00e9ges megtartani, ez\u00e9rt annak tagjair\u00f3l m\u00e9g nem sz\u00fcletett d\u00f6nt\u00e9s.<\/p>\n<p>Lapunk v\u00e9g\u00fcl arra is r\u00e1k\u00e9rdezett, mit reag\u00e1l a miniszt\u00e9rium arra, hogy szakmai k\u00f6r\u00f6kben ifj. Vidny\u00e1nszky Attil\u00e1t m\u00e1r a p\u00e1ly\u00e1zati elj\u00e1r\u00e1s lez\u00e1rulta el\u0151tt az \u00daj Sz\u00ednh\u00e1z egyik, egyes \u00e9rtes\u00fcl\u00e9sek szerint el\u0151zetes befut\u00f3jak\u00e9nt emlegetik, illetve tudja-e egy\u00e9rtelm\u0171en c\u00e1folni, hogy az igazgat\u00f3 szem\u00e9ly\u00e9r\u0151l m\u00e1r megsz\u00fcletett a d\u00f6nt\u00e9s.\u00a0A miniszt\u00e9rium erre \u00fagy v\u00e1laszolt:<\/p>\n<p>A politikai alapon t\u00f6rt\u00e9n\u0151 kinevez\u00e9sek korszak\u00e1nak v\u00e9ge. A T\u00e1rsadalmi Kapcsolatok\u00e9rt \u00e9s Kult\u00far\u00e1\u00e9rt Felel\u0151s Miniszt\u00e9rium c\u00e9lja, hogy a kultur\u00e1lis int\u00e9zm\u00e9nyek vezet\u0151it ny\u00edlt, \u00e1tl\u00e1that\u00f3 \u00e9s szakmai szempontokon alapul\u00f3 p\u00e1ly\u00e1zati elj\u00e1r\u00e1sban v\u00e1lassza ki. Az igazgat\u00f3 megb\u00edz\u00e1s\u00e1r\u00f3l ennek a folyamatnak a v\u00e9g\u00e9n sz\u00fcletik d\u00f6nt\u00e9s<\/p>\n<p>\u2013 olvashat\u00f3 a miniszt\u00e9rium Indexnek megk\u00fcld\u00f6tt v\u00e1lasz\u00e1ban.<\/p>\n<p>\n                          (Bor\u00edt\u00f3k\u00e9p: Az \u00daj Sz\u00ednh\u00e1z \u00e9p\u00fclete 1998- november 4-\u00e9n. Fot\u00f3: Shutterstock)\u00a0\n                        <\/p>\n<p><a href=\"https:\/\/dex.hu\/x.php?id=googlepref_desktop&amp;url=https:\/\/google.com\/preferences\/source?q=https:\/\/index.hu\" class=\"google-pref-banner \" id=\"googlePrefBanner\" rel=\"nofollow noopener\" target=\"_blank\"><\/p>\n<p>    Itt \u00e1ll\u00edtsa be, hogy az Index az els\u0151k k\u00f6z\u00f6tt legyen a Google-tal\u00e1latokban!<\/p>\n<p><\/a><\/p>\n<p>    <img decoding=\"async\" src=\"https:\/\/index.hu\/assets\/images\/social-follow\/logo-big.svg\" alt=\"Index.hu logo\"\/><\/p>\n<p>K\u00f6vesse az Indexet Facebookon is!<\/p>\n<p>    <a href=\"https:\/\/facebook.com\/Indexhu\" target=\"_blank\" rel=\"nofollow noopener\"><\/p>\n<p>        K\u00f6vetem!<br \/>\n    <\/a><\/p>\n","protected":false},"excerpt":{"rendered":"Cikk\u00fcnk friss\u00fclt&#8230; Alaposan megmozgatta a magyar sz\u00ednh\u00e1zi \u00e9letet az \u00daj Sz\u00ednh\u00e1z igazgat\u00f3i p\u00e1ly\u00e1zata, a jelek szerint ugyanis szokatlanul&hellip;\n","protected":false},"author":2,"featured_media":234070,"comment_status":"","ping_status":"","sticky":false,"template":"","format":"standard","meta":{"footnotes":"","_share_on_mastodon":"0"},"categories":[16],"tags":[152,42540,137,38486,44,42,40,32836,61620,56770,150,61622,43,41,34397,138,61619,61621],"class_list":["post-234069","post","type-post","status-publish","format-standard","has-post-thumbnail","category-szorakozas","tag-ce-napi","tag-dorner-gyorgy","tag-entertainment","tag-gregor-bernadett","tag-hu","tag-hungarian","tag-hungary","tag-ifj-vidnyanszky-attila","tag-igazgatoi-palyazat","tag-kiss-jozsef","tag-kultur","tag-lorinczy-gyorgy","tag-magyar","tag-magyarorszag","tag-szekely-csaba","tag-szorakozas","tag-uj-szinhaz","tag-vass-gyorgy"],"share_on_mastodon":{"url":"https:\/\/pubeurope.com\/@hu\/117219168633059335","error":""},"_links":{"self":[{"href":"https:\/\/www.europesays.com\/hu\/wp-json\/wp\/v2\/posts\/234069","targetHints":{"allow":["GET"]}}],"collection":[{"href":"https:\/\/www.europesays.com\/hu\/wp-json\/wp\/v2\/posts"}],"about":[{"href":"https:\/\/www.europesays.com\/hu\/wp-json\/wp\/v2\/types\/post"}],"author":[{"embeddable":true,"href":"https:\/\/www.europesays.com\/hu\/wp-json\/wp\/v2\/users\/2"}],"replies":[{"embeddable":true,"href":"https:\/\/www.europesays.com\/hu\/wp-json\/wp\/v2\/comments?post=234069"}],"version-history":[{"count":0,"href":"https:\/\/www.europesays.com\/hu\/wp-json\/wp\/v2\/posts\/234069\/revisions"}],"wp:featuredmedia":[{"embeddable":true,"href":"https:\/\/www.europesays.com\/hu\/wp-json\/wp\/v2\/media\/234070"}],"wp:attachment":[{"href":"https:\/\/www.europesays.com\/hu\/wp-json\/wp\/v2\/media?parent=234069"}],"wp:term":[{"taxonomy":"category","embeddable":true,"href":"https:\/\/www.europesays.com\/hu\/wp-json\/wp\/v2\/categories?post=234069"},{"taxonomy":"post_tag","embeddable":true,"href":"https:\/\/www.europesays.com\/hu\/wp-json\/wp\/v2\/tags?post=234069"}],"curies":[{"name":"wp","href":"https:\/\/api.w.org\/{rel}","templated":true}]}}