{"id":234071,"date":"2026-09-05T15:35:08","date_gmt":"2026-09-05T15:35:08","guid":{"rendered":"https:\/\/www.europesays.com\/hu\/234071\/"},"modified":"2026-09-05T15:35:08","modified_gmt":"2026-09-05T15:35:08","slug":"luka-modric-nem-all-le-fontos-dontest-hozott","status":"publish","type":"post","link":"https:\/\/www.europesays.com\/hu\/234071\/","title":{"rendered":"Luka Modric nem \u00e1ll le, fontos d\u00f6nt\u00e9st hozott"},"content":{"rendered":"<p>A horv\u00e1tok sz\u00f6vets\u00e9gi kapit\u00e1nya, Slaven Bilic sajt\u00f3t\u00e1j\u00e9koztat\u00f3n k\u00f6z\u00f6lte, hogy a 40 \u00e9ves k\u00f6z\u00e9pp\u00e1ly\u00e1s v\u00e1llalta a Nemzetek Lig\u00e1ja m\u00e9rk\u0151z\u00e9seit.<\/p>\n<p>Term\u00e9szetesen rendk\u00edv\u00fcl \u00f6r\u00fcl\u00f6k Luka d\u00f6nt\u00e9s\u00e9nek, mert mindannyian tudjuk, mit k\u00e9pvisel, \u00e9s mit jelent Horv\u00e1torsz\u00e1gnak a p\u00e1ly\u00e1n \u00e9s azon k\u00edv\u00fcl is. K\u00fcl\u00f6n\u00f6sen \u00f6r\u00fcl\u00f6k, hogy 14 \u00e9v ut\u00e1n \u00fajra egy\u00fctt dolgozhatunk<\/p>\n<p>\u2013 id\u00e9zte a kapit\u00e1nyt az MTI cikke.<\/p>\n<p>A 2018-ban aranylabd\u00e1s ir\u00e1ny\u00edt\u00f3 k\u00f6z\u00e9pp\u00e1ly\u00e1s, aki szerd\u00e1n lesz 41 \u00e9ves, enn\u00e9l fogva j\u00e1tszhat idegenben Csehorsz\u00e1g (szeptember 26.) \u00e9s Spanyolorsz\u00e1g (szeptember 29.), valamint hazai p\u00e1ly\u00e1n Anglia (okt\u00f3ber 3.) \u00e9s Spanyolorsz\u00e1g (okt\u00f3ber 6.) ellen.<\/p>\n<p>Elny\u0171hetetlen legenda<\/p>\n<p>Modric klubszinten, a Real Madrid sz\u00edneiben elt\u00f6lt\u00f6tt 13 szezont k\u00f6vet\u0151en, 2025 nyara \u00f3ta az olasz AC Milan csapat\u00e1ban j\u00e1tszik. A horv\u00e1t v\u00e1logatottban eddig 202 m\u00e9rk\u0151z\u00e9sen l\u00e9pett p\u00e1ly\u00e1ra, 29 g\u00f3lt szerzett \u00e9s 32 g\u00f3lpasszt adott.<\/p>\n<p>A nemzeti egy\u00fcttessel ez\u00fcst\u00e9rmet nyert a 2018-as vil\u00e1gbajnoks\u00e1gon \u00e9s a 2023-as Nemzetek Lig\u00e1j\u00e1ban, a 2022-es v\u00e9b\u00e9n pedig bronz\u00e9remig jutott a v\u00e9b\u00e9n csapat\u00e1val. Az Egyes\u00fclt \u00c1llamokban, Kanad\u00e1ban \u00e9s Mexik\u00f3ban id\u00e9n ny\u00e1ron megrendezett vil\u00e1gbajnoks\u00e1gon n\u00e9gy m\u00e9rk\u0151z\u00e9sen l\u00e9pett p\u00e1ly\u00e1ra, \u00e9s egy g\u00f3lpasszt adott csapat\u00e1ban, amelyet a legjobb 32 k\u00f6z\u00f6tt Portug\u00e1lia \u00e1ll\u00edtott meg, 2-1-re nyerve az \u00f6sszecsap\u00e1st.<\/p>\n","protected":false},"excerpt":{"rendered":"A horv\u00e1tok sz\u00f6vets\u00e9gi kapit\u00e1nya, Slaven Bilic sajt\u00f3t\u00e1j\u00e9koztat\u00f3n k\u00f6z\u00f6lte, hogy a 40 \u00e9ves k\u00f6z\u00e9pp\u00e1ly\u00e1s v\u00e1llalta a Nemzetek Lig\u00e1ja m\u00e9rk\u0151z\u00e9seit.&hellip;\n","protected":false},"author":2,"featured_media":234072,"comment_status":"","ping_status":"","sticky":false,"template":"","format":"standard","meta":{"footnotes":"","_share_on_mastodon":"0"},"categories":[14],"tags":[378,8237,44,42,40,502,22273,43,41,10338,45,131],"class_list":["post-234071","post","type-post","status-publish","format-standard","has-post-thumbnail","category-sport","tag-foci","tag-horvat-valogatott","tag-hu","tag-hungarian","tag-hungary","tag-labdarugas","tag-luka-modric","tag-magyar","tag-magyarorszag","tag-nemzetek-ligaja","tag-sport","tag-sports"],"share_on_mastodon":{"url":"https:\/\/pubeurope.com\/@hu\/117219172178153332","error":""},"_links":{"self":[{"href":"https:\/\/www.europesays.com\/hu\/wp-json\/wp\/v2\/posts\/234071","targetHints":{"allow":["GET"]}}],"collection":[{"href":"https:\/\/www.europesays.com\/hu\/wp-json\/wp\/v2\/posts"}],"about":[{"href":"https:\/\/www.europesays.com\/hu\/wp-json\/wp\/v2\/types\/post"}],"author":[{"embeddable":true,"href":"https:\/\/www.europesays.com\/hu\/wp-json\/wp\/v2\/users\/2"}],"replies":[{"embeddable":true,"href":"https:\/\/www.europesays.com\/hu\/wp-json\/wp\/v2\/comments?post=234071"}],"version-history":[{"count":0,"href":"https:\/\/www.europesays.com\/hu\/wp-json\/wp\/v2\/posts\/234071\/revisions"}],"wp:featuredmedia":[{"embeddable":true,"href":"https:\/\/www.europesays.com\/hu\/wp-json\/wp\/v2\/media\/234072"}],"wp:attachment":[{"href":"https:\/\/www.europesays.com\/hu\/wp-json\/wp\/v2\/media?parent=234071"}],"wp:term":[{"taxonomy":"category","embeddable":true,"href":"https:\/\/www.europesays.com\/hu\/wp-json\/wp\/v2\/categories?post=234071"},{"taxonomy":"post_tag","embeddable":true,"href":"https:\/\/www.europesays.com\/hu\/wp-json\/wp\/v2\/tags?post=234071"}],"curies":[{"name":"wp","href":"https:\/\/api.w.org\/{rel}","templated":true}]}}