{"id":234073,"date":"2026-09-05T15:37:08","date_gmt":"2026-09-05T15:37:08","guid":{"rendered":"https:\/\/www.europesays.com\/hu\/234073\/"},"modified":"2026-09-05T15:37:08","modified_gmt":"2026-09-05T15:37:08","slug":"g7-tul-sok-penz-marad-a-kinaiaknal-gyerekekre-kellene-elkolteniuk","status":"publish","type":"post","link":"https:\/\/www.europesays.com\/hu\/234073\/","title":{"rendered":"G7: T\u00fal sok p\u00e9nz marad a k\u00ednaiakn\u00e1l, gyerekekre kellene elk\u00f6lteni\u00fck"},"content":{"rendered":"<p>A szerz\u0151 a Hold Alapkezel\u0151 r\u00e9szv\u00e9nyelemz\u0151je. Ez itt a Z\u00e9r\u00f3oszt\u00f3, a G7 elemz\u0151i szeglete, amelyben k\u00fcls\u0151 elemz\u0151k, szak\u00e9rt\u0151k cikkei olvashat\u00f3k. Az \u00edr\u00e1sok \u00e9s az azokban megfogalmazott v\u00e9lem\u00e9nyek a szerz\u0151k \u00e1ll\u00e1spontj\u00e1t t\u00fckr\u00f6zik.<\/p>\n<p>K\u00edna megtakar\u00edt\u00e1si r\u00e1t\u00e1ja hihetetlen\u00fcl magas, a <a href=\"https:\/\/data.worldbank.org\/indicator\/NY.GNS.ICTR.ZS?name_desc=false\" target=\"_blank\" rel=\"nofollow noopener\">GDP 42 sz\u00e1zal\u00e9ka<\/a>, 19 sz\u00e1zal\u00e9kponttal a vil\u00e1g t\u00f6bbi r\u00e9sz\u00e9nek \u00e1tlaga felett.<\/p>\n<p><img decoding=\"async\" src=\"https:\/\/www.europesays.com\/hu\/wp-content\/uploads\/2026\/09\/1788526141-temp-oe55r6g15bn5bkkadcc_cikktorzs:xl.png\"  loading=\"lazy\" alt=\"\" class=\"placeholder_\"\/><\/p>\n<p>A f\u00e9lretett p\u00e9nznek mennie kell valahov\u00e1, a megtakar\u00edt\u00e1sb\u00f3l vagy belf\u00f6ldi beruh\u00e1z\u00e1s lesz, vagy k\u00fclf\u00f6ldre ker\u00fcl. K\u00edn\u00e1ban pedig annyi halmoz\u00f3dott fel bel\u0151le, hogy sz\u00f3 szerint nem tudnak vele mit kezdeni.<\/p>\n<p>Honnan van ennyi f\u00e9lretett p\u00e9nz?<\/p>\n<p>A megtakar\u00edt\u00e1sok <a href=\"https:\/\/thedocs.worldbank.org\/en\/doc\/600cd53e2bb24d516b8c3489e5d2c187-0070012025\/original\/CEU-December-2025-EN.pdf\" target=\"_blank\" rel=\"nofollow noopener\">nagyj\u00e1b\u00f3l fele a h\u00e1ztart\u00e1sokn\u00e1l<\/a>, a marad\u00e9k a v\u00e1llalatokn\u00e1l \u00e9s az \u00e1llamn\u00e1l keletkezik. Ut\u00f3bbin\u00e1l j\u00f3 r\u00e9szben \u00fagy, hogy a rendszer eleve a h\u00e1ztart\u00e1sokt\u00f3l terelte el a j\u00f6vedelmet: alacsonyan tartott bet\u00e9ti kamatokkal, \u00e1f\u00e1ra \u00e9s t\u00e1rsadalombiztos\u00edt\u00e1si j\u00e1rul\u00e9kra \u00e9p\u00fcl\u0151, teh\u00e1t nem \u00fajraeloszt\u00f3 ad\u00f3rendszerrel, tov\u00e1bb\u00e1 a helyi \u00f6nkorm\u00e1nyzatok f\u00f6ldelad\u00e1saival, amit azt\u00e1n a lak\u00e1st v\u00e1s\u00e1rl\u00f3 h\u00e1ztart\u00e1sok fizetnek meg.<\/p>\n<p><img decoding=\"async\" src=\"https:\/\/www.europesays.com\/hu\/wp-content\/uploads\/2026\/09\/1788526222-temp-30689qppp1dpbnkgbhn_cikktorzs:xl.png\"  loading=\"lazy\" alt=\"\" class=\"placeholder_\"\/><\/p>\n<p>A h\u00e1ztart\u00e1si oldalon viszont r\u00e9szben nem k\u00f6zgazdas\u00e1gi, hanem szoci\u00e1lpszichol\u00f3giai okok magyar\u00e1zz\u00e1k a magas megtakar\u00edt\u00e1st. Az id\u0151sebb k\u00ednaiak szeg\u00e9nys\u00e9gben n\u0151ttek fel, \u00e9s egy <a href=\"https:\/\/www.cirje.e.u-tokyo.ac.jp\/research\/workshops\/macro\/macropaper16\/macro0526.pdf\" target=\"_blank\" rel=\"nofollow noopener\">kutat\u00e1s szerint<\/a> az 1959 \u00e9s 1961 k\u00f6z\u00f6tti nagy \u00e9h\u00edns\u00e9g \u00e1ltal s\u00falyosabban \u00e9rintett vid\u00e9keken a h\u00e1ztart\u00e1sok \u00e9vtizedekkel k\u00e9s\u0151bb is t\u00f6bbet tettek f\u00e9lre.<\/p>\n<p>A fiatalabb gener\u00e1ci\u00f3 fogyasztana t\u00f6bbet, de neh\u00e9z munkaer\u0151piacra \u00e9rkezett, \u00e9s ingatlanlufi-leereszt\u00e9s ide vagy oda, a lak\u00e1s\u00e1rak rugalmatlans\u00e1ga miatt m\u00e9g mindig hossz\u00fa \u00e9vekig kell gy\u0171jteni a v\u00e1s\u00e1rl\u00e1shoz. M\u00e1rpedig a saj\u00e1t lak\u00e1s a h\u00e1zasod\u00e1s el\u0151felt\u00e9tele, k\u00fcl\u00f6n\u00f6sen a f\u00e9rfiakn\u00e1l. A nemek ar\u00e1nya is felfel\u00e9 hajtja a megtakar\u00edt\u00e1st: ma egyharmaddal t\u00f6bb 25 \u00e9s 39 \u00e9v k\u00f6z\u00f6tti f\u00e9rfi van, mint 20 \u00e9s 34 \u00e9v k\u00f6z\u00f6tti n\u0151, \u00e9s a <a href=\"https:\/\/ideas.repec.org\/a\/ucp\/jpolec\/doi10.1086-660887.html\" target=\"_blank\" rel=\"nofollow noopener\">fi\u00fagyermekes sz\u00fcl\u0151k \u00e9rdemben t\u00f6bbet takar\u00edtanak meg, mint a l\u00e1nyosok.<\/a> Ehhez j\u00f6n a gyenge szoci\u00e1lis h\u00e1l\u00f3: a szoci\u00e1lis kiad\u00e1sok GDP-ar\u00e1nyosan alacsonyabbak, mint a t\u00f6bbi nagy gazdas\u00e1gban, ami el\u0151vigy\u00e1zatoss\u00e1gi megtakar\u00edt\u00e1sra k\u00e9nyszer\u00edt.<\/p>\n<p>A teljes t\u00e1rsadalmon bel\u00fcl nem egyenletesen oszlik el a megtakar\u00edt\u00e1s: a vezet\u0151 gazdas\u00e1gok k\u00f6z\u00fcl az USA ut\u00e1n K\u00edn\u00e1ban van a legnagyobb j\u00f6vedelmi egyenl\u0151tlens\u00e9g.<\/p>\n<p><img decoding=\"async\" src=\"https:\/\/www.europesays.com\/hu\/wp-content\/uploads\/2026\/09\/1788526347-temp-46qvm6tvnk5b2nkofeo_cikktorzs:xl.png\"  loading=\"lazy\" alt=\"\" class=\"placeholder_\"\/><\/p>\n<p>Vagyis akiknek van p\u00e9nz\u00fck, azoknak nem kell azt elk\u00f6lteni, akik pedig elk\u00f6lten\u00e9k, azoknak nem nagyon van mib\u0151l.<\/p>\n<p>A megtakar\u00edt\u00e1snak m\u00e1r nem nagyon van hely<\/p>\n<p>Egy orsz\u00e1g a j\u00f6vedelm\u00e9t vagy elfogyasztja, vagy f\u00e9lreteszi, ut\u00f3bbi v\u00e9g\u00e1llom\u00e1sa tank\u00f6nyv szerint n\u00e9gy kateg\u00f3ri\u00e1ban keresend\u0151. Egyr\u00e9szt belf\u00f6ld\u00f6n: lak\u00f3ingatlanra, \u00e1llami vagy ipari beruh\u00e1z\u00e1sra (amib\u0151l K\u00edna eset\u00e9ben tov\u00e1bbi kapacit\u00e1s, majd term\u00e9kexport lesz). M\u00e1sr\u00e9szt k\u00fclf\u00f6ld\u00f6n, \u00e9rt\u00e9kpap\u00edr vagy k\u00f6zvetlen befektet\u00e9s form\u00e1j\u00e1ban. K\u00edna viszont l\u00e9nyeg\u00e9ben mind a n\u00e9gy csatorn\u00e1t t\u00falfesz\u00edtette.<\/p>\n<p>K\u00fclf\u00f6ld: m\u00e1r \u00edgy is rengeteg k\u00ednai t\u0151ke \u00e9s term\u00e9k \u00e1ramlik k\u00fclf\u00f6ldre. A kereskedelmi t\u00f6bblet j\u00faniusban a GDP 5,8 sz\u00e1zal\u00e9ka volt, \u00e9s a foly\u00f3 fizet\u00e9si m\u00e9rleg t\u00f6bblete a K\u00edna n\u00e9lk\u00fcli vil\u00e1g GDP-j\u00e9hez m\u00e9rve rekordszinten \u00e1ll.Ingatlan: ez volt \u00e9vtizedeken \u00e1t a k\u00ednai megtakar\u00edt\u00e1s legnagyobb belf\u00f6ldi felvev\u0151je, \u00e9s \u00e9ppen ez az, ami a <a href=\"https:\/\/hold.hu\/holdblog\/kinai-ingatlanlufi-gazdasag-inflacio-zero-covid-politika\/\" target=\"_blank\" rel=\"nofollow noopener\">vil\u00e1g egyik legnagyobb ingatlanlufij\u00e1nak kipukkad\u00e1s\u00e1val<\/a> \u00f6nmag\u00e1ban is \u00f3ri\u00e1si probl\u00e9m\u00e1t okoz. T\u00f6bb t\u00edzmilli\u00f3 lak\u00e1s \u00e1ll \u00fcresen, \u00e9s a j\u00f6v\u0151beni \u00e1remelked\u00e9sre vonatkoz\u00f3 lakoss\u00e1gi v\u00e1rakoz\u00e1s a m\u00e9r\u00e9s kezdete \u00f3ta a legalacsonyabb.Ipari beruh\u00e1z\u00e1s: K\u00edna m\u00e1r \u00edgy is <a href=\"https:\/\/hold.hu\/holdblog\/kina-leuralja-az-ipart-es-a-nyersanyagpiacot-hold-minutes\/\" target=\"_blank\" rel=\"nofollow noopener\">elk\u00e9peszt\u0151 mennyis\u00e9g\u0171 term\u00e9kkel l\u00e1tja el a vil\u00e1got<\/a>, \u00e9s ezt a belf\u00f6ldi \u00e9s a nemzetk\u00f6zi piac is <a href=\"https:\/\/hold.hu\/holdblog\/a-kinai-siker-arnyoldalai\/\" target=\"_blank\" rel=\"nofollow noopener\">nehezen sz\u00edvja fel<\/a>. Az ipari kapacit\u00e1skihaszn\u00e1l\u00e1s 2026 m\u00e1sodik negyed\u00e9v\u00e9ben 73 sz\u00e1zal\u00e9kra, a Covid ut\u00e1ni m\u00e9lypontra esett. J\u00faniusban az ipari c\u00e9geknek kevesebb mint a fele tudott \u00e9ves alapon profitb\u0151v\u00fcl\u00e9st felmutatni, a vesztes\u00e9ges v\u00e1llalatok ar\u00e1nya pedig egy \u00e9vtized alatt k\u00f6zel 30 sz\u00e1zal\u00e9kra dupl\u00e1z\u00f3dott. Ide tov\u00e1bbi p\u00e9nzt tolni nem megold\u00e1s, hanem a probl\u00e9ma s\u00falyosb\u00edt\u00e1sa.\u00c1llami beruh\u00e1z\u00e1s: a hozz\u00e1adott egy egys\u00e9g GDP-hez sz\u00fcks\u00e9ges beruh\u00e1z\u00e1s mennyis\u00e9ge h\u00fasz \u00e9v alatt t\u00f6bb mint dupl\u00e1z\u00f3dott, vagyis a k\u00ednai \u00e1llam \u00e9vr\u0151l \u00e9vre <a href=\"https:\/\/hold.hu\/holdblog\/kina-lassulasa-enyhiti-a-nyugat-nagy-problemajat\/\" target=\"_blank\" rel=\"nofollow noopener\">t\u00f6bb p\u00e9nzt \u00e9get el ugyanannyi n\u00f6veked\u00e9s\u00e9rt<\/a>.T\u00f6bb gyerek nagyobb fogyaszt\u00e1st jelent<\/p>\n<p>Ha a megtakar\u00edt\u00e1st nem lehet elhelyezni, akkor eleve kevesebbet kell megtakar\u00edtani, helyette a fogyaszt\u00e1s felp\u00f6rget\u00e9s\u00e9n \u00e9rdemes dolgozni.<\/p>\n<p>A vagyonosabb t\u00e1rsadalmi r\u00e9tegekre jellemz\u0151bb, hogy a j\u00f6vedelm\u00fcket nem fogyasztj\u00e1k el, \u00edgy a megtakar\u00edt\u00e1s egyenl\u0151tlen\u00fcl oszlik el a lakoss\u00e1gon bel\u00fcl. \u00d6sszt\u00e1rsadalmi szempontb\u00f3l am\u00fagy is jobb lenne a j\u00f6vedelmek \u00e1tallok\u00e1l\u00e1sa a szeg\u00e9nyebb r\u00e9tegek fel\u00e9 \u00e9s az \u0151 fogyaszt\u00e1suk \u00f6szt\u00f6nz\u00e9se, mert ott minden extra j\u00fcan azonnal elfogy. Politikailag viszont ez meglep\u0151en neh\u00e9zkes megold\u00e1s a kommunista orsz\u00e1gban, ahol a vezet\u00e9s a szoci\u00e1lis transzferek k\u00e9rd\u00e9s\u00e9ben ink\u00e1bb jobboldali \u00e1ll\u00e1spontot k\u00e9pvisel: Hszi Csin-ping eln\u00f6k 2021 augusztus\u00e1ban hangs\u00falyozta, hogy K\u00edn\u00e1nak a j\u00f6v\u0151ben sem szabad t\u00fal magas szoci\u00e1lis c\u00e9lokat kit\u0171znie, \u00e9s el kell ker\u00fclnie a lustas\u00e1got sz\u00fcl\u0151 \u201ewelfarizmus\u201d (j\u00f3l\u00e9ti \u00e1llam) csapd\u00e1j\u00e1t.<\/p>\n<p>\u00c1mde K\u00edna ezzel egyid\u0151ben demogr\u00e1fiai csapd\u00e1ban van: n\u00e9pess\u00e9ge 2021-ben el\u00e9rte cs\u00facs\u00e1t, az\u00f3ta pedig folyamatosan \u00e9s meredeken cs\u00f6kken. A m\u00e1r meg\u00e9p\u00edtett vagy f\u00e9lk\u00e9sz lak\u00f3parkok \u00fcresen \u00e1llnak, \u00e9s a fiatalok gyermekv\u00e1llal\u00e1si kedve sem mutat afel\u00e9, hogy hamarosan \u00e9lettel t\u00f6ltik meg \u0151ket. M\u00e1rpedig a gyermekv\u00e1llal\u00e1s nem csak az ingatlanv\u00e1ls\u00e1gra adhatna megold\u00e1st: a f\u00f6l\u00f6sleges nemzeti megtakar\u00edt\u00e1st is lehetne cs\u00f6kkenteni, ha lenne mire (kire) elk\u00f6lteni a j\u00f6vedelmeket: a t\u00f6bb gyerek szinte automatikusan nagyobb fogyaszt\u00e1st jelent.<\/p>\n<p>Peking is bel\u00e1tta, hogy a demogr\u00e1fiai katasztr\u00f3fa elker\u00fcl\u00e9se \u00e9rdek\u00e9ben musz\u00e1j \u00f6szt\u00f6n\u00f6zni a gyerekv\u00e1llal\u00e1st. 2025 janu\u00e1rj\u00e1t\u00f3l minden h\u00e1rom \u00e9v alatti gyerek ut\u00e1n \u00e9vi 3600 j\u00fcan (k\u00f6r\u00fclbel\u00fcl 167 ezer forint) k\u00e9szp\u00e9nzt\u00e1mogat\u00e1s j\u00e1r, ami t\u00f6bb mint 20 milli\u00f3 csal\u00e1dot \u00e9rint. Az \u00f6sszeg minden elemz\u0151 szerint t\u00fal kicsi ahhoz, hogy r\u00f6vid t\u00e1von a sz\u00fclet\u00e9ssz\u00e1mot vagy a fogyaszt\u00e1st elmozd\u00edtsa, de fontos precedenst teremt. Ez K\u00edna els\u0151 orsz\u00e1gos, k\u00f6zvetlen, k\u00f6zpontb\u00f3l fizetett k\u00e9szp\u00e9nztranszfere a h\u00e1ztart\u00e1soknak, \u00e9s nem osztogat\u00e1snak, hanem \u201eaz emberekbe val\u00f3 befektet\u00e9snek\u201d nevezik. Ezzel egyszerre k\u00e9t probl\u00e9m\u00e1t c\u00e9loz. A k\u00e9szp\u00e9nz a fogyaszt\u00e1si gondra v\u00e1lasz, a gyerekv\u00e1llal\u00e1s \u00f6szt\u00f6nz\u00e9se pedig a k\u00ednai gazdas\u00e1g hossz\u00fa t\u00e1v\u00fa \u00e9rdeke, hiszen a fogy\u00f3 munkaer\u0151 \u00e9s a fogy\u00f3 lak\u00e1sv\u00e1s\u00e1rl\u00f3 egyar\u00e1nt a demogr\u00e1fi\u00e1b\u00f3l k\u00f6vetkezik.<\/p>\n","protected":false},"excerpt":{"rendered":"A szerz\u0151 a Hold Alapkezel\u0151 r\u00e9szv\u00e9nyelemz\u0151je. Ez itt a Z\u00e9r\u00f3oszt\u00f3, a G7 elemz\u0151i szeglete, amelyben k\u00fcls\u0151 elemz\u0151k, szak\u00e9rt\u0151k&hellip;\n","protected":false},"author":2,"featured_media":234074,"comment_status":"","ping_status":"","sticky":false,"template":"","format":"standard","meta":{"footnotes":"","_share_on_mastodon":"0"},"categories":[10],"tags":[110,2221,4164,44,42,40,104,43,41,669,327,111,2515],"class_list":["post-234073","post","type-post","status-publish","format-standard","has-post-thumbnail","category-vallalkozas","tag-business","tag-demografia","tag-fogyasztas","tag-hu","tag-hungarian","tag-hungary","tag-kina","tag-magyar","tag-magyarorszag","tag-megtakaritas","tag-penz","tag-vallalkozas","tag-zerooszto"],"share_on_mastodon":{"url":"https:\/\/pubeurope.com\/@hu\/117219180428152335","error":""},"_links":{"self":[{"href":"https:\/\/www.europesays.com\/hu\/wp-json\/wp\/v2\/posts\/234073","targetHints":{"allow":["GET"]}}],"collection":[{"href":"https:\/\/www.europesays.com\/hu\/wp-json\/wp\/v2\/posts"}],"about":[{"href":"https:\/\/www.europesays.com\/hu\/wp-json\/wp\/v2\/types\/post"}],"author":[{"embeddable":true,"href":"https:\/\/www.europesays.com\/hu\/wp-json\/wp\/v2\/users\/2"}],"replies":[{"embeddable":true,"href":"https:\/\/www.europesays.com\/hu\/wp-json\/wp\/v2\/comments?post=234073"}],"version-history":[{"count":0,"href":"https:\/\/www.europesays.com\/hu\/wp-json\/wp\/v2\/posts\/234073\/revisions"}],"wp:featuredmedia":[{"embeddable":true,"href":"https:\/\/www.europesays.com\/hu\/wp-json\/wp\/v2\/media\/234074"}],"wp:attachment":[{"href":"https:\/\/www.europesays.com\/hu\/wp-json\/wp\/v2\/media?parent=234073"}],"wp:term":[{"taxonomy":"category","embeddable":true,"href":"https:\/\/www.europesays.com\/hu\/wp-json\/wp\/v2\/categories?post=234073"},{"taxonomy":"post_tag","embeddable":true,"href":"https:\/\/www.europesays.com\/hu\/wp-json\/wp\/v2\/tags?post=234073"}],"curies":[{"name":"wp","href":"https:\/\/api.w.org\/{rel}","templated":true}]}}