{"id":234079,"date":"2026-09-05T15:41:08","date_gmt":"2026-09-05T15:41:08","guid":{"rendered":"https:\/\/www.europesays.com\/hu\/234079\/"},"modified":"2026-09-05T15:41:08","modified_gmt":"2026-09-05T15:41:08","slug":"index-belfold-magyar-peter-amiota-elzartuk-a-kozpenzcsapot-nem-frissult-a-mandiner","status":"publish","type":"post","link":"https:\/\/www.europesays.com\/hu\/234079\/","title":{"rendered":"Index &#8211; Belf\u00f6ld &#8211; Magyar P\u00e9ter: Ami\u00f3ta elz\u00e1rtuk a k\u00f6zp\u00e9nzcsapot, nem friss\u00fclt a Mandiner"},"content":{"rendered":"<p>K\u00e1rm\u00e1n Andr\u00e1s p\u00e9nz\u00fcgyminiszter utas\u00edt\u00e1s\u00e1ra <a href=\"https:\/\/index.hu\/belfold\/2026\/09\/04\/magyar-peter-karman-andras-mandiner-felmentes\/\" id=\"hyperlink_cd1474f5b98d8e134b3e5694c0a65aaf\" target=\"_blank\" title=\"Azonnali hat\u00e1llyal felmentett\u00e9k a Mandiner vez\u00e9rigazgat\u00f3j\u00e1t, le\u00e1ll\u00edtj\u00e1k a finansz\u00edroz\u00e1st\" rel=\"nofollow noopener\">p\u00e9nteken felmentett\u00e9k a Mandinert kiad\u00f3 c\u00e9g vez\u00e9rigazgat\u00f3j\u00e1t, aki egyben a lap f\u0151szerkeszt\u0151je is volt<\/a>. A d\u00f6nt\u00e9s r\u00e9szek\u00e9nt a lap finansz\u00edroz\u00e1s\u00e1t is azonnali hat\u00e1llyal megsz\u00fcntett\u00e9k.<\/p>\n<p>Magyar P\u00e9ter szombaton <a href=\"https:\/\/www.facebook.com\/peter.magyar.102\/posts\/pfbid06vkXiiKS8va3xJoiTaXubSmVcukkg3GPrewtWyaFupXKuDeefnBk67PNHgB7Vhpzl\" id=\"hyperlink_77c02ae3eefaba0b87e88634be040100\" rel=\"nofollow noopener\" target=\"_blank\">k\u00f6z\u00f6ss\u00e9gi oldal\u00e1n<\/a> eml\u00e9kezett meg a lapr\u00f3l:<\/p>\n<p>A Mandiner \u00e9veken kereszt\u00fcl hazudott, usz\u00edtott, fenyegetett, \u00e9s pr\u00f3b\u00e1lt lej\u00e1ratni j\u00f3raval\u00f3, becs\u00fcletes embereket az ad\u00f3fizet\u0151k p\u00e9nz\u00e9n. Tegnap elz\u00e1rtuk a k\u00f6zp\u00e9nzcsapot, az\u00f3ta nem friss\u00fclt az oldaluk. Ilyen ez a \u00bbpatri\u00f3ta\u00ab propaganda.<\/p>\n<p>A minisztereln\u00f6k mellett a korm\u00e1ny egy m\u00e1sik tagja, Kapit\u00e1ny Istv\u00e1n gazdas\u00e1gi \u00e9s energetikai miniszter is <a href=\"https:\/\/www.facebook.com\/kapitanyistvan.tisza\/posts\/pfbid03588G47V1tzQhH2xusy6kpRNyRCBidTAtHxVdS2FxBBVLiRc8547iuRWiunKVC63Gl\" id=\"hyperlink_77a007645b95d898370e59cba858f391\" rel=\"nofollow noopener\" target=\"_blank\">Facebookon osztotta meg v\u00e9lem\u00e9ny\u00e9t<\/a> a lapr\u00f3l: \u201eA Mandiner engem is sz\u00e1mtalanszor pr\u00f3b\u00e1lt meg lej\u00e1ratni \u00e9s hiteltelen\u00edteni. Most \u0151k megsz\u0171nnek. Mi pedig dolgozunk tov\u00e1bb egy m\u0171k\u00f6d\u0151 orsz\u00e1g\u00e9rt, \u00e9s egy er\u0151s, versenyk\u00e9pes magyar gazdas\u00e1g\u00e9rt.\u201d<\/p>\n<p>A lap h\u00e1rom egykori\u00a0munkat\u00e1rsa Konfront n\u00e9ven ind\u00edt saj\u00e1t lapot, amelynek egyel\u0151re csak Facebook-oldala van. <a href=\"https:\/\/www.facebook.com\/konfrontmedia\/posts\/pfbid0HKUsz14VyH1BqVGXHXSkVRW6B8NRhMyhNkBqFbvp81ucN7X7uEafQ6wNwuQ4CLoUl\" id=\"hyperlink_5ab6b7f1f4663fc659b64faac121797a\" rel=\"nofollow noopener\" target=\"_blank\">Els\u0151 bejegyz\u00e9s\u00fckben<\/a>\u00a0neki is mentek a minisztereln\u00f6k \u00e1ll\u00edt\u00e1sainak. Szerint\u00fck Magyar P\u00e9ter\u00a0\u201enem \u00edr igazat\u201d, amit k\u00e9s\u0151bb arra finom\u00edtottak, hogy \u201eminimum cs\u00fasztat\u201d.<\/p>\n<p>Kifog\u00e1solt\u00e1k, hogy a minisztereln\u00f6k azt \u00e1ll\u00edtotta, hogy elz\u00e1rt\u00e1k a k\u00f6zp\u00e9nzcsapot, mik\u00f6zben szerint\u00fck azt \u201eki sem nyitott\u00e1k\u201d.<\/p>\n<p>A Konfront inform\u00e1ci\u00f3i szerint az \u00faj vez\u00e9rigazgat\u00f3 adta utas\u00edt\u00e1sba p\u00e9nteken, hogy minden tartalomk\u00f6zl\u00e9st \u00e9s friss\u00edt\u00e9st azonnali hat\u00e1llyal fel kell f\u00fcggeszteni valamennyi ter\u00fcleten. Ez\u00e9rt nem jelenhet meg semmilyen tartalom a lap nev\u00e9ben vagy annak kommunik\u00e1ci\u00f3s fel\u00fcletein. \u201eEz\u00e9rt nem friss\u00fclt az oldal. A minisztereln\u00f6k teh\u00e1t minimum cs\u00fasztat\u201d \u2013 z\u00e1rt\u00e1k bejegyz\u00e9s\u00fcket.<\/p>\n<p>                        Az \u00e1llami hirdet\u00e9sek ellen\u00e9re is milli\u00e1rdos vesztes\u00e9get termelt a lap<\/p>\n<p>K\u00e1rm\u00e1n Andr\u00e1s p\u00e9nz\u00fcgyminiszter <a href=\"https:\/\/www.facebook.com\/karmanandras\/posts\/pfbid02dPswQrnWewuroS2LyUd3UADDtPvPhXfZWCaUUGWrX5cepnbuC8bqd4JTt1x2MgP3l\" id=\"hyperlink_b02867df1cf7a5e4a6d93eff7c9dfb00\" rel=\"nofollow noopener\" target=\"_blank\">p\u00e9nteki k\u00f6zlem\u00e9nye<\/a> szerint a Mandiner az MCC alap\u00edtv\u00e1ny\u00e1t\u00f3l 1,1 milli\u00e1rd forintos t\u00e1mogat\u00e1st kapott, ennek ellen\u00e9re 1,1 milli\u00e1rd forintos m\u00ednusszal z\u00e1rt\u00e1k azt az \u00e9vet.\u00a0Kit\u00e9rt arra, hogy az elm\u00falt hetekben elbocs\u00e1t\u00e1sok \u00e9s felmond\u00e1sok t\u00f6rt\u00e9ntek \u2013 60-b\u00f3l 12-en maradtak \u2013, a nyomtatott kiadv\u00e1nyt \u201ebesz\u00e1ntott\u00e1k\u201d, az olvas\u00f3t\u00e1bor pedig 160 ezerr\u0151l 60 ezerre olvadt.<\/p>\n<p>A Mandiner, amelynek kiad\u00f3ja a Mandiner Novum Nonprofit Zrt., 2025-ben ker\u00fclt a Mathias Corvinus Collegium (MCC) tulajdon\u00e1ba. A lap nyomtatott form\u00e1ban j\u00falius v\u00e9g\u00e9n sz\u0171nt meg. Miut\u00e1n a korm\u00e1ny a k\u00f6zfeladatot ell\u00e1t\u00f3 k\u00f6z\u00e9rdek\u0171 vagyonkezel\u0151 alap\u00edtv\u00e1nyok (kekv\u00e1k) <a href=\"https:\/\/index.hu\/gazdasag\/2026\/08\/31\/kozvagyon-kekva-alapitvany-megszunes\/\" id=\"hyperlink_6af7ad1689d5ec2393b94e6bac86834f\" target=\"_blank\" title=\"Megsz\u0171nik 16 alap\u00edtv\u00e1ny: 1284 milli\u00e1rd forintnyi k\u00f6zvagyon ker\u00fcl vissza az \u00e1llamhoz\" rel=\"nofollow noopener\">felsz\u00e1mol\u00e1s\u00e1r\u00f3l d\u00f6nt\u00f6tt<\/a>, augusztus 31-\u00e9vel az MCC-t m\u0171k\u00f6dtet\u0151 alap\u00edtv\u00e1ny feladatait is a magyar \u00e1llam vette \u00e1t.<\/p>\n<p>Az MCC al\u00e1 tartoz\u00f3 Mandiner j\u00fanius 24-\u00e9n v\u00e1lt meg <a href=\"https:\/\/dex.hu\/x.php?id=index_belfold_cikklink&amp;url=https%3A%2F%2Findex.hu%2Fbelfold%2F2026%2F06%2F24%2Fmandiner-felmondas-ujsagiras-kormany-magyar-peter-leepites-mcc%2F\" id=\"hyperlink_f1f37a8265645530635984596f3b44e0\" target=\"_blank\" title=\"Hatvan embernek mondtak fel a Mandinern\u00e9l\" rel=\"nofollow noopener\"><a href=\"https:\/\/dex.hu\/x.php?id=index_belfold_cikklink&amp;url=https%3A%2F%2Findex.hu%2Fbelfold%2F2026%2F06%2F24%2Fmandiner-felmondas-ujsagiras-kormany-magyar-peter-leepites-mcc%2F\" id=\"hyperlink_f1f37a8265645530635984596f3b44e0\" target=\"_blank\" title=\"Hatvan embernek mondtak fel a Mandinern\u00e9l\" rel=\"nofollow noopener\">munkav\u00e1llal\u00f3inak t\u00f6bb mint fel\u00e9t\u0151l<\/a>, mintegy hatvan embernek mondtak fel. J\u00faliusban k\u00e9nytelen volt st\u00fadi\u00f3j\u00e1t b\u00e9rbe adni, \u00f3r\u00e1nk\u00e9nt 55 \u00e9s 120 ezer forint k\u00f6z\u00f6tti \u00e1ron, mik\u00f6zben az egykor \u00e1llami sz\u00e1zmilli\u00f3kb\u00f3l m\u0171k\u00f6dtetett lap 8 h\u00f3nap alatt t\u00f6bb mint <a href=\"https:\/\/dex.hu\/x.php?id=index_belfold_cikklink&amp;url=https%3A%2F%2Findex.hu%2Fbelfold%2F2026%2F07%2F06%2Fmandiner-studio-berbeadas-anyagi-gondok%2F\" id=\"hyperlink_9140cc4c89a3ab9debf8a967394327bf\" target=\"_blank\" title=\"Kor\u00e1bban sz\u00e1zmilli\u00f3kat kapott az \u00e1llamt\u00f3l, most b\u00e9rbe adja eszk\u00f6zeit a Mandiner\" rel=\"nofollow noopener\">390 milli\u00f3 forint korm\u00e1nyzati hirdet\u00e9si bev\u00e9telt kapott<\/a>.<\/p>\n<p>\n                          (Bor\u00edt\u00f3k\u00e9p:\u00a0Szoll\u00e1r Zs\u00f3fi \/ Index)\n                        <\/p>\n<p><a href=\"https:\/\/dex.hu\/x.php?id=googlepref_desktop&amp;url=https:\/\/google.com\/preferences\/source?q=https:\/\/index.hu\" class=\"google-pref-banner \" id=\"googlePrefBanner\" rel=\"nofollow noopener\" target=\"_blank\"><\/p>\n<p>    Itt \u00e1ll\u00edtsa be, hogy az Index az els\u0151k k\u00f6z\u00f6tt legyen a Google-tal\u00e1latokban!<\/p>\n<p><\/a><\/p>\n<p>    <img decoding=\"async\" src=\"https:\/\/index.hu\/assets\/images\/social-follow\/logo-big.svg\" alt=\"Index.hu logo\"\/><\/p>\n<p>K\u00f6vesse az Indexet Facebookon is!<\/p>\n<p>    <a href=\"https:\/\/facebook.com\/Indexhu\" target=\"_blank\" rel=\"nofollow noopener\"><\/p>\n<p>        K\u00f6vetem!<br \/>\n    <\/a><\/p>\n","protected":false},"excerpt":{"rendered":"K\u00e1rm\u00e1n Andr\u00e1s p\u00e9nz\u00fcgyminiszter utas\u00edt\u00e1s\u00e1ra p\u00e9nteken felmentett\u00e9k a Mandinert kiad\u00f3 c\u00e9g vez\u00e9rigazgat\u00f3j\u00e1t, aki egyben a lap f\u0151szerkeszt\u0151je is volt.&hellip;\n","protected":false},"author":2,"featured_media":234080,"comment_status":"","ping_status":"","sticky":false,"template":"","format":"standard","meta":{"footnotes":"","_share_on_mastodon":"0"},"categories":[33],"tags":[80,38,35,37,44,42,40,1381,61623,43,944,41,1280,4968,2273,34,36,39],"class_list":["post-234079","post","type-post","status-publish","format-standard","has-post-thumbnail","category-hirek","tag-belfold","tag-focimek","tag-headlines","tag-hirek","tag-hu","tag-hungarian","tag-hungary","tag-kapitany-istvan","tag-konfront","tag-magyar","tag-magyar-peter","tag-magyarorszag","tag-mandiner","tag-mcc","tag-media","tag-news","tag-top-stories","tag-vezeto-hirek"],"share_on_mastodon":{"url":"https:\/\/pubeurope.com\/@hu\/117219196155537369","error":""},"_links":{"self":[{"href":"https:\/\/www.europesays.com\/hu\/wp-json\/wp\/v2\/posts\/234079","targetHints":{"allow":["GET"]}}],"collection":[{"href":"https:\/\/www.europesays.com\/hu\/wp-json\/wp\/v2\/posts"}],"about":[{"href":"https:\/\/www.europesays.com\/hu\/wp-json\/wp\/v2\/types\/post"}],"author":[{"embeddable":true,"href":"https:\/\/www.europesays.com\/hu\/wp-json\/wp\/v2\/users\/2"}],"replies":[{"embeddable":true,"href":"https:\/\/www.europesays.com\/hu\/wp-json\/wp\/v2\/comments?post=234079"}],"version-history":[{"count":0,"href":"https:\/\/www.europesays.com\/hu\/wp-json\/wp\/v2\/posts\/234079\/revisions"}],"wp:featuredmedia":[{"embeddable":true,"href":"https:\/\/www.europesays.com\/hu\/wp-json\/wp\/v2\/media\/234080"}],"wp:attachment":[{"href":"https:\/\/www.europesays.com\/hu\/wp-json\/wp\/v2\/media?parent=234079"}],"wp:term":[{"taxonomy":"category","embeddable":true,"href":"https:\/\/www.europesays.com\/hu\/wp-json\/wp\/v2\/categories?post=234079"},{"taxonomy":"post_tag","embeddable":true,"href":"https:\/\/www.europesays.com\/hu\/wp-json\/wp\/v2\/tags?post=234079"}],"curies":[{"name":"wp","href":"https:\/\/api.w.org\/{rel}","templated":true}]}}