{"id":234087,"date":"2026-09-05T15:50:08","date_gmt":"2026-09-05T15:50:08","guid":{"rendered":"https:\/\/www.europesays.com\/hu\/234087\/"},"modified":"2026-09-05T15:50:08","modified_gmt":"2026-09-05T15:50:08","slug":"dolby-atmos-mozihang-otthon-az-ultimea-skywave-f40-nel","status":"publish","type":"post","link":"https:\/\/www.europesays.com\/hu\/234087\/","title":{"rendered":"Dolby Atmos mozihang otthon az Ultimea Skywave F40-nel"},"content":{"rendered":"<p>Az Ultimea Skywave F40 azoknak val\u00f3, akik unj\u00e1k a t\u00e9v\u00e9 lapos hangj\u00e1t, \u00e9s egy l\u00e9p\u00e9sben akarnak teljes \u00e9rt\u00e9k\u0171, Atmos-k\u00e9pes h\u00e1zimozi-hangz\u00e1st \u2013 an\u00e9lk\u00fcl, hogy AV-er\u0151s\u00edt\u0151k specifik\u00e1ci\u00f3iban kellene elmer\u00fclni\u00fck. A szett most a BG01bcda\u00a0\u00a0kuponnal 58\u00a0800 FtAz \u00e1rak a webshopok \u00e1tv\u00e1lt\u00e1si r\u00e1t\u00e1i miatt elt\u00e9r\u0151ek lehetnek k\u00fcl\u00f6nb\u00f6z\u0151 p\u00e9nznemek eset\u00e9n (pl. ha Ft-ra \u00e1ll\u00edtj\u00e1tok a webshopot, az \u00e1rak rendszerint magasabbak, mint USD-re \u00e1ll\u00edtva). A cikkben felt\u00fcntetett \u00e1rak t\u00e1j\u00e9koztat\u00f3 jelleg\u0171ek, \u00e9s minden esetben a webshop fel\u00fclet\u00e9n USD-ben (vagy EUR-ban, ha nincs USD lehet\u0151s\u00e9g) kijelzett \u00e1r forintos\u00edtott megfelel\u0151i (a cikk \u00edr\u00e1sakor \u00e9rv\u00e9nyes bankk\u00f6zi \u00e1rfolyam szerint).-\u00e9rt rendelhet\u0151 a Banggoodt\u00f3l, r\u00e1ad\u00e1sul EU rakt\u00e1rb\u00f3l, ingyenes sz\u00e1ll\u00edt\u00e1ssal, \u00edgy v\u00e1mkezel\u00e9s n\u00e9lk\u00fcl, p\u00e1r nap alatt meg\u00e9rkezik. Ennyi p\u00e9nz\u00e9rt egy komplett 5.1.2-es rendszer m\u00e9lyl\u00e1d\u00e1val \u00e9s surround hangsz\u00f3r\u00f3kkal kifejezetten er\u0151s aj\u00e1nlat.<\/p>\n<p class=\"highlight\">Ha m\u00e1s kedvezm\u00e9nyes \u00e1r\u00fa term\u00e9ket is megn\u00e9zn\u00e9l a Banggood Anniversary keret\u00e9n bel\u00fcl, akkor \u00e9rdemes ell\u00e1togatnod az\u00a0<a href=\"https:\/\/www.banggood.com\/marketing-Banggood-20th-Anniversary-Sale\/tid-58058.html?zf=42133769&amp;utm_content=42133769_rendeljkin_hir_banggood-anniversary_2026-09-03\" rel=\"nofollow noopener\" target=\"_blank\">esem\u00e9ny f\u0151oldal\u00e1ra<\/a>!<\/p>\n","protected":false},"excerpt":{"rendered":"Az Ultimea Skywave F40 azoknak val\u00f3, akik unj\u00e1k a t\u00e9v\u00e9 lapos hangj\u00e1t, \u00e9s egy l\u00e9p\u00e9sben akarnak teljes \u00e9rt\u00e9k\u0171,&hellip;\n","protected":false},"author":2,"featured_media":234088,"comment_status":"","ping_status":"","sticky":false,"template":"","format":"standard","meta":{"footnotes":"","_share_on_mastodon":"0"},"categories":[12],"tags":[44,42,40,43,41,121,120,125,122,124,123],"class_list":["post-234087","post","type-post","status-publish","format-standard","has-post-thumbnail","category-tudomany-es-technologia","tag-hu","tag-hungarian","tag-hungary","tag-magyar","tag-magyarorszag","tag-science","tag-science-technology","tag-technologia","tag-technology","tag-tudomany","tag-tudomany-es-technologia"],"share_on_mastodon":{"url":"https:\/\/pubeurope.com\/@hu\/117219231159129291","error":""},"_links":{"self":[{"href":"https:\/\/www.europesays.com\/hu\/wp-json\/wp\/v2\/posts\/234087","targetHints":{"allow":["GET"]}}],"collection":[{"href":"https:\/\/www.europesays.com\/hu\/wp-json\/wp\/v2\/posts"}],"about":[{"href":"https:\/\/www.europesays.com\/hu\/wp-json\/wp\/v2\/types\/post"}],"author":[{"embeddable":true,"href":"https:\/\/www.europesays.com\/hu\/wp-json\/wp\/v2\/users\/2"}],"replies":[{"embeddable":true,"href":"https:\/\/www.europesays.com\/hu\/wp-json\/wp\/v2\/comments?post=234087"}],"version-history":[{"count":0,"href":"https:\/\/www.europesays.com\/hu\/wp-json\/wp\/v2\/posts\/234087\/revisions"}],"wp:featuredmedia":[{"embeddable":true,"href":"https:\/\/www.europesays.com\/hu\/wp-json\/wp\/v2\/media\/234088"}],"wp:attachment":[{"href":"https:\/\/www.europesays.com\/hu\/wp-json\/wp\/v2\/media?parent=234087"}],"wp:term":[{"taxonomy":"category","embeddable":true,"href":"https:\/\/www.europesays.com\/hu\/wp-json\/wp\/v2\/categories?post=234087"},{"taxonomy":"post_tag","embeddable":true,"href":"https:\/\/www.europesays.com\/hu\/wp-json\/wp\/v2\/tags?post=234087"}],"curies":[{"name":"wp","href":"https:\/\/api.w.org\/{rel}","templated":true}]}}