{"id":234097,"date":"2026-09-05T16:03:09","date_gmt":"2026-09-05T16:03:09","guid":{"rendered":"https:\/\/www.europesays.com\/hu\/234097\/"},"modified":"2026-09-05T16:03:09","modified_gmt":"2026-09-05T16:03:09","slug":"remelhetoleg-uldozobe-vesszuk-a-szerbeket-horvatokat-miert-igazolt-hirtelen-ennyi-magyar-focista-kulfoldre","status":"publish","type":"post","link":"https:\/\/www.europesays.com\/hu\/234097\/","title":{"rendered":"&#8222;Rem\u00e9lhet\u0151leg \u00fcld\u00f6z\u0151be vessz\u00fck a szerbeket, horv\u00e1tokat&#8221; \u2013 mi\u00e9rt igazolt hirtelen ennyi magyar focista k\u00fclf\u00f6ldre?"},"content":{"rendered":"<p>A magyar foci szar<\/p>\n<p>\u2013 hangzik el sz\u00e1mos kocsmai \u00e9s bar\u00e1ti besz\u00e9lget\u00e9sen.\u00a0Amellett, hogy a fenti meg\u00e1llap\u00edt\u00e1s teljesen szubjekt\u00edv, legt\u00f6bbsz\u00f6r olyan emberek v\u00e9lem\u00e9ny\u00e9t t\u00fckr\u00f6zi, akik nem k\u00f6vetik az NB I-et. A ny\u00e1ri \u00e1tigazol\u00e1si szezonban viszont sosem l\u00e1tott n\u00e9pv\u00e1ndorl\u00e1s kezd\u0151d\u00f6tt, csaknem 20 magyar focista igazolt az \u00e9lvonalb\u00f3l er\u0151sebb bajnoks\u00e1gba.<\/p>\n<p>\u201eA magyar futball gazdas\u00e1ga lehet\u0151v\u00e9 tette, hogy olyan l\u00e9gi\u00f3sokat alkalmazzanak a csapatok, akiknek a seg\u00edts\u00e9g\u00e9vel az NB I sz\u00ednvonala is emelkedett. Ez\u00e1ltal a j\u00e1t\u00e9kosmegfigyel\u0151k, sportigazgat\u00f3k sz\u00edvesebben j\u00f6ttek magyar bajnokikra, \u00e9s csemeg\u00e9ztek a j\u00e1t\u00e9kosok k\u00f6z\u00fcl\u201d \u2013 magyar\u00e1zta a 24.hu-nak a v\u00e1ltoz\u00e1s ok\u00e1t Paunoch P\u00e9ter, FIFA-licenszes j\u00e1t\u00e9kos\u00fcgyn\u00f6k, a Center Sport tulajdonosa.<\/p>\n<p>Az er\u0151s\u00f6d\u00e9s mellett ugyanakkor az eur\u00f3pai kup\u00e1kban nem t\u00f6rt\u00e9nt el\u0151rel\u00e9p\u00e9s. A Ferencv\u00e1ros volt az egyetlen az ut\u00f3bbi \u00e9vekben, amely rendszeresen bejutott valamelyik ki\u00edr\u00e1s alapszakasz\u00e1ba, s\u0151t a legut\u00f3bbi id\u00e9nyben az Eur\u00f3pa Liga nyolcadd\u00f6nt\u0151j\u00e9ig menetelt. A t\u00f6bbiek az alapszakaszig sem jutottak el, \u00edgy tov\u00e1bbra is v\u00e1rjuk azt az id\u00e9nyt, amelyben egyn\u00e9l t\u00f6bb magyar csapat szerepel az UEFA valamelyik sorozat\u00e1ban.<\/p>\n<p>M\u00e9gis az a tendencia, hogy \u00e9vr\u0151l \u00e9vre egyre t\u00f6bb futballist\u00e1nk igazol k\u00fclf\u00f6ldre, az idei ny\u00e1ron pedig kiugr\u00f3an sokan tettek \u00edgy.<\/p>\n<p>Minek k\u00f6sz\u00f6nhet\u0151 a hirtelen ugr\u00e1s?<\/p>\n","protected":false},"excerpt":{"rendered":"A magyar foci szar \u2013 hangzik el sz\u00e1mos kocsmai \u00e9s bar\u00e1ti besz\u00e9lget\u00e9sen.\u00a0Amellett, hogy a fenti meg\u00e1llap\u00edt\u00e1s teljesen szubjekt\u00edv,&hellip;\n","protected":false},"author":2,"featured_media":234098,"comment_status":"","ping_status":"","sticky":false,"template":"","format":"standard","meta":{"footnotes":"","_share_on_mastodon":"0"},"categories":[14],"tags":[1031,1069,378,44,42,40,502,43,41,1068,3369,45,131],"class_list":["post-234097","post","type-post","status-publish","format-standard","has-post-thumbnail","category-sport","tag-atigazolas","tag-atigazolasok","tag-foci","tag-hu","tag-hungarian","tag-hungary","tag-labdarugas","tag-magyar","tag-magyarorszag","tag-nb-i","tag-nb1","tag-sport","tag-sports"],"share_on_mastodon":{"url":"https:\/\/pubeurope.com\/@hu\/117219282649539202","error":""},"_links":{"self":[{"href":"https:\/\/www.europesays.com\/hu\/wp-json\/wp\/v2\/posts\/234097","targetHints":{"allow":["GET"]}}],"collection":[{"href":"https:\/\/www.europesays.com\/hu\/wp-json\/wp\/v2\/posts"}],"about":[{"href":"https:\/\/www.europesays.com\/hu\/wp-json\/wp\/v2\/types\/post"}],"author":[{"embeddable":true,"href":"https:\/\/www.europesays.com\/hu\/wp-json\/wp\/v2\/users\/2"}],"replies":[{"embeddable":true,"href":"https:\/\/www.europesays.com\/hu\/wp-json\/wp\/v2\/comments?post=234097"}],"version-history":[{"count":0,"href":"https:\/\/www.europesays.com\/hu\/wp-json\/wp\/v2\/posts\/234097\/revisions"}],"wp:featuredmedia":[{"embeddable":true,"href":"https:\/\/www.europesays.com\/hu\/wp-json\/wp\/v2\/media\/234098"}],"wp:attachment":[{"href":"https:\/\/www.europesays.com\/hu\/wp-json\/wp\/v2\/media?parent=234097"}],"wp:term":[{"taxonomy":"category","embeddable":true,"href":"https:\/\/www.europesays.com\/hu\/wp-json\/wp\/v2\/categories?post=234097"},{"taxonomy":"post_tag","embeddable":true,"href":"https:\/\/www.europesays.com\/hu\/wp-json\/wp\/v2\/tags?post=234097"}],"curies":[{"name":"wp","href":"https:\/\/api.w.org\/{rel}","templated":true}]}}