{"id":234101,"date":"2026-09-05T16:07:16","date_gmt":"2026-09-05T16:07:16","guid":{"rendered":"https:\/\/www.europesays.com\/hu\/234101\/"},"modified":"2026-09-05T16:07:16","modified_gmt":"2026-09-05T16:07:16","slug":"hvg360-a-telepesek-fekezhetetlensege-robbanassal-fenyeget-ciszjordaniaban","status":"publish","type":"post","link":"https:\/\/www.europesays.com\/hu\/234101\/","title":{"rendered":"hvg360: A telepesek f\u00e9kezhetetlens\u00e9ge robban\u00e1ssal fenyeget Ciszjord\u00e1ni\u00e1ban"},"content":{"rendered":"<p>T\u00f6bbtucatnyi \u00e1larcos zsid\u00f3 telepes k\u00f6vekkel t\u00e1madt szombaton egy palesztin h\u00e1zra a ciszjord\u00e1niai Kuszra falun\u00e1l, amely N\u00e1blusz v\u00e1ros\u00e1t\u00f3l d\u00e9lre fekszik. Besz\u00e1mol\u00f3k szerint a fel\u00faj\u00edt\u00e1s alatt \u00e1ll\u00f3 \u00e9p\u00fcletben h\u00e9t palesztin szem\u00e9ly rekedt, akik az izraeli biztons\u00e1gi er\u0151kt\u0151l k\u00e9rtek seg\u00edts\u00e9get. <\/p>\n<p>A hadsereg katon\u00e1i azonban a h\u00e1zat \u00e1rasztott\u00e1k el k\u00f6nnyg\u00e1zzal, <\/p>\n<p>t\u00f6bb palesztint pedig \u0151rizetbe vettek, majd elengedt\u00e9k \u0151ket. A Times of Israel port\u00e1l is \u00fagy tudja, hogy vas\u00e1rnap estig egyetlen telepest sem tart\u00f3ztattak le, \u00e9s keddi lapz\u00e1rt\u00e1nkig sem \u00e9rkezett h\u00edr arr\u00f3l, hogy k\u00f6z\u00fcl\u00fck b\u00e1rkit is el\u0151\u00e1ll\u00edtottak volna, holott t\u00f6bb elk\u00f6vet\u0151 kil\u00e9te is ismertt\u00e9 v\u00e1lt. Hasonl\u00f3 incidenst jelentettek a h\u00e9tv\u00e9g\u00e9n a n\u00e9h\u00e1ny kilom\u00e9terre l\u00e9v\u0151 Dzsalud faluban is.<\/p>\n<p> <a href=\"https:\/\/hvg.hu\/vilag\/20260726_izraeli-telepesek-felgyujtottak-egy-mecsetet-ciszjordaniaban\" target=\"_self\" rel=\"nofollow noopener\"> <\/p>\n<p>https:\/\/hvg.hu\/vilag\/20260726_izraeli-telepesek-felgyujtottak-egy-mecsetet-ciszjordaniaban<\/p>\n<p>Egyre gyakoribbak a hasonl\u00f3 telepes t\u00e1mad\u00e1sok, amelyek nagyj\u00e1b\u00f3l azonos m\u00f3don kezd\u0151dnek \u00e9s \u00e9rnek v\u00e9get. Az \u00fajdons\u00e1g most az, hogy Benjamin Netanjahu izraeli korm\u00e1nyf\u0151 el\u00edt\u00e9lte a k\u00e9t faluban t\u00f6rt\u00e9nt er\u0151szakos b\u0171ncselekm\u00e9nyt, \u00e9s \u201emaroknyi l\u00e1zad\u00f3t\u201d hib\u00e1ztatott. Egy\u00fattal azt is k\u00f6z\u00f6lte, hogy egy \u201eperemkisebbs\u00e9g\u201d eg\u00e9sz Izraelnek \u00e1rt. <\/p>\n","protected":false},"excerpt":{"rendered":"T\u00f6bbtucatnyi \u00e1larcos zsid\u00f3 telepes k\u00f6vekkel t\u00e1madt szombaton egy palesztin h\u00e1zra a ciszjord\u00e1niai Kuszra falun\u00e1l, amely N\u00e1blusz v\u00e1ros\u00e1t\u00f3l d\u00e9lre&hellip;\n","protected":false},"author":2,"featured_media":234102,"comment_status":"","ping_status":"","sticky":false,"template":"","format":"standard","meta":{"footnotes":"","_share_on_mastodon":"0"},"categories":[8],"tags":[1494,19896,813,42,335,43,34,19893,94,93,92,61630],"class_list":["post-234101","post","type-post","status-publish","format-standard","has-post-thumbnail","category-vilag","tag-benjamin-netanjahu","tag-ciszjordania","tag-haboru","tag-hungarian","tag-izrael","tag-magyar","tag-news","tag-palesztinok","tag-vilag","tag-world","tag-world-news","tag-zsido-telepesek"],"share_on_mastodon":{"url":"https:\/\/pubeurope.com\/@hu\/117219298172827498","error":""},"_links":{"self":[{"href":"https:\/\/www.europesays.com\/hu\/wp-json\/wp\/v2\/posts\/234101","targetHints":{"allow":["GET"]}}],"collection":[{"href":"https:\/\/www.europesays.com\/hu\/wp-json\/wp\/v2\/posts"}],"about":[{"href":"https:\/\/www.europesays.com\/hu\/wp-json\/wp\/v2\/types\/post"}],"author":[{"embeddable":true,"href":"https:\/\/www.europesays.com\/hu\/wp-json\/wp\/v2\/users\/2"}],"replies":[{"embeddable":true,"href":"https:\/\/www.europesays.com\/hu\/wp-json\/wp\/v2\/comments?post=234101"}],"version-history":[{"count":0,"href":"https:\/\/www.europesays.com\/hu\/wp-json\/wp\/v2\/posts\/234101\/revisions"}],"wp:featuredmedia":[{"embeddable":true,"href":"https:\/\/www.europesays.com\/hu\/wp-json\/wp\/v2\/media\/234102"}],"wp:attachment":[{"href":"https:\/\/www.europesays.com\/hu\/wp-json\/wp\/v2\/media?parent=234101"}],"wp:term":[{"taxonomy":"category","embeddable":true,"href":"https:\/\/www.europesays.com\/hu\/wp-json\/wp\/v2\/categories?post=234101"},{"taxonomy":"post_tag","embeddable":true,"href":"https:\/\/www.europesays.com\/hu\/wp-json\/wp\/v2\/tags?post=234101"}],"curies":[{"name":"wp","href":"https:\/\/api.w.org\/{rel}","templated":true}]}}