{"id":234106,"date":"2026-09-05T16:09:11","date_gmt":"2026-09-05T16:09:11","guid":{"rendered":"https:\/\/www.europesays.com\/hu\/234106\/"},"modified":"2026-09-05T16:09:11","modified_gmt":"2026-09-05T16:09:11","slug":"vilag-putyin-harom-napra-leallitotta-a-kijev-elleni-legicsapasokat","status":"publish","type":"post","link":"https:\/\/www.europesays.com\/hu\/234106\/","title":{"rendered":"Vil\u00e1g: Putyin h\u00e1rom napra le\u00e1ll\u00edtotta a Kijev elleni l\u00e9gicsap\u00e1sokat"},"content":{"rendered":"<p>Vlagyimir Putyin orosz eln\u00f6k szombaton elrendelte, hogy h\u00e1rom napig sz\u00fcneteltess\u00e9k a Kijev elleni l\u00e9gicsap\u00e1sokat egy amerikai deleg\u00e1ci\u00f3 Moszkv\u00e1ba \u00e9rkez\u00e9s\u00e9re tekintettel &#8211; jelentette be Dmitrij Peszkov, a Kreml sz\u00f3viv\u0151je az Interfax h\u00edr\u00fcgyn\u00f6ks\u00e9g k\u00f6zl\u00e9se szerint, melyet az MTI szeml\u00e9zett.<\/p>\n<p>Az int\u00e9zked\u00e9s szombat \u00e9jf\u00e9lt\u0151l l\u00e9p \u00e9letbe. Steve Witkoff, az Egyes\u00fclt \u00c1llamok b\u00e9kemisszi\u00f3k\u00e9rt felel\u0151s k\u00fcl\u00f6nleges eln\u00f6ki megb\u00edzottja \u00e9s Jared Kushner f\u0151t\u00e1rgyal\u00f3, az amerikai eln\u00f6k veje szombat d\u00e9lel\u0151tt landolt Oroszorsz\u00e1gban, ma folytatnak megbesz\u00e9l\u00e9st Putyinnal Moszkv\u00e1ban.<\/p>\n<p>Donald Trump amerikai eln\u00f6k a Feh\u00e9r H\u00e1zban \u00fajs\u00e1g\u00edr\u00f3knak p\u00e9nteken elmondta, hogy Witkoff \u00e9s Kushner el\u0151sz\u00f6r Moszkv\u00e1ba, majd Kijevbe utazik, hogy a feleknek bemutassanak egy tervet a h\u00e1bor\u00fa lez\u00e1r\u00e1s\u00e1ra.<\/p>\n<p>Az amerikai eln\u00f6ki k\u00fcl\u00f6nmegb\u00edzott \u00e9s a f\u0151t\u00e1rgyal\u00f3 legut\u00f3bb janu\u00e1rban j\u00e1rt Moszkv\u00e1ban, ahol a Kremlben tal\u00e1lkozott az orosz eln\u00f6kkel. Az amerikai k\u00fcld\u00f6ttek Kijevben eddig m\u00e9g nem j\u00e1rtak.<\/p>\n<p> <a href=\"https:\/\/hvg.hu\/vilag\/20260902_ukrajna-oroszorszag-haboru-volodimir-zelenszkij-drontamadas-figyelmeztetes\" target=\"_self\" rel=\"nofollow noopener\"> <\/p>\n<p>https:\/\/hvg.hu\/vilag\/20260902_ukrajna-oroszorszag-haboru-volodimir-zelenszkij-drontamadas-figyelmeztetes<\/p>\n<p>Putyin bejelent\u00e9se azut\u00e1n k\u00f6vetkezett, hogy Ukrajna a moszkvai t\u00e1rgyal\u00e1sok el\u0151tt sz\u00e9lesebb k\u00f6r\u0171 sz\u00fcnetet javasolt a harcokban szeptember 5-8. k\u00f6z\u00f6tt. Oroszorsz\u00e1g azonban erre szeptember 5-\u00e9n folytatta a t\u00e1mad\u00e1sokat Ukrajna ellen, p\u00e9ntek \u00e9jjel Kijev \u00e9s Boriszpil rep\u00fcl\u0151tereit l\u0151tte.<\/p>\n<p>A <a href=\"https:\/\/kyivindependent.com\/breaking-putin-orders-3-day-halt-to-strikes-on-kyiv-during-u-s-envoys-visit-kremlin-says\/\" target=\"_blank\" rel=\"nofollow noopener\">Kyiv Independent<\/a> szerint Volodimir Zelenszkij ukr\u00e1n eln\u00f6k azt nyilatkozta, hogy Ukrajna nem jelent vesz\u00e9lyt a moszkvai t\u00e1rgyal\u00e1sokra, de azt is hozz\u00e1tette, hogy Kijev a j\u00f6v\u0151 h\u00e9tt\u0151l kezd\u0151d\u0151en v\u00e1laszolni fog az orosz t\u00e1mad\u00e1sokra.<\/p>\n<p>Augusztus v\u00e9ge \u00f3ta Oroszorsz\u00e1g fokozta l\u00e9gicsap\u00e1sokat Kijev \u00e9s a k\u00f6rnyez\u0151 r\u00e9gi\u00f3 ellen. Sorozatban k\u00fcldt\u00e9k a dr\u00f3nokat az ukr\u00e1n f\u0151v\u00e1ros fel\u00e9, a t\u00e1mad\u00e1sok k\u00f6z\u00f6tt csak r\u00f6vid sz\u00fcnetekkel, \u00edgy szinte folyamatosak voltak a l\u00e9giriad\u00f3k. A v\u00e1rosban csak augusztus 27-\u00e9n 13 l\u00e9giriad\u00f3t regisztr\u00e1ltak, ami a legmagasabb napi sz\u00e1m a teljes k\u00f6r\u0171 inv\u00e1zi\u00f3 kezdete \u00f3ta.<\/p>\n<p>Nyit\u00f3k\u00e9p: AFP\/Vyacheslav Prokofyev<\/p>\n","protected":false},"excerpt":{"rendered":"Vlagyimir Putyin orosz eln\u00f6k szombaton elrendelte, hogy h\u00e1rom napig sz\u00fcneteltess\u00e9k a Kijev elleni l\u00e9gicsap\u00e1sokat egy amerikai deleg\u00e1ci\u00f3 Moszkv\u00e1ba&hellip;\n","protected":false},"author":2,"featured_media":234107,"comment_status":"","ping_status":"","sticky":false,"template":"","format":"standard","meta":{"footnotes":"","_share_on_mastodon":"0"},"categories":[33],"tags":[38,813,35,37,44,42,40,43,41,34,627,102,36,58,39,299,846],"class_list":["post-234106","post","type-post","status-publish","format-standard","has-post-thumbnail","category-hirek","tag-focimek","tag-haboru","tag-headlines","tag-hirek","tag-hu","tag-hungarian","tag-hungary","tag-magyar","tag-magyarorszag","tag-news","tag-orosz-ukran-haboru","tag-oroszorszag","tag-top-stories","tag-ukrajna","tag-vezeto-hirek","tag-vlagyimir-putyin","tag-volodimir-zelenszkij"],"share_on_mastodon":{"url":"https:\/\/pubeurope.com\/@hu\/117219306091042437","error":""},"_links":{"self":[{"href":"https:\/\/www.europesays.com\/hu\/wp-json\/wp\/v2\/posts\/234106","targetHints":{"allow":["GET"]}}],"collection":[{"href":"https:\/\/www.europesays.com\/hu\/wp-json\/wp\/v2\/posts"}],"about":[{"href":"https:\/\/www.europesays.com\/hu\/wp-json\/wp\/v2\/types\/post"}],"author":[{"embeddable":true,"href":"https:\/\/www.europesays.com\/hu\/wp-json\/wp\/v2\/users\/2"}],"replies":[{"embeddable":true,"href":"https:\/\/www.europesays.com\/hu\/wp-json\/wp\/v2\/comments?post=234106"}],"version-history":[{"count":0,"href":"https:\/\/www.europesays.com\/hu\/wp-json\/wp\/v2\/posts\/234106\/revisions"}],"wp:featuredmedia":[{"embeddable":true,"href":"https:\/\/www.europesays.com\/hu\/wp-json\/wp\/v2\/media\/234107"}],"wp:attachment":[{"href":"https:\/\/www.europesays.com\/hu\/wp-json\/wp\/v2\/media?parent=234106"}],"wp:term":[{"taxonomy":"category","embeddable":true,"href":"https:\/\/www.europesays.com\/hu\/wp-json\/wp\/v2\/categories?post=234106"},{"taxonomy":"post_tag","embeddable":true,"href":"https:\/\/www.europesays.com\/hu\/wp-json\/wp\/v2\/tags?post=234106"}],"curies":[{"name":"wp","href":"https:\/\/api.w.org\/{rel}","templated":true}]}}