{"id":234111,"date":"2026-09-05T16:17:15","date_gmt":"2026-09-05T16:17:15","guid":{"rendered":"https:\/\/www.europesays.com\/hu\/234111\/"},"modified":"2026-09-05T16:17:15","modified_gmt":"2026-09-05T16:17:15","slug":"index-futball-futball-1176","status":"publish","type":"post","link":"https:\/\/www.europesays.com\/hu\/234111\/","title":{"rendered":"Index &#8211; Futball &#8211; Futball"},"content":{"rendered":"<p>\u201eA lelk\u00e9nek nagyon fontos volt ez a k\u00e9t g\u00f3l\u201d \u2013 kezdte szerd\u00e1n az Indexnek a jelenleg a Ferencv\u00e1ros ut\u00e1np\u00f3tl\u00e1s\u00e1n\u00e1l dolgoz\u00f3 Lisztes Kriszti\u00e1n, amikor fi\u00e1r\u00f3l k\u00e9rdezt\u00fck. A 21 \u00e9ves t\u00e1mad\u00f3 k\u00f6z\u00e9pp\u00e1ly\u00e1s a m\u00falt h\u00e9ten el\u0151bb a Trabzonspor ellen tal\u00e1lt be az Eur\u00f3pa-lig\u00e1ban, azt\u00e1n a h\u00e9tv\u00e9g\u00e9n <a href=\"https:\/\/index.hu\/sport\/futball\/2026\/08\/30\/labdarugo-nb-i-2026-2027-puskas-akademia-ferencvaros\/\" id=\"hyperlink_1303cd516d66fb8e9d8d1d217beede4b\" target=\"_blank\" title=\"A VAR mentette meg a domin\u00e1nsan j\u00e1tsz\u00f3 FTC h\u00e1rom pontj\u00e1t a listavezet\u0151 Pusk\u00e1s Akad\u00e9mia ellen\" data-recommendation=\"jobb_hasab\" data-recommendation-preview=\"{&quot;og:title&quot;:&quot;A VAR mentette meg a domin\u00e1nsan j\u00e1tsz\u00f3 FTC h\u00e1rom pontj\u00e1t a listavezet\\u0151 Pusk\u00e1s Akad\u00e9mia ellen&quot;,&quot;og:description&quot;:&quot;M\u00e9g egy kihagyott b\u00fcntet\\u0151 is belef\u00e9rt a z\u00f6ld-feh\u00e9reknek Felcs\u00faton.&quot;,&quot;og:image&quot;:&quot;\\\/\\\/kep.cdn.indexvas.hu\\\/1\\\/0\\\/7133\\\/71337\\\/713375\\\/71337529_5260555_670e2b0ad5b729c8ecca8e587a1b1c9f_wm.jpg&quot;}\" data-recommendation-id=\"6270215\" rel=\"nofollow noopener\">a Pusk\u00e1s Akad\u00e9mia elleni NB I-es meccset<\/a> a kispadr\u00f3l be\u00e1llva nyerte meg a z\u00f6ld-feh\u00e9reknek, az\u00f3ta pedig a bajnoki c\u00edmv\u00e9d\u0151 Gy\u0151r kapuj\u00e1t is bevette, <a href=\"https:\/\/index.hu\/sport\/futball\/2026\/09\/03\/labdarugo-nb-i-2026-2027-a-3.-fordulobol-potolt-meccs-eto-fc-gyor-ferencvaros\/\" id=\"hyperlink_009b51d43591be1887df35824057b3b9\" target=\"_blank\" title=\"Cs\u00facsrangad\u00f3 helyett ki\u00fct\u00e9s: a Ferencv\u00e1ros Gy\u0151rben sz\u00f3rta meg a c\u00edmv\u00e9d\u0151 ETO-t\" data-recommendation=\"bekezdes_utan\" data-recommendation-preview=\"{&quot;og:title&quot;:&quot;Cs\u00facsrangad\u00f3 helyett ki\u00fct\u00e9s: a Ferencv\u00e1ros Gy\\u0151rben sz\u00f3rta meg a c\u00edmv\u00e9d\\u0151 ETO-t&quot;,&quot;og:description&quot;:&quot;A 19 \u00e9ves Bagi els\\u0151 g\u00f3lj\u00e1t szerezte meg, Lisztes sorozatban harmadik meccs\u00e9n volt eredm\u00e9nyes.&quot;,&quot;og:image&quot;:&quot;\\\/\\\/kep.cdn.indexvas.hu\\\/1\\\/0\\\/7139\\\/71392\\\/713921\\\/71392133_5264299_e0a944ebe83c2de6b5a3c1c1c1d43de0_wm.jpg&quot;}\" data-recommendation-id=\"6271733\" rel=\"nofollow noopener\">\u00edgy m\u00e1r sorozatban h\u00e1rom meccsen volt eredm\u00e9nyes.<\/a><\/p>\n<p>\u201eA hossz\u00fa s\u00e9r\u00fcl\u00e9shull\u00e1ma ut\u00e1n nagyon fontos volt neki, hogy v\u00e9gre kapjon j\u00e1t\u00e9kperceket. Egy ilyen hossz\u00fa kihagy\u00e1s ut\u00e1n tudom j\u00f3l, hogy az er\u0151det igaz\u00e1b\u00f3l csak a p\u00e1ly\u00e1n szerezheted vissza. Tudom, hogy Krisz mikre k\u00e9pes, \u00e9s most v\u00e9gre meg is tudja ezt mutatni. H\u00e1l\u2019 istennek azt l\u00e1tom, hogy kezd \u00e1tszakadni n\u00e1la az a bizonyos g\u00e1t.\u201d\u00a0<\/p>\n<p>Arr\u00f3l <a href=\"https:\/\/index.hu\/sport\/futball\/2026\/09\/01\/lisztes-krisztian-golok-visszateres-ferencvaros-ftc-borbely-balazs-robbie-keane\/\" id=\"hyperlink_fc96b9fbd2995fd54d543ddefcccf82a\" target=\"_blank\" title=\"Lisztes Kriszti\u00e1n el\u00e1rulta, mi a legnagyobb k\u00fcl\u00f6nbs\u00e9g Borb\u00e9ly Bal\u00e1zs \u00e9s Robbie Keane k\u00f6z\u00f6tt\" data-recommendation=\"jobb_hasab\" data-recommendation-preview=\"{&quot;og:title&quot;:&quot;Lisztes Kriszti\u00e1n el\u00e1rulta, mi a legnagyobb k\u00fcl\u00f6nbs\u00e9g Borb\u00e9ly Bal\u00e1zs \u00e9s Robbie Keane k\u00f6z\u00f6tt&quot;,&quot;og:description&quot;:&quot;830 nap ut\u00e1n r\u00fagott \u00fajra g\u00f3lt.&quot;,&quot;og:image&quot;:&quot;\\\/\\\/kep.cdn.indexvas.hu\\\/1\\\/0\\\/7134\\\/71349\\\/713494\\\/71349485_5261373_7737cdd5bc54ce0bf9db489a54bbf168_wm.jpg&quot;}\" data-recommendation-id=\"6270363\" rel=\"nofollow noopener\">m\u00e1r kor\u00e1bban \u00edrtunk<\/a>, hogy a 21 \u00e9ves futballist\u00e1nak l\u00e9nyeg\u00e9ben az el\u0151z\u0151 k\u00e9t id\u00e9ny teljesen kiesett m\u00e1s-m\u00e1s izoms\u00e9r\u00fcl\u00e9s miatt. Lisztes a 2025\u20132026-os \u00e9vadban t\u00e9rt vissza a Ferencv\u00e1roshoz k\u00f6lcs\u00f6nben az Eintracht Frankfurtt\u00f3l, de kevesebb mint sz\u00e1z j\u00e1t\u00e9kpercet \u00e9rt el a feln\u0151ttek k\u00f6z\u00f6tt az \u00e9lvonalban. Tavasszal az NB III-ban \u00e9p\u00edthette mag\u00e1t \u00fajra \u2013 Lisztes Kriszti\u00e1n kiemelte, fi\u00e1ra amiatt b\u00fcszke, hogy sosem mutogatott m\u00e1sra, m\u00e9g ebben az id\u0151szakban sem.<\/p>\n<p>                          A sok kritik\u00e1t\u00f3l csak er\u0151sebb lett Lisztes Kriszti\u00e1n<\/p>\n<p>\n                          \u00c9desapja ezen neh\u00e9z peri\u00f3dus alatt kiemelte a Frankfurt \u00e9s az FTC t\u00e1mogat\u00e1s\u00e1t is.\u00a0\n                        <\/p>\n<p>\u201eAmi nagyon pozit\u00edv volt mind a frankfurti, mind a Fradi oldal\u00e1r\u00f3l is, hogy ebben a neh\u00e9z id\u0151szakban is nagyon sok t\u00e1mogat\u00e1st kapott. A Ferencv\u00e1rosn\u00e1l is vannak olyan vezet\u0151k, akik saj\u00e1t b\u0151r\u00fck\u00f6n \u00e1t\u00e9lt\u00e9k, \u00e9s tudj\u00e1k, milyen s\u00e9r\u00fcltnek lenni, milyen ment\u00e1lis \u00e1llapotba tudsz ilyenkor ker\u00fclni, \u00e9s mennyire neh\u00e9z ezt az id\u0151szakot \u00e1tv\u00e9szelni, kij\u00f6nni bel\u0151le. Frankfurtban azt mondt\u00e1k, sajnos ez nem egyedi eset, rengeteg olyan fiatal vagy ak\u00e1r id\u0151sebb j\u00e1t\u00e9kos van, akit leigazolsz, \u00e9s egyszer\u0171en a s\u00e9r\u00fcl\u00e9sek miatt nem j\u00f6n \u00f6ssze az, amit vizion\u00e1lt\u00e1l.<\/p>\n<p>Pedig szerintem k\u00fclf\u00f6ld\u00f6n is meg\u00e1llta volna a hely\u00e9t. B\u00edzom benne, hogy most m\u00e1r elker\u00fcli az \u00fajabb s\u00e9r\u00fcl\u00e9s. Min\u00e9l t\u00f6bbet tud edzeni, a csapattal lenni \u00e9s m\u00e9rk\u0151z\u00e9seket j\u00e1tszani, ann\u00e1l jobb \u00e1llapotba ker\u00fcl<\/p>\n<p>\u2013 folytatta a kor\u00e1bban 49-szeres magyar v\u00e1logatott k\u00f6z\u00e9pp\u00e1ly\u00e1s. A \u201ekis Lisztes\u201d egy\u00e9bk\u00e9nt a h\u00e9tv\u00e9gi gy\u0151ztes g\u00f3lja ut\u00e1n azt mondta Felcs\u00faton, \u201emost \u00e9rzem magam olyan \u00e1llapotban, hogy m\u00e1r annyira nem f\u00e9ltem a l\u00e1bamat, ez nagyon k\u00f6zrej\u00e1tszik benne, hogy jobban is megy a j\u00e1t\u00e9k\u201d \u2013 mindez pedig a j\u00f6v\u0151re n\u00e9zve biztat\u00f3 lehet.\u00a0<\/p>\n<p>De vissza a neuralgikus frankfurti id\u00e9nyre. Lisztes Kriszti\u00e1n\u00e9rt mintegy\u00a0<a href=\"https:\/\/www.transfermarkt.com\/krisztian-lisztes\/profil\/spieler\/933217\" id=\"hyperlink_edd187e865f73be79ca5342b6fabc8d2\" rel=\"nofollow noopener\" target=\"_blank\">hatmilli\u00f3 eur\u00f3t fizetett a Bundesliga-klub<\/a>, ahova v\u00e9g\u00fcl 2024 nyar\u00e1n csatlakozott. A feln\u0151ttekn\u00e9l azonban nem tudott bemutatkozni, n\u00e9ha-n\u00e9ha a m\u00e1sodik csapatban, a negyedoszt\u00e1lyban kapott lehet\u0151s\u00e9get, amikor eg\u00e9szs\u00e9ges volt.<\/p>\n<p>Nyomtalanul nem m\u00falik el egy ilyen id\u0151szak, mindenkit megvisel, ha valamit igaz\u00e1n szeret csin\u00e1lni, \u00e9s ezt a s\u00e9r\u00fcl\u00e9sek miatt nem teheti meg. Krisz nagyon maximalista: \u00f3ri\u00e1si nyom\u00e1st tesz mag\u00e1ra, hogy megfeleljen \u00e9s teljes\u00edtsen. Szeretett volna az \u00faj klubban is bizony\u00edtani, mik\u00f6zben a meg\u00edt\u00e9l\u00e9se, ak\u00e1r a m\u00e9di\u00e1ban, ak\u00e1r a kisug\u00e1rz\u00e1sa miatt, rendk\u00edv\u00fcl megoszt\u00f3v\u00e1 v\u00e1lt<\/p>\n<p>\u2013 mes\u00e9lt \u00e9desapja err\u0151l az id\u0151szakokr\u00f3l.<\/p>\n<p>\u201eA futballban a legrosszabb, ha \u00fagy kapod folyton a kritik\u00e1kat, mik\u00f6zben s\u00e9r\u00fclt vagy. Egy labdar\u00fag\u00f3 a p\u00e1ly\u00e1n a teljes\u00edtm\u00e9ny\u00e9vel tud \u00fczenni a k\u00e9tked\u0151knek, ezt Krisz ekkor nem tehette meg. De szerintem Krisz sz\u00e9pen \u00e1llta a sarat, ment\u00e1lisan sokat er\u0151s\u00f6d\u00f6tt.\u201d\u00a0<\/p>\n<p>Lisztes szerint fia visszat\u00e9r\u00e9s\u00e9ben Hajnal Tam\u00e1s sportigazgat\u00f3nak \u00e9s Borb\u00e9ly Bal\u00e1zs edz\u0151nek is nagy szerepe volt. Emellett szerinte Borb\u00e9llyal egy olyan csapat \u00e1llt \u00f6ssze, amilyenre az elm\u00falt \u00e9vekben nem volt p\u00e9lda. \u201eA mostani egy\u00fcttes karaktere sokkal eg\u00e9szs\u00e9gesebb \u00e9s profibb egy fiatalabb j\u00e1t\u00e9kos sz\u00e1m\u00e1ra.\u201d\u00a0<\/p>\n<p>A Ferencv\u00e1ros kor\u00e1bbi j\u00e1t\u00e9kos\u00e1t ezut\u00e1n arr\u00f3l faggattuk, hogy a mostani id\u00e9nyt\u0151l mit v\u00e1r, \u00e9s hogy mivel lenn\u00e9nek el\u00e9gedett fi\u00e1val.<\/p>\n<p>\u201e\u00dagy gondolom, ha Krisz v\u00e9gig eg\u00e9szs\u00e9ges tud maradni, akkor kiharcolja mag\u00e1nak azokat a j\u00e1t\u00e9kperceket, amik megilletik. A Fradi egy\u00e9bk\u00e9nt mindig is err\u0151l sz\u00f3l: persze van fiatalszab\u00e1ly \u00e9s magyarszab\u00e1ly, de ahhoz, hogy p\u00e1ly\u00e1ra l\u00e9pj, kem\u00e9nyen meg kell dolgozni. Neki nem kellenek aj\u00e1nd\u00e9kpercek, meg fog k\u00fczdeni a hely\u00e9\u00e9rt. Pontosan tudom, mire k\u00e9pes, \u00e9s akkor a j\u00e1t\u00e9kpercek is meglesznek \u2013 mindaz, amire neki van sz\u00fcks\u00e9ge, mindaz, ami a csapatnak kell. Ez egy k\u00e9toldal\u00fa dolog: Krisznek rendk\u00edv\u00fcl fontos a csapat, \u00e9s b\u00edzom benne, hogy a csapatnak is ugyanolyan fontos lesz, hogy \u0151 a p\u00e1ly\u00e1n legyen\u201d \u2013 mondta az 50 \u00e9ves kor\u00e1bbi labdar\u00fag\u00f3, azt pedig m\u00e1r csak mi tessz\u00fck hozz\u00e1, hogy fia a 2023\u20132024-es \u00e9vadban volt id\u00e1ig a legeredm\u00e9nyesebb, akkor minden sorozatot figyelembe v\u00e9ve t\u00edz g\u00f3llal z\u00e1rt. Ezt viszont kevesebb mint 1500 j\u00e1t\u00e9kperc alatt \u00e9rte el. Ha a s\u00e9r\u00fcl\u00e9sek nem h\u00e1tr\u00e1ltatj\u00e1k, ennek a t\u00falsz\u00e1rnyal\u00e1sa re\u00e1lis forgat\u00f3k\u00f6nyv lehet.\u00a0<\/p>\n<p>Lisztes Kriszti\u00e1n a mostani id\u00e9nyt is k\u00f6lcs\u00f6nben t\u00f6lti a z\u00f6ld-feh\u00e9rekn\u00e9l, 2029-ig k\u00f6ti szerz\u0151d\u00e9se a Frankfurthoz. \u00c9desapja szerint most a legfontosabb, hogy itt, Budapesten fejl\u0151dj\u00f6n, bontakozzon ki, \u00edgy arr\u00f3l majd csak k\u00e9s\u0151bb \u00e9rdemes besz\u00e9lni, hogy N\u00e9metorsz\u00e1gban hogyan sz\u00e1molnak vele.\u00a0<\/p>\n<p>                        A Lisztes csal\u00e1dnak m\u00e9g k\u00fcl\u00f6nlegesebb lehet a h\u00e9tv\u00e9gi derbi az \u00dajpest ellen<\/p>\n<p>Besz\u00e9lget\u00e9s\u00fcnk sor\u00e1n a vas\u00e1rnap 17.45-kor kezd\u0151d\u0151 <a href=\"https:\/\/index.hu\/sport\/futball\/2026\/05\/03\/ujpest-ferencvaros-labdarugo-nb-i-247.-bajnoki-derbi-megyeri-ut-telt-haz-helyszini-beszamolo\/\" id=\"hyperlink_9ecfbcc2da76553bd01565e2d386f92c\" target=\"_blank\" title=\"Az FTC el\u0151bb a korm\u00e1nyhivatalban, azt\u00e1n a Megyeri \u00faton is nagyot h\u00fazott\" rel=\"nofollow noopener\">Ferencv\u00e1ros\u2013\u00dajpest-derbire<\/a> is kit\u00e9rt\u00fcnk. A \u201elil\u00e1k\u201d k\u00f6zel tizenegy \u00e9ve nyeretlenek a nagy riv\u00e1lis ellen, ez m\u00e1r 33 m\u00e9rk\u0151z\u00e9s \u00f3ta tart\u00f3 sorozat. Felvet\u0151dik a k\u00e9rd\u00e9s, derbinek lehet-e ezt a p\u00e1ros\u00edt\u00e1st nevezni. Lisztes szerint igen, ez tov\u00e1bbra is egy kiemelten fontos m\u00e9rk\u0151z\u00e9s.<\/p>\n<p>A kor\u00e1bbi k\u00f6z\u00e9pp\u00e1ly\u00e1s ezut\u00e1n egyszerre sz\u00fart oda az \u00dajpestnek, illetve \u00f3va intette a t\u00falzottan optimista FTC-drukkereket.\u00a0<\/p>\n<p>Semmit nem jelent, hogy ennyi ideje nem nyertek ellen\u00fcnk. A Fradi \u00e9rdeme, hogy t\u00edz \u00e9v alatt v\u00e9gig fenntartotta a f\u00f3kuszt. Az \u00dajpestre n\u00e9zve kellemetlen ez a sz\u00e9ria, gondoljunk csak bele, ezalatt az Iv\u00e1ncsa is nyert a Fradi ellen a Magyar Kup\u00e1ban&#8230; Most viszont \u00fagy \u00e9rkez\u00fcnk bele ebbe a meccsbe, hogy nagyon fesz\u00edtett a program. M\u00falt h\u00e9ten Trabzonspor \u00e9s Pusk\u00e1s Akad\u00e9mia, most cs\u00fct\u00f6rt\u00f6k\u00f6n pedig Gy\u0151rbe ment\u00fcnk a derbi el\u0151tt\u00a0<\/p>\n<p>\u2013 mondta Lisztes a c\u00edmv\u00e9d\u0151 elleni sikert megel\u0151z\u0151en.<\/p>\n<p>\u201eMeglepn\u00e9, ha h\u00e9tv\u00e9g\u00e9n ez a sorozat megszakadna?\u201d \u2013 sz\u00f3lt a visszak\u00e9rd\u00e9s.<\/p>\n<p>\u201eErr\u0151l nem is akarok besz\u00e9lni!\u201d \u2013 \u00e9rkezett a gyors v\u00e1lasz.\u00a0<\/p>\n<p>S ha m\u00e1r Lisztes\u00e9k. Az apa-fia p\u00e1rosnak egyar\u00e1nt k\u00e9t g\u00f3lja van az \u00dajpest ellen. Mindketten betal\u00e1ltak az \u00dcll\u0151i \u00e9s Megyeri \u00faton. A 21 \u00e9ves Lisztes azonban ak\u00e1r m\u00e1r most vas\u00e1rnap megel\u0151zheti \u00e9desapj\u00e1t.\u00a0\u201e\u00c9n nagyon b\u00edzom benne, hogy h\u00e9tv\u00e9g\u00e9n lehagy&#8230;\u201d<\/p>\n<p>\n                          (Bor\u00edt\u00f3k\u00e9p: \u00dajpest\u2013Ferencv\u00e1ros bajnoki labdar\u00fag\u00f3-m\u00e9rk\u0151z\u00e9se 2026. m\u00e1jus 2-\u00e1n. Fot\u00f3: T\u00f6vissi Bence \/ Index)\u00a0\n                        <\/p>\n<p><a href=\"https:\/\/dex.hu\/x.php?id=googlepref_desktop&amp;url=https:\/\/google.com\/preferences\/source?q=https:\/\/index.hu\" class=\"google-pref-banner \" id=\"googlePrefBanner\" rel=\"nofollow noopener\" target=\"_blank\"><\/p>\n<p>    Itt \u00e1ll\u00edtsa be, hogy az Index az els\u0151k k\u00f6z\u00f6tt legyen a Google-tal\u00e1latokban!<\/p>\n<p><\/a><\/p>\n<p>                <a href=\"https:\/\/konyvek.index.hu\/\" target=\"_blank\" rel=\"nofollow noopener\"><br \/>\n                <img decoding=\"async\" src=\"https:\/\/index.hu\/assets\/images\/konyvajanlo\/book_indapress\/book_indapress_logo.svg\" loading=\"lazy\" alt=\"Inda Press Kiad\u00f3\"\/><br \/>\n                <\/a><\/p>\n<p>                <img decoding=\"async\" src=\"https:\/\/www.europesays.com\/hu\/wp-content\/uploads\/2026\/09\/1788625032_867_rossi.png\" loading=\"lazy\" alt=\"Rossi\"\/><\/p>\n<p>Ismerd meg a magyar labdar\u00fag\u00e1s h\u0151s\u00e9nek eml\u00e9kezetes pillanatait!<br \/>Folytassa, Mister!<\/p>\n<p>                <a class=\"book_index_btn\" href=\"https:\/\/indexadhu.hit.gemius.pl\/hitredir\/id=nSCbubuYpDWJZLZs0TssLrbt33Lk5kbipuiZrkg89G3.g7\/stparam=uciklwjurk\/fastid=efdamtuhsxcjschvtzobuxredglq\/nc=0\/url=https:\/\/www.indapresskiado.hu\/products\/marco-rossi?_pos=1&amp;_psq=rossi&amp;_ss=e&amp;_v=1.0\" target=\"_blank\" rel=\"nofollow noopener\">MEGVESZEM<\/a><\/p>\n<p>    <img loading=\"lazy\" decoding=\"async\" src=\"https:\/\/www.europesays.com\/hu\/wp-content\/uploads\/2026\/09\/1788625034_340_nc=0.gif\" border=\"0\" height=\"0\" width=\"0\"\/><\/p>\n<p>    <img decoding=\"async\" src=\"https:\/\/index.hu\/assets\/images\/social-follow\/logo-big.svg\" alt=\"Index.hu logo\"\/><\/p>\n<p>K\u00f6vesse az Indexet Facebookon is!<\/p>\n<p>    <a href=\"https:\/\/facebook.com\/Indexhu\" target=\"_blank\" rel=\"nofollow noopener\"><\/p>\n<p>        K\u00f6vetem!<br \/>\n    <\/a><\/p>\n","protected":false},"excerpt":{"rendered":"\u201eA lelk\u00e9nek nagyon fontos volt ez a k\u00e9t g\u00f3l\u201d \u2013 kezdte szerd\u00e1n az Indexnek a jelenleg a Ferencv\u00e1ros&hellip;\n","protected":false},"author":2,"featured_media":234112,"comment_status":"","ping_status":"","sticky":false,"template":"","format":"standard","meta":{"footnotes":"","_share_on_mastodon":"0"},"categories":[14],"tags":[3346,46,500,44,42,40,15533,43,41,1068,45,131,2331],"class_list":["post-234111","post","type-post","status-publish","format-standard","has-post-thumbnail","category-sport","tag-derbi","tag-ferencvaros","tag-ftc","tag-hu","tag-hungarian","tag-hungary","tag-lisztes-krisztian","tag-magyar","tag-magyarorszag","tag-nb-i","tag-sport","tag-sports","tag-ujpest-fc"],"share_on_mastodon":{"url":"https:\/\/pubeurope.com\/@hu\/117219337758152535","error":""},"_links":{"self":[{"href":"https:\/\/www.europesays.com\/hu\/wp-json\/wp\/v2\/posts\/234111","targetHints":{"allow":["GET"]}}],"collection":[{"href":"https:\/\/www.europesays.com\/hu\/wp-json\/wp\/v2\/posts"}],"about":[{"href":"https:\/\/www.europesays.com\/hu\/wp-json\/wp\/v2\/types\/post"}],"author":[{"embeddable":true,"href":"https:\/\/www.europesays.com\/hu\/wp-json\/wp\/v2\/users\/2"}],"replies":[{"embeddable":true,"href":"https:\/\/www.europesays.com\/hu\/wp-json\/wp\/v2\/comments?post=234111"}],"version-history":[{"count":0,"href":"https:\/\/www.europesays.com\/hu\/wp-json\/wp\/v2\/posts\/234111\/revisions"}],"wp:featuredmedia":[{"embeddable":true,"href":"https:\/\/www.europesays.com\/hu\/wp-json\/wp\/v2\/media\/234112"}],"wp:attachment":[{"href":"https:\/\/www.europesays.com\/hu\/wp-json\/wp\/v2\/media?parent=234111"}],"wp:term":[{"taxonomy":"category","embeddable":true,"href":"https:\/\/www.europesays.com\/hu\/wp-json\/wp\/v2\/categories?post=234111"},{"taxonomy":"post_tag","embeddable":true,"href":"https:\/\/www.europesays.com\/hu\/wp-json\/wp\/v2\/tags?post=234111"}],"curies":[{"name":"wp","href":"https:\/\/api.w.org\/{rel}","templated":true}]}}