{"id":234115,"date":"2026-09-05T16:21:09","date_gmt":"2026-09-05T16:21:09","guid":{"rendered":"https:\/\/www.europesays.com\/hu\/234115\/"},"modified":"2026-09-05T16:21:09","modified_gmt":"2026-09-05T16:21:09","slug":"ilyen-lett-mara-marlon-brando-szigete","status":"publish","type":"post","link":"https:\/\/www.europesays.com\/hu\/234115\/","title":{"rendered":"Ilyen lett m\u00e1ra Marlon Brando szigete"},"content":{"rendered":"<p>A tizenk\u00e9t apr\u00f3 korallszigetb\u0151l \u00e1ll\u00f3 ter\u00fclet m\u00e1ra a t\u00e9rs\u00e9g egyik jelent\u0151s term\u00e9szetv\u00e9delmi \u00e9s kutat\u00e1si helysz\u00edn\u00e9v\u00e9 v\u00e1lt \u2013 olvashat\u00f3 a <a href=\"https:\/\/www.antena3.ro\/externe\/mapamond\/atolul-cumparat-de-actorul-marlon-brando-a-devenit-un-paradis-pentru-testoase-peste-15-000-de-pui-au-iesit-din-oua-in-acest-an-801381.html\" target=\"_blank\" rel=\"noopener noreferrer nofollow\">rom\u00e1n Antena 3<\/a> cikk\u00e9ben.<\/p>\n<p>Marlon Brando vigy\u00e1zott a szigetre<\/p>\n<p>Marlon Brando, a k\u00e9t Oscar-d\u00edjas <a href=\"https:\/\/nlc.hu\/sztarok\/20140701\/csak-egyetlen-szeretlek-10-eve-halt-meg-marlon-brando\/\" target=\"_blank\" rel=\"noopener nofollow\">sz\u00edn\u00e9szlegenda<\/a> 1960-ban, a <a href=\"https:\/\/nlc.hu\/szabadido\/20150816\/no-mozi-tortenelem\/\" target=\"_blank\" rel=\"noopener nofollow\">L\u00e1zad\u00e1s a Bountyn<\/a> forgat\u00e1s\u00e1nak el\u0151k\u00e9sz\u00edt\u00e9sekor tal\u00e1lkozott el\u0151sz\u00f6r Teti\u02bbaro\u00e1val. A t\u00fcrkizk\u00e9k viz\u0171 lag\u00fan\u00e1t k\u00f6r\u00fcl\u00f6lel\u0151 szigetek annyira leny\u0171g\u00f6zt\u00e9k, hogy 1966-ban megszerezte a ter\u00fcletet az azt kor\u00e1bban birtokl\u00f3 amerikai fogorvos, Johnston Walter Williams \u00f6r\u00f6k\u00f6seit\u0151l. A sz\u00edn\u00e9sz nem hagyom\u00e1nyos turistaparadicsomot akart l\u00e9trehozni, hanem olyan ter\u00fcletet, amelyet lehet\u0151s\u00e9g szerint meg\u0151rizhetnek eredeti \u00e1llapot\u00e1ban.<\/p>\n<p><img fetchpriority=\"high\" decoding=\"async\" class=\"img-responsive size-full wp-image-2179972\" src=\"https:\/\/www.europesays.com\/hu\/wp-content\/uploads\/2026\/09\/brandoszigete2.jpg\" alt=\"Brando sziget fel\u00fclr\u0151l\" width=\"1024\" height=\"683\"   loading=\"lazy\"\/><\/p>\n<p class=\"wp-caption-text\">L\u00e9gifelv\u00e9tel Tetiaro\u00e1r\u00f3l, Marlon Brando sziget\u00e9r\u0151l, 2018. febru\u00e1r 28-\u00e1n. (Forr\u00e1s: Alexis Rosenfeld\/Getty Images)<\/p>\n<p>Brando a Motu Onetahi nev\u0171 szigeten egyszer\u0171 telepet \u00e9p\u00edttetett csal\u00e1dja, vend\u00e9gei, valamint az \u00e9l\u0151vil\u00e1got vizsg\u00e1l\u00f3 kutat\u00f3k sz\u00e1m\u00e1ra. B\u00e1r elk\u00e9pzel\u00e9sei az \u00e9vtizedek sor\u00e1n olykor v\u00e1ltoztak, a term\u00e9szetv\u00e9delem \u00e9s a tudom\u00e1nyos munka t\u00e1mogat\u00e1sa mindv\u00e9gig fontos maradt sz\u00e1m\u00e1ra. A sz\u00edn\u00e9sz 2004-ben bek\u00f6vetkezett hal\u00e1la ut\u00e1n \u00f6r\u00f6k\u00f6sei \u00e9s helyi partnereik folytatt\u00e1k a term\u00e9szetv\u00e9delmi programok t\u00e1mogat\u00e1s\u00e1t.<\/p>\n<p>Arrafel\u00e9 szt\u00e1rok a tekn\u0151s\u00f6k<\/p>\n<p>A munk\u00e1t ma els\u0151sorban a nonprofit <a href=\"https:\/\/www.tetiaroasociety.org\/\" target=\"_blank\" rel=\"noopener noreferrer nofollow\">Tetiaroa Society<\/a> v\u00e9gzi, a <a href=\"https:\/\/nlc.hu\/ezvan\/20260905\/marlon-brando-szigete-teknosok\/temanaotemoana.org\" target=\"_blank\" rel=\"noopener nofollow\">Te Mana o Te Moana<\/a> term\u00e9szetv\u00e9delmi szervezettel \u00e9s m\u00e1s kutat\u00f3int\u00e9zetekkel egy\u00fcttm\u0171k\u00f6d\u00e9sben. A szervezet az atoll term\u00e9szeti k\u00f6rnyezet\u00e9nek gondoz\u00e1sa mellett tudom\u00e1nyos kutat\u00e1sokat, oktat\u00e1si programokat \u00e9s kultur\u00e1lis \u00f6r\u00f6ks\u00e9gv\u00e9delmi kezdem\u00e9nyez\u00e9seket is t\u00e1mogat. A tengeri tekn\u0151s\u00f6k f\u00e9szkel\u00e9s\u00e9t csaknem k\u00e9t \u00e9vtizede rendszeresen megfigyelik.<\/p>\n<p><img decoding=\"async\" class=\"img-responsive size-full wp-image-2179971\" src=\"https:\/\/www.europesays.com\/hu\/wp-content\/uploads\/2026\/09\/brandoszigete.jpg\" alt=\"Brando szigete\" width=\"1024\" height=\"576\"   loading=\"lazy\"\/><\/p>\n<p class=\"wp-caption-text\">Egy tekn\u0151sb\u00e9bi a tengeren kezdi meg \u00e9let\u00e9t, miut\u00e1n elhagyta a Marlon Brando sziget\u00e9n tal\u00e1lhat\u00f3 Tetiaroa strandj\u00e1t. (Forr\u00e1s: Alexis Rosenfeld\/Getty Images)<\/p>\n<p>A 2024\u20132025-\u00f6s szezonban a kutat\u00f3k 430 tekn\u0151snyomot \u00e9s 161 igazolt f\u00e9szket dokument\u00e1ltak.<\/p>\n<p>\u00d6sszesen 113 n\u0151st\u00e9ny\u00e9szlel\u00e9st r\u00f6gz\u00edtettek, a kikelt \u00e1llatok sz\u00e1m\u00e1t pedig 15614-re becs\u00fclt\u00e9k. K\u00f6z\u00fcl\u00fck 227 legyeng\u00fclt, vagy vesz\u00e9lybe ker\u00fclt kistekn\u0151st mentettek meg, majd engedtek a v\u00edzbe.<\/p>\n<p>A felm\u00e9r\u00e9sek sor\u00e1n nemcsak a f\u00e9szkeket \u00e9s a kikelt toj\u00e1sokat sz\u00e1molj\u00e1k meg: azonos\u00edtj\u00e1k a n\u0151st\u00e9nyeket, genetikai mint\u00e1kat vesznek, feljegyzik a f\u00e9szkek m\u00e9lys\u00e9g\u00e9t \u00e9s h\u0151m\u00e9rs\u00e9klet\u00e9t, az inkub\u00e1ci\u00f3 hossz\u00e1t, valamint a kikel\u00e9s sikeress\u00e9g\u00e9t is. Vizsg\u00e1lj\u00e1k tov\u00e1bb\u00e1 az \u00e9ghajlatv\u00e1ltoz\u00e1s hat\u00e1sait, k\u00f6zt\u00fck a partok er\u00f3zi\u00f3j\u00e1t, a f\u00e9szkek el\u00f6nt\u00e9s\u00e9t \u00e9s a h\u0151m\u00e9rs\u00e9klet \u00e1ltal befoly\u00e1solt ivarar\u00e1nyt.<\/p>\n<p>A term\u00e9szetv\u00e9delmi munka fontos r\u00e9sze az ember \u00e1ltal behurcolt \u00e1llatfajok visszaszor\u00edt\u00e1sa. Az atoll egyes szigeteir\u0151l elt\u00e1vol\u00edtott\u00e1k a <a href=\"https:\/\/nlc.hu\/otthon\/20260530\/patkany-kert-noveny\/\" target=\"_blank\" rel=\"noopener nofollow\">patk\u00e1nyok<\/a>at, amelyek kifosztott\u00e1k a tekn\u0151sf\u00e9szkeket \u00e9s vesz\u00e9lyeztett\u00e9k a talajon k\u00f6lt\u0151 tengeri madarakat is. A ragadoz\u00f3k elt\u0171n\u00e9se ut\u00e1n az \u0151shonos n\u00f6v\u00e9ny- \u00e9s \u00e1llatvil\u00e1g jobb es\u00e9lyt kapott a regener\u00e1l\u00f3d\u00e1sra.<\/p>\n","protected":false},"excerpt":{"rendered":"A tizenk\u00e9t apr\u00f3 korallszigetb\u0151l \u00e1ll\u00f3 ter\u00fclet m\u00e1ra a t\u00e9rs\u00e9g egyik jelent\u0151s term\u00e9szetv\u00e9delmi \u00e9s kutat\u00e1si helysz\u00edn\u00e9v\u00e9 v\u00e1lt \u2013 olvashat\u00f3&hellip;\n","protected":false},"author":2,"featured_media":234116,"comment_status":"","ping_status":"","sticky":false,"template":"","format":"standard","meta":{"footnotes":"","_share_on_mastodon":"0"},"categories":[8],"tags":[61631,42,9205,43,28659,34,20569,674,94,93,92],"class_list":["post-234115","post","type-post","status-publish","format-standard","has-post-thumbnail","category-vilag","tag-egzotikus","tag-hungarian","tag-itt-most","tag-magyar","tag-marlon-brando","tag-news","tag-teknos","tag-utazas","tag-vilag","tag-world","tag-world-news"],"share_on_mastodon":{"url":"https:\/\/pubeurope.com\/@hu\/117219353779901011","error":""},"_links":{"self":[{"href":"https:\/\/www.europesays.com\/hu\/wp-json\/wp\/v2\/posts\/234115","targetHints":{"allow":["GET"]}}],"collection":[{"href":"https:\/\/www.europesays.com\/hu\/wp-json\/wp\/v2\/posts"}],"about":[{"href":"https:\/\/www.europesays.com\/hu\/wp-json\/wp\/v2\/types\/post"}],"author":[{"embeddable":true,"href":"https:\/\/www.europesays.com\/hu\/wp-json\/wp\/v2\/users\/2"}],"replies":[{"embeddable":true,"href":"https:\/\/www.europesays.com\/hu\/wp-json\/wp\/v2\/comments?post=234115"}],"version-history":[{"count":0,"href":"https:\/\/www.europesays.com\/hu\/wp-json\/wp\/v2\/posts\/234115\/revisions"}],"wp:featuredmedia":[{"embeddable":true,"href":"https:\/\/www.europesays.com\/hu\/wp-json\/wp\/v2\/media\/234116"}],"wp:attachment":[{"href":"https:\/\/www.europesays.com\/hu\/wp-json\/wp\/v2\/media?parent=234115"}],"wp:term":[{"taxonomy":"category","embeddable":true,"href":"https:\/\/www.europesays.com\/hu\/wp-json\/wp\/v2\/categories?post=234115"},{"taxonomy":"post_tag","embeddable":true,"href":"https:\/\/www.europesays.com\/hu\/wp-json\/wp\/v2\/tags?post=234115"}],"curies":[{"name":"wp","href":"https:\/\/api.w.org\/{rel}","templated":true}]}}