{"id":234117,"date":"2026-09-05T16:22:10","date_gmt":"2026-09-05T16:22:10","guid":{"rendered":"https:\/\/www.europesays.com\/hu\/234117\/"},"modified":"2026-09-05T16:22:10","modified_gmt":"2026-09-05T16:22:10","slug":"hvg360-vitezy-david-atvette-az-opni-t-kerdeses-az-orban-kormanyok-altal-tervezett-elitiskola-sorsa","status":"publish","type":"post","link":"https:\/\/www.europesays.com\/hu\/234117\/","title":{"rendered":"hvg360: Vit\u00e9zy D\u00e1vid \u00e1tvette az OPNI-t, k\u00e9rd\u00e9ses az Orb\u00e1n-korm\u00e1nyok \u00e1ltal tervezett elitiskola sorsa\u00a0"},"content":{"rendered":"<p>Augusztus 31-\u00e9vel megsz\u0171nt a K\u00f6z\u00e9p-Eur\u00f3pai Oktat\u00e1si Alap\u00edtv\u00e1ny (KEOA), az a k\u00f6z\u00e9rdek\u0171 vagyonkezel\u0151 alap\u00edtv\u00e1ny (<a href=\"https:\/\/hvg.hu\/cimke\/kekva\" target=\"_self\" rel=\"nofollow noopener\">kekva<\/a>), amelyet Szijj\u00e1rt\u00f3 P\u00e9ter 2021 okt\u00f3ber\u00e9ben alap\u00edtott meg az Orb\u00e1n-korm\u00e1ny k\u00fclgazdas\u00e1gi \u00e9s k\u00fcl\u00fcgyminiszterek\u00e9nt \u2013 ezt a K\u00f6zleked\u00e9si \u00e9s Beruh\u00e1z\u00e1si Miniszt\u00e9rium (KBM) \u00e1rulta el lapunk megkeres\u00e9s\u00e9re.<\/p>\n<p>Az alap\u00edtv\u00e1ny c\u00e9lja az volt, hogy egy bentlak\u00e1sos, tand\u00edjas k\u00f6z\u00e9piskol\u00e1t hozzon l\u00e9tre a r\u00e9gi\u00f3 elitj\u00e9nek az Orsz\u00e1gos Pszichi\u00e1triai \u00e9s Neurol\u00f3giai Int\u00e9zet (OPNI) egykori, 2007-ben bez\u00e1rt lip\u00f3tmezei \u00e9p\u00fclet\u00e9ben, de \u00f6t \u00e9v alatt m\u00e9g a fel\u00faj\u00edt\u00e1s kezdet\u00e9ig sem jutott el a projekt.<\/p>\n<p><a href=\"https:\/\/hvg.hu\/cimke\/vitezy-david\" target=\"_self\" rel=\"nofollow noopener\">Vit\u00e9zy D\u00e1vid<\/a> t\u00e1rc\u00e1ja ezzel imm\u00e1r k\u00f6zvetlen tulajdonosa mind az \u00f6sszesen t\u00f6bb mint 60 ezer n\u00e9gyzetm\u00e9teres, romos \u00e1llapotban l\u00e9v\u0151 m\u0171eml\u00e9ki \u00e9p\u00fcletnek, mind a v\u00e1rhat\u00f3an t\u00f6bb t\u00edzmilli\u00e1rdos k\u00f6lts\u00e9ggel j\u00e1r\u00f3 fel\u00faj\u00edt\u00e1st ir\u00e1ny\u00edt\u00f3 K\u00f6z\u00e9p-Eur\u00f3pai Oktat\u00e1si (KEO) Zrt.-nek, amelyet az az\u00f3ta megsz\u0171nt kekva hozott l\u00e9tre erre a c\u00e9lra.\u00a0A KBM azt is k\u00f6z\u00f6lte, hogy az alap\u00edtv\u00e1ny megsz\u0171n\u00e9s\u00e9vel kezdet\u00fcket vett\u00e9k az \u00e1tvil\u00e1g\u00edt\u00e1si feladatok is, a projekt j\u00f6v\u0151j\u00e9vel kapcsolatban pedig csak ezek lez\u00e1rult\u00e1t k\u00f6vet\u0151en sz\u00fcletik d\u00f6nt\u00e9s.<\/p>\n","protected":false},"excerpt":{"rendered":"Augusztus 31-\u00e9vel megsz\u0171nt a K\u00f6z\u00e9p-Eur\u00f3pai Oktat\u00e1si Alap\u00edtv\u00e1ny (KEOA), az a k\u00f6z\u00e9rdek\u0171 vagyonkezel\u0151 alap\u00edtv\u00e1ny (kekva), amelyet Szijj\u00e1rt\u00f3 P\u00e9ter 2021&hellip;\n","protected":false},"author":2,"featured_media":234118,"comment_status":"","ping_status":"","sticky":false,"template":"","format":"standard","meta":{"footnotes":"","_share_on_mastodon":"0"},"categories":[6],"tags":[44,42,40,57371,16316,43,41,61632,593],"class_list":["post-234117","post","type-post","status-publish","format-standard","has-post-thumbnail","category-magyarorszag","tag-hu","tag-hungarian","tag-hungary","tag-kozep-europai-oktatasi-alapitvany","tag-kozpenz","tag-magyar","tag-magyarorszag","tag-opni","tag-vitezy-david"],"share_on_mastodon":{"url":"https:\/\/pubeurope.com\/@hu\/117219357008106324","error":""},"_links":{"self":[{"href":"https:\/\/www.europesays.com\/hu\/wp-json\/wp\/v2\/posts\/234117","targetHints":{"allow":["GET"]}}],"collection":[{"href":"https:\/\/www.europesays.com\/hu\/wp-json\/wp\/v2\/posts"}],"about":[{"href":"https:\/\/www.europesays.com\/hu\/wp-json\/wp\/v2\/types\/post"}],"author":[{"embeddable":true,"href":"https:\/\/www.europesays.com\/hu\/wp-json\/wp\/v2\/users\/2"}],"replies":[{"embeddable":true,"href":"https:\/\/www.europesays.com\/hu\/wp-json\/wp\/v2\/comments?post=234117"}],"version-history":[{"count":0,"href":"https:\/\/www.europesays.com\/hu\/wp-json\/wp\/v2\/posts\/234117\/revisions"}],"wp:featuredmedia":[{"embeddable":true,"href":"https:\/\/www.europesays.com\/hu\/wp-json\/wp\/v2\/media\/234118"}],"wp:attachment":[{"href":"https:\/\/www.europesays.com\/hu\/wp-json\/wp\/v2\/media?parent=234117"}],"wp:term":[{"taxonomy":"category","embeddable":true,"href":"https:\/\/www.europesays.com\/hu\/wp-json\/wp\/v2\/categories?post=234117"},{"taxonomy":"post_tag","embeddable":true,"href":"https:\/\/www.europesays.com\/hu\/wp-json\/wp\/v2\/tags?post=234117"}],"curies":[{"name":"wp","href":"https:\/\/api.w.org\/{rel}","templated":true}]}}