{"id":234129,"date":"2026-09-05T16:35:13","date_gmt":"2026-09-05T16:35:13","guid":{"rendered":"https:\/\/www.europesays.com\/hu\/234129\/"},"modified":"2026-09-05T16:35:13","modified_gmt":"2026-09-05T16:35:13","slug":"eletstilus-dontott-az-ensz-afrikat-a-jovoben-nem-lehet-kisebbnek-abrazolni-a-terkepeken","status":"publish","type":"post","link":"https:\/\/www.europesays.com\/hu\/234129\/","title":{"rendered":"\u00c9let+St\u00edlus: D\u00f6nt\u00f6tt az ENSZ: Afrik\u00e1t a j\u00f6v\u0151ben nem lehet kisebbnek \u00e1br\u00e1zolni a t\u00e9rk\u00e9peken"},"content":{"rendered":"<p>Fokozatosan fognak \u00e1tt\u00e9rni azok az orsz\u00e1gok egy m\u00e1sik t\u00e9rk\u00e9p\u00e1br\u00e1zol\u00e1sra, amelyek t\u00e1mogatt\u00e1k az ENSZ hat\u00e1rozat\u00e1t arr\u00f3l, hogy a j\u00f6v\u0151ben m\u00e1r olyan t\u00e9rk\u00e9pek legyenek haszn\u00e1latban, amelyeken Afrika nem kicsi \u2013 sz\u00e1molt be r\u00f3la a <a href=\"https:\/\/www.theguardian.com\/world\/2026\/sep\/04\/un-vote-world-map-mercator-equal-earth-africa\" target=\"_blank\" rel=\"nofollow noopener\">Guardian.<\/a><\/p>\n<p>Az ENSZ K\u00f6zgy\u0171l\u00e9se a New York-i sz\u00e9khely\u00e9n tartott \u00fcl\u00e9s\u00e9n hivatalosan elvetette a 16. sz\u00e1zadi Mercator-vet\u00fcletet, \u00e9s a 2018-ban kidolgozott, pontosabb Equal Earth-vet\u00fcleten alapul\u00f3 megold\u00e1st t\u00e1mogatta. Az \u00fcl\u00e9sen 164 orsz\u00e1g szavazott a hat\u00e1rozat elfogad\u00e1sa mellett. Csak az Egyes\u00fclt \u00c1llamok szavazott ellene, k\u00e9pvisel\u0151je pedig feleslegesnek nevezte a hat\u00e1rozatot. Hat orsz\u00e1g tart\u00f3zkodott.<\/p>\n<p>Mivel az ENSZ hat\u00e1rozatai nem k\u00f6telez\u0151 \u00e9rv\u00e9ny\u0171ek, \u00edgy minden egyes orsz\u00e1g eld\u00f6ntheti, hogy melyik t\u00edpus\u00fa t\u00e9rk\u00e9pet haszn\u00e1lja a j\u00f6v\u0151ben, de ha \u00e1tt\u00e9rnek az \u00faj \u00e1br\u00e1zol\u00e1sra, akkor friss\u00edteni kell az iskolai tananyagokat is.<\/p>\n<p>Robert Dussey, Togo k\u00fcl\u00fcgyminisztere a hat\u00e1rozat elfogad\u00e1sa el\u0151tt azt mondta, hogy ez nem politikai, hanem tudom\u00e1nyos vita, mert tudom\u00e1nyos bizony\u00edt\u00e9kok \u00e1llnak rendelkez\u00e9sre, \u00edgy mindannyiunknak el kell fogadnunk a val\u00f3s\u00e1got.<\/p>\n<p>A jelenleg haszn\u00e1lt t\u00e9rk\u00e9pek egy flamand t\u00e9rk\u00e9p\u00e9sz, Gerardus Mercator rajzain alapulnak. A vet\u00fcletet 1569-ben vezette be, hogy seg\u00edtse a tenger\u00e9szeket a tengeri navig\u00e1ci\u00f3ban. A Mercator-vet\u00fclet saj\u00e1toss\u00e1gai miatt az Egyenl\u00edt\u0151 k\u00f6zel\u00e9ben fekv\u0151 ter\u00fcletek j\u00f3val kisebbnek l\u00e1tsz\u00f3dnak a val\u00f3di m\u00e9ret\u00fckn\u00e9l, mik\u00f6zben a magasabb sz\u00e9less\u00e9gi k\u00f6r\u00f6k\u00f6n fekv\u0151 ter\u00fcletek sokkal nagyobbnak t\u0171nnek.<\/p>\n","protected":false},"excerpt":{"rendered":"Fokozatosan fognak \u00e1tt\u00e9rni azok az orsz\u00e1gok egy m\u00e1sik t\u00e9rk\u00e9p\u00e1br\u00e1zol\u00e1sra, amelyek t\u00e1mogatt\u00e1k az ENSZ hat\u00e1rozat\u00e1t arr\u00f3l, hogy a j\u00f6v\u0151ben&hellip;\n","protected":false},"author":2,"featured_media":234130,"comment_status":"","ping_status":"","sticky":false,"template":"","format":"standard","meta":{"footnotes":"","_share_on_mastodon":"0"},"categories":[8],"tags":[1353,2306,42,43,34,12718,94,93,92],"class_list":["post-234129","post","type-post","status-publish","format-standard","has-post-thumbnail","category-vilag","tag-afrika","tag-ensz","tag-hungarian","tag-magyar","tag-news","tag-terkep","tag-vilag","tag-world","tag-world-news"],"share_on_mastodon":{"url":"https:\/\/pubeurope.com\/@hu\/117219408813213025","error":""},"_links":{"self":[{"href":"https:\/\/www.europesays.com\/hu\/wp-json\/wp\/v2\/posts\/234129","targetHints":{"allow":["GET"]}}],"collection":[{"href":"https:\/\/www.europesays.com\/hu\/wp-json\/wp\/v2\/posts"}],"about":[{"href":"https:\/\/www.europesays.com\/hu\/wp-json\/wp\/v2\/types\/post"}],"author":[{"embeddable":true,"href":"https:\/\/www.europesays.com\/hu\/wp-json\/wp\/v2\/users\/2"}],"replies":[{"embeddable":true,"href":"https:\/\/www.europesays.com\/hu\/wp-json\/wp\/v2\/comments?post=234129"}],"version-history":[{"count":0,"href":"https:\/\/www.europesays.com\/hu\/wp-json\/wp\/v2\/posts\/234129\/revisions"}],"wp:featuredmedia":[{"embeddable":true,"href":"https:\/\/www.europesays.com\/hu\/wp-json\/wp\/v2\/media\/234130"}],"wp:attachment":[{"href":"https:\/\/www.europesays.com\/hu\/wp-json\/wp\/v2\/media?parent=234129"}],"wp:term":[{"taxonomy":"category","embeddable":true,"href":"https:\/\/www.europesays.com\/hu\/wp-json\/wp\/v2\/categories?post=234129"},{"taxonomy":"post_tag","embeddable":true,"href":"https:\/\/www.europesays.com\/hu\/wp-json\/wp\/v2\/tags?post=234129"}],"curies":[{"name":"wp","href":"https:\/\/api.w.org\/{rel}","templated":true}]}}