{"id":234133,"date":"2026-09-05T16:37:11","date_gmt":"2026-09-05T16:37:11","guid":{"rendered":"https:\/\/www.europesays.com\/hu\/234133\/"},"modified":"2026-09-05T16:37:11","modified_gmt":"2026-09-05T16:37:11","slug":"nb-ii-ikszelt-a-barcika-a-kte-vel-elonyben-a-misleny-kettovel-megy-a-soroksar-elo-eredmenykoveto","status":"publish","type":"post","link":"https:\/\/www.europesays.com\/hu\/234133\/","title":{"rendered":"NB II: ikszelt a Barcika a KTE-vel, el\u0151nyben a Misleny, kett\u0151vel megy a Soroks\u00e1r \u2013 \u00c9L\u0150 eredm\u00e9nyk\u00f6vet\u0151!"},"content":{"rendered":"<p>LABDAR\u00daG\u00d3 NB II<br \/>7. FORDUL\u00d3<\/p>\n<p>Cikk\u00fcnk folyamatosan friss\u00fcl&#8230;<\/p>\n<p>16 \u00f3rakor kezd\u0151d\u00f6tt:<br \/>Kolorcity Kazincbarcika SC\u2013Kecskem\u00e9ti TE 2\u20132 (Gres\u00f3 22., K\u00e1rtik 86., ill. Szab\u00f3 B. 31. \u2013 11-esb\u0151l, Beke P. 56.) \u2013 v\u00e9ge \u2013 <a href=\"https:\/\/www.nemzetisport.hu\/labdarugo-nb-ii\/2026\/09\/nb-ii-kolorcity-kazincbarcika-kecskemeti-te\" target=\"_blank\" rel=\"nofollow noopener\">ONLINE K\u00d6ZVET\u00cdT\u00c9S ITT!<\/a><\/p>\n<p>17 \u00f3rakor kezd\u0151d\u00f6tt:<br \/>FC Ajka\u2013Soroks\u00e1r SC 0\u20132 (Kuznyecov 14., Lovrencsics B. 27.) (Ki\u00e1ll\u00edtva: Tar 23. \u2013 Ajka) \u2013\u00a0 <a href=\"https:\/\/www.nemzetisport.hu\/labdarugo-nb-ii\/2026\/09\/nb-ii-fc-ajka-soroksar-sc-6\" target=\"_blank\" rel=\"nofollow noopener\">ONLINE K\u00d6ZVET\u00cdT\u00c9S ITT!<\/a><br \/>HR-Rent Koz\u00e1rmisleny\u2013Mez\u0151k\u00f6vesd Zs\u00f3ry FC 1\u20130 (Sz\u0171cs P. 27.) \u2013 <a href=\"https:\/\/www.nemzetisport.hu\/labdarugo-nb-ii\/2026\/09\/nb-ii-kozarmisleny-mezokovesd-zsory-2\" target=\"_blank\" rel=\"nofollow noopener\">ONLINE K\u00d6ZVET\u00cdT\u00c9S ITT!<\/a><br \/>18 \u00f3rakor kezd\u0151d\u00f6tt:\u00a0<br \/>Gyirm\u00f3t FC Gy\u0151r\u2013Karcagi SC 1\u20130 (Nov\u00e1k Cs. 16.) \u2013 <a href=\"https:\/\/www.nemzetisport.hu\/labdarugo-nb-ii\/2026\/09\/nb-ii-gyirmot-fc-gyor-karcagi-sc\" target=\"_blank\" rel=\"nofollow noopener\">ONLINE K\u00d6ZVET\u00cdT\u00c9S ITT!<\/a><\/p>\n<p>19.00: BVSC-Zugl\u00f3\u2013FC Nagykanizsa \u2013 ONLINE K\u00d6ZVET\u00cdT\u00c9S ITT!<br \/>19.00: Tiszak\u00e9cskei LC\u2013Szentl\u0151rinc \u2013 ONLINE K\u00d6ZVET\u00cdT\u00c9S ITT!<\/p>\n<p><img loading=\"lazy\" decoding=\"async\" style=\"aspect-ratio:934\/648;\" src=\"https:\/\/www.europesays.com\/hu\/wp-content\/uploads\/2026\/09\/1788626231_595_aHR0cHM6Ly9jbXNjZG4uYXBwLmNvbnRlbnQucHJpdmF0ZS9jb250ZW50LzZiMGUwM2QwNTZlMTQ5ZjM4OWE0ZmE3ZDc0ZGNkNjU3.webp\" alt=\"\" width=\"934\" height=\"648\"\/><\/p>\n","protected":false},"excerpt":{"rendered":"LABDAR\u00daG\u00d3 NB II7. FORDUL\u00d3 Cikk\u00fcnk folyamatosan friss\u00fcl&#8230; 16 \u00f3rakor kezd\u0151d\u00f6tt:Kolorcity Kazincbarcika SC\u2013Kecskem\u00e9ti TE 2\u20132 (Gres\u00f3 22., K\u00e1rtik 86.,&hellip;\n","protected":false},"author":2,"featured_media":234134,"comment_status":"","ping_status":"","sticky":false,"template":"","format":"standard","meta":{"footnotes":"","_share_on_mastodon":"0"},"categories":[33],"tags":[38,35,37,44,42,40,43,41,34,36,39],"class_list":["post-234133","post","type-post","status-publish","format-standard","has-post-thumbnail","category-hirek","tag-focimek","tag-headlines","tag-hirek","tag-hu","tag-hungarian","tag-hungary","tag-magyar","tag-magyarorszag","tag-news","tag-top-stories","tag-vezeto-hirek"],"share_on_mastodon":{"url":"https:\/\/pubeurope.com\/@hu\/117219417327768161","error":""},"_links":{"self":[{"href":"https:\/\/www.europesays.com\/hu\/wp-json\/wp\/v2\/posts\/234133","targetHints":{"allow":["GET"]}}],"collection":[{"href":"https:\/\/www.europesays.com\/hu\/wp-json\/wp\/v2\/posts"}],"about":[{"href":"https:\/\/www.europesays.com\/hu\/wp-json\/wp\/v2\/types\/post"}],"author":[{"embeddable":true,"href":"https:\/\/www.europesays.com\/hu\/wp-json\/wp\/v2\/users\/2"}],"replies":[{"embeddable":true,"href":"https:\/\/www.europesays.com\/hu\/wp-json\/wp\/v2\/comments?post=234133"}],"version-history":[{"count":0,"href":"https:\/\/www.europesays.com\/hu\/wp-json\/wp\/v2\/posts\/234133\/revisions"}],"wp:featuredmedia":[{"embeddable":true,"href":"https:\/\/www.europesays.com\/hu\/wp-json\/wp\/v2\/media\/234134"}],"wp:attachment":[{"href":"https:\/\/www.europesays.com\/hu\/wp-json\/wp\/v2\/media?parent=234133"}],"wp:term":[{"taxonomy":"category","embeddable":true,"href":"https:\/\/www.europesays.com\/hu\/wp-json\/wp\/v2\/categories?post=234133"},{"taxonomy":"post_tag","embeddable":true,"href":"https:\/\/www.europesays.com\/hu\/wp-json\/wp\/v2\/tags?post=234133"}],"curies":[{"name":"wp","href":"https:\/\/api.w.org\/{rel}","templated":true}]}}