{"id":234135,"date":"2026-09-05T16:38:27","date_gmt":"2026-09-05T16:38:27","guid":{"rendered":"https:\/\/www.europesays.com\/hu\/234135\/"},"modified":"2026-09-05T16:38:27","modified_gmt":"2026-09-05T16:38:27","slug":"rendkivuli-most-kozolte-a-mav-a-legnepszerubb-adriai-jaratarol-erre-kevesen-szamitottak-iden","status":"publish","type":"post","link":"https:\/\/www.europesays.com\/hu\/234135\/","title":{"rendered":"Rendk\u00edv\u00fcli! Most k\u00f6z\u00f6lte a M\u00c1V a legn\u00e9pszer\u0171bb adriai j\u00e1rat\u00e1r\u00f3l: erre kevesen sz\u00e1m\u00edtottak id\u00e9n"},"content":{"rendered":"<p>2026. szeptember 5. 13:29<\/p>\n<p class=\"lead\">Id\u00e9n a megszokottn\u00e1l tov\u00e1bb, okt\u00f3ber elej\u00e9ig k\u00f6zlekedik az Adria InterCity Budapest \u00e9s Split k\u00f6z\u00f6tt &#8211; k\u00f6z\u00f6lte a M\u00c1V-csoport vez\u00e9rigazgat\u00f3ja szombaton Facebook-oldal\u00e1n.<\/p>\n<p>Hegyi Zsolt ismertette: a j\u00e1ratokra eddig t\u00f6bb mint 8400 foglal\u00e1s \u00e9rkezett, \u00e9s az ut\u00f3szezonban is folyamatos az \u00e9rdekl\u0151d\u00e9s.<\/p>\n<p>\t\t\t&#13;<\/p>\n<p>V\u00e9lem\u00e9nye szerint az Adria IC \u00e9vr\u0151l \u00e9vre megmutatja, hogy maga az \u00fat is lehet \u00e9lm\u00e9ny, az \u00e9jszakai utaz\u00e1snak, a h\u00e1l\u00f3- \u00e9s fekv\u0151helyes kocsiknak saj\u00e1tos hangulatuk van. Tov\u00e1bb inform\u00e1ci\u00f3k a M\u00c1V-csoport honlapj\u00e1n \u00e9rhet\u0151k el.<\/p>\n<p>&#13;<\/p>\n<p>\t\t\t<a href=\"https:\/\/www.penzcentrum.hu\/utazas\/20260613\/ennyibe-kerul-most-eljutni-az-adriara-ejszakai-vonattal-ujra-indul-a-budapest-split-jarat-1200420\" rel=\"nofollow noopener\" target=\"_blank\"><\/p>\n<p>\t\t\t\t\t<img decoding=\"async\" src=\"https:\/\/www.europesays.com\/hu\/wp-content\/uploads\/2026\/09\/1781351052-EWemSwn8o_lg.jpg\" class=\"img-fluid\" alt=\"Ennyibe ker\u00fcl most eljutni az Adri\u00e1ra \u00e9jszakai vonattal: \u00fajra indul a Budapest\u2013Split j\u00e1rat\" loading=\"lazy\"\/><\/p>\n<p>\t\t\t<\/a><\/p>\n<p>&#13;<\/p>\n<p>\t\t\t<a href=\"https:\/\/www.penzcentrum.hu\/utazas\/20260704\/itt-a-mav-etkezokocsik-2026-os-arlapja-ennyibe-kerul-a-sor-a-kave-a-hamburger-az-adria-fele-1199483\" rel=\"nofollow noopener\" target=\"_blank\"><\/p>\n<p>\t\t\t\t\t<img decoding=\"async\" src=\"https:\/\/www.europesays.com\/hu\/wp-content\/uploads\/2026\/09\/1783081302-s4KSznR1V_lg.jpg\" class=\"img-fluid\" alt=\"Itt a M\u00c1V \u00e9tkez\u0151kocsik 2026-os \u00e1rlapja: ennyibe ker\u00fcl a s\u00f6r, a k\u00e1v\u00e9, a hamburger az Adria fel\u00e9\" loading=\"lazy\"\/><\/p>\n<p>\t\t\t<\/a><\/p>\n<p>&#13;<\/p>\n<p>\u00a0<\/p>\n<p>\n\t\t\t\tC\u00edmlapk\u00e9p: Getty Images\n\t\t\t<\/p>\n<p>\n\t\t\t\tM\u00e9g nincsenek hozz\u00e1sz\u00f3l\u00e1sok. Legy\u00e9l te az els\u0151!\n\t\t\t<\/p>\n<p>NEKED AJ\u00c1NLJUK<\/p>\n<p>\t\t\t\t\t  <a href=\"https:\/\/www.penzcentrum.hu\/vallalkozas\/20260905\/orulhetnek-a-videki-ettermek-es-cukraszdak-dol-a-penz-a-magyar-csaladi-vallalkozasokhoz-1204990\" tabindex=\"-1\" rel=\"nofollow noopener\" target=\"_blank\">    <img decoding=\"async\" src=\"https:\/\/www.europesays.com\/hu\/wp-content\/uploads\/2026\/09\/1788601196-waKymEbl5_sm.jpg\" class=\"img-fluid\" loading=\"lazy\" alt=\"\u00d6r\u00fclhetnek a vid\u00e9ki \u00e9ttermek \u00e9s cukr\u00e1szd\u00e1k: d\u0151l a p\u00e9nz a magyar csal\u00e1di v\u00e1llalkoz\u00e1sokhoz\"\/>  <\/a>   <\/p>\n<p class=\"lines-2 pt-2 d-md-none d-block\">Nyolcmilli\u00e1rd forintos t\u00e1mogat\u00e1st ny\u00fajt a korm\u00e1ny mintegy 800, t\u00f6bbs\u00e9g\u00e9ben vid\u00e9ki turisztikai mikro- \u00e9s kisv\u00e1llalkoz\u00e1snak a Ganz \u00c1brah\u00e1m gazdas\u00e1gfejleszt\u00e9si program keret\u00e9ben.<\/p>\n<p>\t\t\t\t\t\t\t\t\t\t\t  <a href=\"https:\/\/www.penzcentrum.hu\/utazas\/20260905\/nagyon-vigyazz-ha-erre-a-meses-szigetre-utazol-azonnali-figyelmeztetest-adtak-ki-a-turistaknak-1204987\" tabindex=\"-1\" rel=\"nofollow noopener\" target=\"_blank\">     <img decoding=\"async\" src=\"https:\/\/www.europesays.com\/hu\/wp-content\/uploads\/2026\/09\/1760101653-mQ6oiJIEh_sm.jpg\" class=\"img-fluid\" loading=\"lazy\" alt=\"Nagyon vigy\u00e1zz, ha erre a mes\u00e9s szigetre utazol: azonnali figyelmeztet\u00e9st adtak ki a turist\u00e1knak\"\/>  <\/a>  <\/p>\n<p class=\"lines-2\">A v\u00edz- \u00e9s \u00e1ramell\u00e1t\u00e1s roml\u00e1sa miatt megn\u0151tt eg\u00e9szs\u00e9g\u00fcgyi kock\u00e1zatokra figyelmeztette a Kub\u00e1ba utaz\u00f3kat \u00e9s ott \u00e9l\u0151ket a kubai amerikai nagyk\u00f6vets\u00e9g p\u00e9nteken.<\/p>\n<p>\t\t\t\t\t\t\t\t\t\t\t  <a href=\"https:\/\/www.penzcentrum.hu\/utazas\/20260904\/szennyezett-levegot-lelegeznek-a-magyarok-csak-egy-hazai-varos-kerult-a-kedvezobbek-koze-1204972\" tabindex=\"-1\" rel=\"nofollow noopener\" target=\"_blank\">     <img decoding=\"async\" src=\"https:\/\/www.europesays.com\/hu\/wp-content\/uploads\/2026\/09\/1757920157-2773rTmRy_sm.jpg\" class=\"img-fluid\" loading=\"lazy\" alt=\"Szennyezett leveg\u0151t l\u00e9legeznek a magyarok: csak egy hazai v\u00e1ros ker\u00fclt a kedvez\u0151bbek k\u00f6z\u00e9\"\/>  <\/a>  <\/p>\n<p class=\"lines-2\">B\u00e1r az elm\u00falt \u00e9vtizedekben javult Eur\u00f3pa leveg\u0151min\u0151s\u00e9ge, a l\u00e9gszennyez\u00e9s tov\u00e1bbra is komoly eg\u00e9szs\u00e9g\u00fcgyi kock\u00e1zatot jelent.<\/p>\n<p>\t\t\t\t\t\t\t\t\t\t\t\t\t\t\t\t\t\t\t\t\t  <a href=\"https:\/\/www.penzcentrum.hu\/utazas\/20260904\/kitalaltak-a-fuggetlen-benzinkutasok-azonnali-lepest-kovetelnek-nagy-a-baj-a-hazai-toltoallomasokon-1204963\" tabindex=\"-1\" rel=\"nofollow noopener\" target=\"_blank\">     <img decoding=\"async\" src=\"https:\/\/www.europesays.com\/hu\/wp-content\/uploads\/2026\/09\/1778082093-RzDq5TXjQ_sm.jpg\" class=\"img-fluid\" loading=\"lazy\" alt=\"Kit\u00e1laltak a f\u00fcggetlen benzinkutasok: azonnali l\u00e9p\u00e9st k\u00f6vetelnek, nagy a baj a hazai t\u00f6lt\u0151\u00e1llom\u00e1sokon\"\/>  <\/a>  <\/p>\n<p class=\"lines-2\">Azonnali korm\u00e1nyzati beavatkoz\u00e1st \u00e9s az \u00fczemanyagpiac teljes \u00e1tvil\u00e1g\u00edt\u00e1s\u00e1t s\u00fcrgeti a F\u00fcggetlen Benzinkutak Sz\u00f6vets\u00e9ge.<\/p>\n<p>\t\t\t\t\t\t\t\t\t\t\t  <a href=\"https:\/\/www.penzcentrum.hu\/vilag\/20260904\/vilagszerte-kapkodnak-a-zsenialis-magyar-csucstechnologiaert-pont-budapesten-nem-kernek-belole-1204951\" tabindex=\"-1\" rel=\"nofollow noopener\" target=\"_blank\">     <img decoding=\"async\" src=\"https:\/\/www.europesays.com\/hu\/wp-content\/uploads\/2026\/09\/1785517318-vJsausuwV_sm.jpg\" class=\"img-fluid\" loading=\"lazy\" alt=\"Vil\u00e1gszerte kapkodnak a zseni\u00e1lis magyar cs\u00facstechnol\u00f3gi\u00e1\u00e9rt: pont Budapesten nem k\u00e9rnek bel\u0151le?\"\/>  <\/a>  <\/p>\n<p class=\"lines-2\">B\u00e1r Szingap\u00fart\u00f3l S\u00e3o Paul\u00f3ig rengeteg metropolisz t\u00e1maszkodik a magyar fejleszt\u00e9sre, a hazai f\u0151v\u00e1rosban eddig elmaradt az \u00e1tt\u00f6r\u00e9s.<\/p>\n<p>\t\t\t\t  <a href=\"https:\/\/www.penzcentrum.hu\/utazas\/20260905\/nincs-menekves-itt-az-osz-brutalis-a-szel-lakohazak-es-autok-sincsenek-biztonsagban-1204995\" tabindex=\"-1\" rel=\"nofollow noopener\" target=\"_blank\">     <img decoding=\"async\" src=\"https:\/\/www.europesays.com\/hu\/wp-content\/uploads\/2026\/09\/1785167180-WPf2Qq2nF_sm.jpg\" class=\"img-fluid\" loading=\"lazy\" alt=\"Nincs menekv\u00e9s, itt az \u0151sz: brut\u00e1lis a sz\u00e9l, lak\u00f3h\u00e1zak \u00e9s aut\u00f3k sincsenek biztons\u00e1gban\"\/>  <\/a>  <\/p>\n<p class=\"lines-2\">Szombat d\u00e9lut\u00e1nig az er\u0151s sz\u00e9l miatt t\u00f6bb v\u00e1rmegy\u00e9ben aut\u00f3kra, \u00e9p\u00fcletekre \u00e9s vezet\u00e9kekre d\u0151lt f\u00e1k, illetve leszakadt fa\u00e1gak elt\u00e1vol\u00edt\u00e1s\u00e1hoz k\u00e9rt\u00e9k a t\u0171zolt\u00f3k seg\u00edts\u00e9g\u00e9t<\/p>\n<p>\t\t\t\t  <a href=\"https:\/\/www.penzcentrum.hu\/utazas\/20260905\/szombat-reggeli-tulelocsomag-idojaras-hirek-arfolyamok-nevnap-2026-szeptember-5-1204981\" tabindex=\"-1\" rel=\"nofollow noopener\" target=\"_blank\">     <img decoding=\"async\" src=\"https:\/\/www.europesays.com\/hu\/wp-content\/uploads\/2026\/09\/1617205283-toxvfFx9Q_sm.jpg\" class=\"img-fluid\" loading=\"lazy\" alt=\"Szombat reggeli t\u00fal\u00e9l\u0151csomag: id\u0151j\u00e1r\u00e1s, h\u00edrek, \u00e1rfolyamok, n\u00e9vnap (2026. szeptember 5.)\"\/>  <\/a>  <\/p>\n<p class=\"lines-2\">A P\u00e9nzcentrum 2026. szeptember 5.-i h\u00edr\u00f6sszefoglal\u00f3ja, deviza \u00e1rfolyamai, az EuroJackpot nyer\u0151sz\u00e1mai, heti akci\u00f3k \u00e9s v\u00e1rhat\u00f3 id\u0151j\u00e1r\u00e1s egy helyen!<\/p>\n<p>\t\t\t\t  <a href=\"https:\/\/www.penzcentrum.hu\/utazas\/20260904\/magyar-turistakent-milliomosnak-erezheted-madad-ebben-az-orszagban-olcso-az-etkezes-a-benzin-a-buszjegy-1204949\" tabindex=\"-1\" rel=\"nofollow noopener\" target=\"_blank\">     <img decoding=\"async\" src=\"https:\/\/www.europesays.com\/hu\/wp-content\/uploads\/2026\/09\/1788508877-jVsPcz7Rl_sm.jpg\" class=\"img-fluid\" loading=\"lazy\" alt=\"Magyar turistak\u00e9nt milliomosnak \u00e9rezheted magad ebben az orsz\u00e1gban: olcs\u00f3 az \u00e9tkez\u00e9s, a benzin, a buszjegy\"\/>  <\/a>  <\/p>\n<p class=\"lines-2\">A k\u00f6z\u00e9p-amerikai orsz\u00e1gban az expatok 90 sz\u00e1zal\u00e9ka szerint a rendelkez\u00e9s\u00e9re \u00e1ll\u00f3 j\u00f6vedelem el\u00e9g a k\u00e9nyelmes \u00e9lethez,<\/p>\n<p>\t\t\t\t  <a href=\"https:\/\/www.penzcentrum.hu\/utazas\/20260904\/most-erkezett-brutalis-osszeget-sporolt-meg-a-kormany-ennek-rengeteg-magyar-autos-fog-orulni-1204945\" tabindex=\"-1\" rel=\"nofollow noopener\" target=\"_blank\">     <img decoding=\"async\" src=\"https:\/\/www.europesays.com\/hu\/wp-content\/uploads\/2026\/09\/1687370961-MjBajmUHB_sm.jpg\" class=\"img-fluid\" loading=\"lazy\" alt=\"Most \u00e9rkezett: brut\u00e1lis \u00f6sszeget sp\u00f3rolt meg a korm\u00e1ny, ennek rengeteg magyar aut\u00f3s fog \u00f6r\u00fclni\"\/>  <\/a>  <\/p>\n<p class=\"lines-2\">Meg\u00e9p\u00fcl a moh\u00e1csi Duna-h\u00edd, a beruh\u00e1z\u00e1s egy jelent\u0151s elem\u00e9t azonban t\u00f6rli a korm\u00e1ny.<\/p>\n<p>\t\t\t\t  <a href=\"https:\/\/www.penzcentrum.hu\/utazas\/20260904\/pentek-reggeli-tulelocsomag-idojaras-hirek-arfolyamok-nevnap-2026-szeptember-4-1204936\" tabindex=\"-1\" rel=\"nofollow noopener\" target=\"_blank\">     <img decoding=\"async\" src=\"https:\/\/www.europesays.com\/hu\/wp-content\/uploads\/2026\/09\/1617205261-rIXbHH4UD_sm.jpg\" class=\"img-fluid\" loading=\"lazy\" alt=\"P\u00e9ntek reggeli t\u00fal\u00e9l\u0151csomag: id\u0151j\u00e1r\u00e1s, h\u00edrek, \u00e1rfolyamok, n\u00e9vnap (2026. szeptember 4.)\"\/>  <\/a>  <\/p>\n<p class=\"lines-2\">A P\u00e9nzcentrum 2026. szeptember 4.-i h\u00edr\u00f6sszefoglal\u00f3ja, deviza \u00e1rfolyamai, heti akci\u00f3k \u00e9s v\u00e1rhat\u00f3 id\u0151j\u00e1r\u00e1s egy helyen!<\/p>\n<p>\t\t\t\t  <a href=\"https:\/\/www.penzcentrum.hu\/utazas\/20260904\/dobbenetes-fordulat-az-idojarasban-most-kozolte-a-hungaromet-mire-kell-keszulni-a-hetvegen-1204926\" tabindex=\"-1\" rel=\"nofollow noopener\" target=\"_blank\">     <img decoding=\"async\" src=\"https:\/\/www.europesays.com\/hu\/wp-content\/uploads\/2026\/09\/1784793652-MJoVzDPZu_sm.jpg\" class=\"img-fluid\" loading=\"lazy\" alt=\"D\u00f6bbenetes fordulat az id\u0151j\u00e1r\u00e1sban: most k\u00f6z\u00f6lte a HungaroMet, mire kell k\u00e9sz\u00fclni a h\u00e9tv\u00e9g\u00e9n\"\/>  <\/a>  <\/p>\n<p class=\"lines-2\">Ny\u00e1ri meleget hoz a p\u00e9ntek, az orsz\u00e1g t\u00f6bb pontj\u00e1n 30 fok f\u00f6l\u00e9 emelkedik a h\u0151m\u00e9rs\u00e9klet.<\/p>\n<p>\t\t  <a href=\"https:\/\/www.penzcentrum.hu\/utazas\/20260903\/komoly-titok-derult-ki-a-magyarok-nyaralasarol-millios-osszeget-sem-sajnalnak-ha-felkerekedik-a-csalad-1204900\" tabindex=\"-1\" rel=\"nofollow noopener\" target=\"_blank\">     <img decoding=\"async\" src=\"https:\/\/www.europesays.com\/hu\/wp-content\/uploads\/2026\/09\/1778156686-8OLHcJlbn_sm.jpg\" class=\"img-fluid\" loading=\"lazy\" alt=\"Komoly titok der\u00fclt ki a magyarok nyaral\u00e1s\u00e1r\u00f3l: milli\u00f3s \u00f6sszeget sem sajn\u00e1lnak, ha felkerekedik a csal\u00e1d\"\/>  <\/a>  <\/p>\n<p class=\"lines-2\">Csal\u00e1donk\u00e9nt egymilli\u00f3n\u00e1l is t\u00f6bbet sz\u00e1ntak a magyarok a nyaral\u00e1sra, \u00e9s az is kider\u00fclt, melyek a legn\u00e9pszer\u0171bb \u00fatic\u00e9lok.<\/p>\n<p>\t\t  <a href=\"https:\/\/www.penzcentrum.hu\/utazas\/20260903\/elkepeszto-osszeg-ennyit-kolt-egy-atlagos-magyar-csalad-a-kulfoldi-nyaralasra-1204898\" tabindex=\"-1\" rel=\"nofollow noopener\" target=\"_blank\">     <img decoding=\"async\" src=\"https:\/\/www.europesays.com\/hu\/wp-content\/uploads\/2026\/09\/1788432487-ToVZ47T0U_sm.jpg\" class=\"img-fluid\" loading=\"lazy\" alt=\"Elk\u00e9peszt\u0151 \u00f6sszeg: ennyit k\u00f6lt egy \u00e1tlagos magyar csal\u00e1d a k\u00fclf\u00f6ldi nyaral\u00e1sra\"\/>  <\/a>  <\/p>\n<p class=\"lines-2\">Hi\u00e1ba sz\u00e1m\u00edt tov\u00e1bbra is els\u0151dleges szempontnak az \u00e1r, a magyarok nem mondtak le a k\u00fclf\u00f6ldi nyaral\u00e1sr\u00f3l:<\/p>\n<p>\t\t  <a href=\"https:\/\/www.penzcentrum.hu\/utazas\/20260903\/fordulat-jon-az-idojarasban-a-kellemes-meleg-utan-feltamad-a-szel-es-megerkeznek-a-felhok-1204872\" tabindex=\"-1\" rel=\"nofollow noopener\" target=\"_blank\">     <img decoding=\"async\" src=\"https:\/\/www.europesays.com\/hu\/wp-content\/uploads\/2026\/09\/1786263102-8SoyOtqKT_sm.jpg\" class=\"img-fluid\" loading=\"lazy\" alt=\"Fordulat j\u00f6n az id\u0151j\u00e1r\u00e1sban: a kellemes meleg ut\u00e1n felt\u00e1mad a sz\u00e9l, \u00e9s meg\u00e9rkeznek a felh\u0151k\"\/>  <\/a>  <\/p>\n<p class=\"lines-2\">V\u00e1ltoz\u00e9konyra fordul az id\u0151j\u00e1r\u00e1s, megn\u00f6vekv\u0151 felh\u0151zetre, elsz\u00f3rtan csapad\u00e9kra \u00e9s meg\u00e9l\u00e9nk\u00fcl\u0151 sz\u00e9lre kell sz\u00e1m\u00edtani.<\/p>\n<p>\t\t  <a href=\"https:\/\/www.penzcentrum.hu\/utazas\/20260903\/csutortok-reggeli-tulelocsomag-idojaras-hirek-arfolyamok-nevnap-2026-szeptember-3-1204861\" tabindex=\"-1\" rel=\"nofollow noopener\" target=\"_blank\">     <img decoding=\"async\" src=\"https:\/\/www.europesays.com\/hu\/wp-content\/uploads\/2026\/09\/1617205235-NnUFScsk1_sm.jpg\" class=\"img-fluid\" loading=\"lazy\" alt=\"Cs\u00fct\u00f6rt\u00f6k reggeli t\u00fal\u00e9l\u0151csomag: id\u0151j\u00e1r\u00e1s, h\u00edrek, \u00e1rfolyamok, n\u00e9vnap (2026. szeptember 3.)\"\/>  <\/a>  <\/p>\n<p class=\"lines-2\">A P\u00e9nzcentrum 2026. szeptember 3.-i h\u00edr\u00f6sszefoglal\u00f3ja, deviza \u00e1rfolyamai, a skandin\u00e1v lott\u00f3 nyer\u0151sz\u00e1mai, heti akci\u00f3k \u00e9s v\u00e1rhat\u00f3 id\u0151j\u00e1r\u00e1s egy helyen!<\/p>\n<p>\t\t  <a href=\"https:\/\/www.penzcentrum.hu\/utazas\/20260903\/a-malev-ota-nem-tortent-ilyen-a-budapesti-repteren-kozvetlen-alomjarat-repiti-a-magyarokat-a-paradicsomba-1204844\" tabindex=\"-1\" rel=\"nofollow noopener\" target=\"_blank\">     <img decoding=\"async\" src=\"https:\/\/www.europesays.com\/hu\/wp-content\/uploads\/2026\/09\/1788354101-4VHxdyWzp_sm.jpg\" class=\"img-fluid\" loading=\"lazy\" alt=\"A Mal\u00e9v \u00f3ta nem t\u00f6rt\u00e9nt ilyen a budapesti rept\u00e9ren: k\u00f6zvetlen \u00e1lomj\u00e1rat rep\u00edti a magyarokat a paradicsomba\"\/>  <\/a>  <\/p>\n<p class=\"lines-2\">T\u00e9vhit, hogy a saj\u00e1t szervez\u00e9s\u0171 \u00fat mindig olcs\u00f3bb: a nagy utaz\u00e1si irod\u00e1k csoportszint\u0171 beszerz\u00e9sei sok esetben kedvez\u0151bb\u00a0csomag\u00e1rakat eredm\u00e9nyezhetnek,<\/p>\n<p>\t\t  <a href=\"https:\/\/www.penzcentrum.hu\/utazas\/20260902\/tortenelmi-rekord-dolt-meg-ilyen-forro-augusztus-meg-sosem-volt-magyarorszagon-1204858\" tabindex=\"-1\" rel=\"nofollow noopener\" target=\"_blank\">     <img decoding=\"async\" src=\"https:\/\/www.europesays.com\/hu\/wp-content\/uploads\/2026\/09\/1749400790-MzT9RFj7F_sm.jpg\" class=\"img-fluid\" loading=\"lazy\" alt=\"T\u00f6rt\u00e9nelmi rekord d\u0151lt meg: ilyen forr\u00f3 augusztus m\u00e9g sosem volt Magyarorsz\u00e1gon\"\/>  <\/a>  <\/p>\n<p class=\"lines-2\">24,9 fokos orsz\u00e1gos \u00e1tlagot m\u00e9rtek augusztusban, mik\u00f6zben a csapad\u00e9k a szok\u00e1sos mennyis\u00e9g negyed\u00e9t sem \u00e9rte el.<\/p>\n<p>\t\t  <a href=\"https:\/\/www.penzcentrum.hu\/utazas\/20260902\/rossz-hir-az-olcso-repulesek-szerelmeseinek-nagy-dragulas-johet-jovore-a-ryanairnel-1204838\" tabindex=\"-1\" rel=\"nofollow noopener\" target=\"_blank\">     <img decoding=\"async\" src=\"https:\/\/www.europesays.com\/hu\/wp-content\/uploads\/2026\/09\/1730712214-AIoJSEpWa_sm.jpg\" class=\"img-fluid\" loading=\"lazy\" alt=\"Rossz h\u00edr az olcs\u00f3 rep\u00fcl\u00e9sek szerelmeseinek: nagy dr\u00e1gul\u00e1s j\u00f6het j\u00f6v\u0151re a Ryanairn\u00e9l\"\/>  <\/a>  <\/p>\n<p class=\"lines-2\">A Ryanair szerint a magas olaj\u00e1rak miatt j\u00f6v\u0151re jelent\u0151sen dr\u00e1gulhatnak a rep\u00fcl\u0151jegyek Eur\u00f3p\u00e1ban.<\/p>\n<p>\t\t  <a href=\"https:\/\/www.penzcentrum.hu\/utazas\/20260902\/mar-14-kilometeres-a-torlodas-az-m1-esen-budapest-fele-1204835\" tabindex=\"-1\" rel=\"nofollow noopener\" target=\"_blank\">     <img decoding=\"async\" src=\"https:\/\/www.europesays.com\/hu\/wp-content\/uploads\/2026\/09\/1745501669-gQGGfbDmA_sm.jpg\" class=\"img-fluid\" loading=\"lazy\" alt=\"M\u00e1r 14 kilom\u00e9teres a torl\u00f3d\u00e1s az M1-esen Budapest fel\u00e9!\"\/>  <\/a>  <\/p>\n<p class=\"lines-2\">A szeptember 2-i k\u00f6zleked\u00e9si helyzetet jelent\u0151s torl\u00f3d\u00e1sok, m\u0171szaki ment\u00e9sek \u00e9s \u00fat\u00e9p\u00edt\u00e9si munk\u00e1latok nehez\u00edtik az orsz\u00e1g t\u00f6bb pontj\u00e1n.<\/p>\n<p>\t\t  <a href=\"https:\/\/www.penzcentrum.hu\/utazas\/20260902\/elesedik-a-nagyszabasu-menetrend-valtozas-szeptember-1-tol-mashogy-kozlekedik-sok-helykozi-es-tavolsagi-buszjarat-1204810\" tabindex=\"-1\" rel=\"nofollow noopener\" target=\"_blank\">     <img decoding=\"async\" src=\"https:\/\/www.europesays.com\/hu\/wp-content\/uploads\/2026\/09\/1788337480-UpRL2oO9G_sm.jpg\" class=\"img-fluid\" loading=\"lazy\" alt=\"\u00c9lesedett a nagyszab\u00e1s\u00fa menetrend v\u00e1ltoz\u00e1s szeptember 1-t\u0151l: m\u00e1shogy k\u00f6zlekedik sok helyk\u00f6zi \u00e9s t\u00e1vols\u00e1gi buszj\u00e1rat\"\/>  <\/a>  <\/p>\n<p class=\"lines-2\">2026. szeptember 1-j\u00e9t\u0151l \u00faj aut\u00f3busz-menetrend l\u00e9p \u00e9letbe szerte az orsz\u00e1gban. T\u00f6bb t\u00e1vols\u00e1gi \u00e9s helyk\u00f6zi j\u00e1rat menetrendje v\u00e1ltozik.<\/p>\n<p>\t\t  <a href=\"https:\/\/www.penzcentrum.hu\/utazas\/20260902\/kesz-ennyi-volt-azonnali-hatallyal-kitiltottak-a-forgalombol-ezeket-az-e-rollereket-nem-lehet-veluk-kozlekedni-1204793\" tabindex=\"-1\" rel=\"nofollow noopener\" target=\"_blank\">     <img decoding=\"async\" src=\"https:\/\/www.europesays.com\/hu\/wp-content\/uploads\/2026\/09\/1763389576-73nRhQoHV_sm.jpg\" class=\"img-fluid\" loading=\"lazy\" alt=\"K\u00e9sz, ennyi volt: azonnali hat\u00e1llyal kitiltott\u00e1k a forgalomb\u00f3l ezeket az e-rollereket, nem lehet vel\u00fck k\u00f6zlekedni\"\/>  <\/a>  <\/p>\n<p class=\"lines-2\">Hatalmas felh\u00e1borod\u00e1st v\u00e1ltott ki, hogy szeptember 1-j\u00e9vel kitiltott\u00e1k a k\u00f6z\u00fati forgalomb\u00f3l a 25 km\/h-n\u00e1l gyorsabb, valamint az \u00fcl\u00e9ssel ell\u00e1tott elektromos rollereket.<\/p>\n<p>\t\t  <a href=\"https:\/\/www.penzcentrum.hu\/utazas\/20260902\/kiderult-a-balatoni-szezon-sotet-titka-tomegesen-maradoznak-el-a-kulfoldi-turistak-1204797\" tabindex=\"-1\" rel=\"nofollow noopener\" target=\"_blank\">     <img decoding=\"async\" src=\"https:\/\/www.europesays.com\/hu\/wp-content\/uploads\/2026\/09\/1785479569-n4o2sI9le_sm.jpg\" class=\"img-fluid\" loading=\"lazy\" alt=\"Kider\u00fclt a balatoni szezon s\u00f6t\u00e9t titka: t\u00f6megesen maradoznak el a k\u00fclf\u00f6ldi turist\u00e1k\"\/>  <\/a>  <\/p>\n<p class=\"lines-2\">2026 j\u00falius\u00e1ban a turisztikai (kereskedelmi, mag\u00e1n- \u00e9s egy\u00e9b) sz\u00e1ll\u00e1shelyeken k\u00f6zel 2,5 milli\u00f3 vend\u00e9g 6,7 milli\u00f3 vend\u00e9g\u00e9jszak\u00e1t t\u00f6lt\u00f6tt el.<\/p>\n<p>\t\t  <a href=\"https:\/\/www.penzcentrum.hu\/utazas\/20260902\/szerda-reggeli-tulelocsomag-idojaras-hirek-arfolyamok-nevnap-2026-szeptember-2-1204795\" tabindex=\"-1\" rel=\"nofollow noopener\" target=\"_blank\">     <img decoding=\"async\" src=\"https:\/\/www.europesays.com\/hu\/wp-content\/uploads\/2026\/09\/1617205210-tk54jP5su_sm.jpg\" class=\"img-fluid\" loading=\"lazy\" alt=\"Szerda reggeli t\u00fal\u00e9l\u0151csomag: id\u0151j\u00e1r\u00e1s, h\u00edrek, \u00e1rfolyamok, n\u00e9vnap (2026. szeptember 2.)\"\/>  <\/a>  <\/p>\n<p class=\"lines-2\">A P\u00e9nzcentrum 2026. szeptember 2.-i h\u00edr\u00f6sszefoglal\u00f3ja, deviza \u00e1rfolyamai, heti akci\u00f3k \u00e9s v\u00e1rhat\u00f3 id\u0151j\u00e1r\u00e1s egy helyen!<\/p>\n","protected":false},"excerpt":{"rendered":"2026. szeptember 5. 13:29 Id\u00e9n a megszokottn\u00e1l tov\u00e1bb, okt\u00f3ber elej\u00e9ig k\u00f6zlekedik az Adria InterCity Budapest \u00e9s Split k\u00f6z\u00f6tt&hellip;\n","protected":false},"author":2,"featured_media":234136,"comment_status":"","ping_status":"","sticky":false,"template":"","format":"standard","meta":{"footnotes":"","_share_on_mastodon":"0"},"categories":[22],"tags":[393,73,44,42,40,672,43,41,669,671,670,674,111,673],"class_list":["post-234135","post","type-post","status-publish","format-standard","has-post-thumbnail","category-budapest","tag-biztositas","tag-budapest","tag-hu","tag-hungarian","tag-hungary","tag-karrier","tag-magyar","tag-magyarorszag","tag-megtakaritas","tag-nyugdij","tag-otthon","tag-utazas","tag-vallalkozas","tag-vasarlas"],"share_on_mastodon":{"url":"https:\/\/pubeurope.com\/@hu\/117219420889909472","error":""},"_links":{"self":[{"href":"https:\/\/www.europesays.com\/hu\/wp-json\/wp\/v2\/posts\/234135","targetHints":{"allow":["GET"]}}],"collection":[{"href":"https:\/\/www.europesays.com\/hu\/wp-json\/wp\/v2\/posts"}],"about":[{"href":"https:\/\/www.europesays.com\/hu\/wp-json\/wp\/v2\/types\/post"}],"author":[{"embeddable":true,"href":"https:\/\/www.europesays.com\/hu\/wp-json\/wp\/v2\/users\/2"}],"replies":[{"embeddable":true,"href":"https:\/\/www.europesays.com\/hu\/wp-json\/wp\/v2\/comments?post=234135"}],"version-history":[{"count":0,"href":"https:\/\/www.europesays.com\/hu\/wp-json\/wp\/v2\/posts\/234135\/revisions"}],"wp:featuredmedia":[{"embeddable":true,"href":"https:\/\/www.europesays.com\/hu\/wp-json\/wp\/v2\/media\/234136"}],"wp:attachment":[{"href":"https:\/\/www.europesays.com\/hu\/wp-json\/wp\/v2\/media?parent=234135"}],"wp:term":[{"taxonomy":"category","embeddable":true,"href":"https:\/\/www.europesays.com\/hu\/wp-json\/wp\/v2\/categories?post=234135"},{"taxonomy":"post_tag","embeddable":true,"href":"https:\/\/www.europesays.com\/hu\/wp-json\/wp\/v2\/tags?post=234135"}],"curies":[{"name":"wp","href":"https:\/\/api.w.org\/{rel}","templated":true}]}}