{"id":234137,"date":"2026-09-05T16:44:10","date_gmt":"2026-09-05T16:44:10","guid":{"rendered":"https:\/\/www.europesays.com\/hu\/234137\/"},"modified":"2026-09-05T16:44:10","modified_gmt":"2026-09-05T16:44:10","slug":"hazassag-elso-latasra-vallalna-a-dns-es-szagtesztet","status":"publish","type":"post","link":"https:\/\/www.europesays.com\/hu\/234137\/","title":{"rendered":"H\u00e1zass\u00e1g els\u0151 l\u00e1t\u00e1sra: v\u00e1llaln\u00e1 a DNS- \u00e9s szagtesztet?"},"content":{"rendered":"<p class=\"a-lead mb-8 text-xl lg:text-xl-plus font-medium&#10;                leading-7.5 lg:leading-8\">\n    A szlov\u00e1k H\u00e1zass\u00e1g els\u0151 l\u00e1t\u00e1sra szerepl\u0151inek kiv\u00e1laszt\u00e1s\u00e1n\u00e1l nem b\u00edztak mindent a pszichol\u00f3gusokra. DNS-teszttel, hangmint\u00e1kkal, rajzokkal, s\u0151t m\u00e1sok \u00e1ltal viselt p\u00f3l\u00f3kkal is kerest\u00e9k az ide\u00e1lis p\u00e1rokat. Mert a h\u00e1zass\u00e1g t\u00fal komoly dolog ahhoz, hogy puszt\u00e1n k\u00e9t emberre b\u00edzz\u00e1k.\n<\/p>\n<p>A magyar <a href=\"https:\/\/story.hu\/napi-friss\/2026\/09\/03\/hazassag-elso-latasra-juci-baratai-nepharag\/glkqyrh\" id=\"8fc8b72b-c084-43ea-b7bb-9dabd9e2c3a3\" rel=\"nofollow noopener\" target=\"_blank\">H\u00e1zass\u00e1g els\u0151 l\u00e1t\u00e1sra<\/a> szerepl\u0151inek m\u00e1r ahhoz is tekint\u00e9lyes adag b\u00e1tors\u00e1gra van sz\u00fcks\u00e9g\u00fck, hogy egy vadidegen mellett mondj\u00e1k ki az igent. A m\u0171sor <a href=\"https:\/\/story.hu\/napi-friss\/2026\/09\/03\/hazassag-elso-latasra-jan-gyerekei-fiai-kapcsolat\/ynw3pxs\" id=\"96803d77-a30f-43bf-b40c-756ec77ba9ef\" rel=\"nofollow noopener\" target=\"_blank\">szlov\u00e1k v\u00e1ltozat\u00e1nak<\/a> k\u00e9sz\u00edt\u0151i azonban \u00fagy gondolhatt\u00e1k, ha m\u00e1r az olt\u00e1rig nem tal\u00e1lkozhat egym\u00e1ssal a menyasszony \u00e9s a <a href=\"https:\/\/nlc.hu\/sztarok\/20260902\/hazassag-elso-latasra-meghiusult-eskuvo\/\" id=\"d7387d2b-3f3d-48df-b557-d45167a152d0\" rel=\"nofollow noopener\" target=\"_blank\">v\u0151leg\u00e9ny<\/a>, legal\u00e1bb a DNS-\u00fck \u00e9s a testszaguk ismerkedjen meg el\u0151re.<\/p>\n<p>A Mark\u00edza telev\u00edzi\u00f3 <a href=\"https:\/\/www.markiza.sk\/relacie\/svadba-na-prvy-pohlad\" id=\"6879c090-aeb7-43fb-85e7-798b5e077e90\" rel=\"nofollow noopener\" target=\"_blank\">Svadba na prv\u00fd poh\u013ead<\/a> c\u00edm\u0171 m\u0171sor\u00e1ban ugyanis nem egyszer\u0171 castingon v\u00e1lasztott\u00e1k ki a jelentkez\u0151ket. A pszichol\u00f3giai interj\u00fak mellett, DNS-vizsg\u00e1latok, szagtesztek \u00e9s vonzalmi tesztek seg\u00edts\u00e9g\u00e9vel pr\u00f3b\u00e1lt\u00e1k eld\u00f6nteni, kikb\u0151l lehet m\u0171k\u00f6d\u0151k\u00e9pes p\u00e1r. A szlov\u00e1k verzi\u00f3 hivatalos ismertet\u0151je szerint m\u00e9g a jelentkez\u0151k fiziol\u00f3giai reakci\u00f3it is megfigyelt\u00e9k.<\/p>\n<p>                                                                                                                                A szerelem vak, de a p\u00f3l\u00f3t az\u00e9rt megszagolja<\/p>\n<p>A vizsg\u00e1latok legeml\u00e9kezetesebb r\u00e9sze k\u00e9ts\u00e9gk\u00edv\u00fcl a szagteszt lehetett. A jelentkez\u0151knek az ellenkez\u0151 nemhez tartoz\u00f3 idegenek \u00e1ltal viselt p\u00f3l\u00f3kat kellett megszagolniuk, majd elmondaniuk, mit \u00e9reznek.<\/p>\n<p>A m\u0171sor egyik szak\u00e9rt\u0151je, Jaroslava Babkov\u00e1 szerint az immunol\u00f3giai szempontb\u00f3l k\u00fcl\u00f6nb\u00f6z\u0151 emberek gyakran kellemesebbnek tal\u00e1lj\u00e1k egym\u00e1s term\u00e9szetes illat\u00e1t. \u00dagy v\u00e9lte, a biol\u00f3giai vonzalmat hajlamosak vagyunk \u00f6sszekeverni a k\u00fcls\u0151 megjelen\u00e9s \u00e1ltal kiv\u00e1ltott vonzalommal, ez\u00e9rt id\u0151nk\u00e9nt \u00e9rdemes kev\u00e9sb\u00e9 a szem\u00fcnkre, ink\u00e1bb a test\u00fcnk reakci\u00f3ira hagyatkozni. Magyar\u00e1n: a szerelem vak, de az\u00e9rt el\u0151bb megszagoltatj\u00e1k vele a mosatlan p\u00f3l\u00f3dat.<\/p>\n<p>Ez legal\u00e1bb az esk\u00fcv\u0151 ut\u00e1n rengeteg k\u00e9s\u0151bbi vit\u00e1t megel\u0151zhet. Senki sem mondhatja, hogy nem tudta, mire v\u00e1llalkozik, amikor a m\u00e1sik edz\u0151fels\u0151je m\u00e1r a h\u00e1zass\u00e1g el\u0151tt \u00e1tment a laborvizsg\u00e1laton.<\/p>\n<p>                        <img class=\"object-contain -landscape mx-auto w-full sm:w-auto\"  src=\"https:\/\/www.europesays.com\/hu\/wp-content\/uploads\/2026\/09\/5Iyk9mBaHR0cHM6Ly9pbWFnZXMuc3RvcnkuaHUvMS9uVzZrOWxCYUhSMGNITTZMeTl2WTJSdUxtVjFMM0IxYkhOamJYTXZUVVJCW.webp\" alt=\"L\u0151rincz J\u00e1n Szlov\u00e1ki\u00e1b\u00f3l \u00e9rkezett a magyar m\u0171sorba, \u00edgy elker\u00fclte a DNS-mint\u00e1t \u00e9s a szagolgat\u00e1st\" loading=\"lazy\" decoding=\"async\" \/><\/p>\n<p>                    Fotocentral \/ TV2<\/p>\n<p>        L\u0151rincz J\u00e1n Szlov\u00e1ki\u00e1b\u00f3l \u00e9rkezett a magyar m\u0171sorba, \u00edgy elker\u00fclte a DNS-mint\u00e1t \u00e9s a szagolgat\u00e1st<\/p>\n<p>                                                                                                                                    A hangjukat is meghallgatt\u00e1k<\/p>\n<p>A harmadik \u00e9vadban a k\u00e9sz\u00edt\u0151k tov\u00e1bb b\u0151v\u00edtett\u00e9k a szerelmi alkalmass\u00e1gi vizsg\u00e1t. A jelentkez\u0151k hangfelv\u00e9teleket hallgattak, majd \u00e9rt\u00e9kelt\u00e9k, melyik hangot tal\u00e1lj\u00e1k vonz\u00f3nak. Egy k\u00e9pz\u0151m\u0171v\u00e9sz pedig az \u00fatmutat\u00e1suk alapj\u00e1n m\u00e9g le is rajzolta az ide\u00e1lis partner\u00fck arc\u00e1t.<\/p>\n<p>Vagyis mire valaki eljutott az olt\u00e1rig, nagyj\u00e1b\u00f3l annyi vizsg\u00e1laton esett \u00e1t, mint egy \u0171rhaj\u00f3s: elemezt\u00e9k a szem\u00e9lyis\u00e9g\u00e9t, a g\u00e9njeit, a hangpreferenci\u00e1j\u00e1t, a fizikai reakci\u00f3it \u00e9s azt is, milyen arcot k\u00e9pzel maga mell\u00e9. M\u00e1r csak azt nem ellen\u0151rizt\u00e9k, hogyan reag\u00e1l, amikor a m\u00e1sik harmadszor is a mosogat\u00f3 mell\u00e9 teszi a b\u00f6gr\u00e9t. Pedig a h\u00e1zass\u00e1gok val\u00f3di stressztesztje sokszor ott kezd\u0151dik.<\/p>\n<p>                                                                                                                                2400 jelentkez\u0151b\u0151l 10 jutott be<\/p>\n<p>A 2022-ben bemutatott harmadik \u00e9vadba t\u00f6bb mint 2400 ember jelentkezett, k\u00f6z\u00fcl\u00fck mind\u00f6ssze t\u00edzen ker\u00fcltek k\u00e9perny\u0151re: a szak\u00e9rt\u0151k \u00f6t p\u00e1rt \u00e1ll\u00edtottak \u00f6ssze. Ez azt jelenti, hogy \u00e1tlagosan minden 240. jelentkez\u0151 jutott el az esk\u00fcv\u0151ig.<\/p>\n<p>A kiv\u00e1lasztottak az olt\u00e1rn\u00e1l tal\u00e1lkoztak el\u0151sz\u00f6r, majd a cerem\u00f3nia \u00e9s a n\u00e1sz\u00fat ut\u00e1n egy h\u00f3napig k\u00f6z\u00f6s h\u00e1ztart\u00e1sban \u00e9ltek. Ezut\u00e1n d\u00f6nt\u00f6tt\u00e9k el, egy\u00fctt folytatj\u00e1k-e, vagy ink\u00e1bb visszat\u00e9rnek a hagyom\u00e1nyos t\u00e1rskeres\u00e9shez.<\/p>\n","protected":false},"excerpt":{"rendered":"A szlov\u00e1k H\u00e1zass\u00e1g els\u0151 l\u00e1t\u00e1sra szerepl\u0151inek kiv\u00e1laszt\u00e1s\u00e1n\u00e1l nem b\u00edztak mindent a pszichol\u00f3gusokra. DNS-teszttel, hangmint\u00e1kkal, rajzokkal, s\u0151t m\u00e1sok \u00e1ltal&hellip;\n","protected":false},"author":2,"featured_media":234138,"comment_status":"","ping_status":"","sticky":false,"template":"","format":"standard","meta":{"footnotes":"","_share_on_mastodon":"0"},"categories":[16],"tags":[137,3962,44,42,40,43,41,11680,35512,1954,1050,138],"class_list":["post-234137","post","type-post","status-publish","format-standard","has-post-thumbnail","category-szorakozas","tag-entertainment","tag-hazassag-elso-latasra","tag-hu","tag-hungarian","tag-hungary","tag-magyar","tag-magyarorszag","tag-parkereses","tag-parkereso-reality","tag-reality","tag-szlovakia","tag-szorakozas"],"share_on_mastodon":{"url":"https:\/\/pubeurope.com\/@hu\/117219444081639864","error":""},"_links":{"self":[{"href":"https:\/\/www.europesays.com\/hu\/wp-json\/wp\/v2\/posts\/234137","targetHints":{"allow":["GET"]}}],"collection":[{"href":"https:\/\/www.europesays.com\/hu\/wp-json\/wp\/v2\/posts"}],"about":[{"href":"https:\/\/www.europesays.com\/hu\/wp-json\/wp\/v2\/types\/post"}],"author":[{"embeddable":true,"href":"https:\/\/www.europesays.com\/hu\/wp-json\/wp\/v2\/users\/2"}],"replies":[{"embeddable":true,"href":"https:\/\/www.europesays.com\/hu\/wp-json\/wp\/v2\/comments?post=234137"}],"version-history":[{"count":0,"href":"https:\/\/www.europesays.com\/hu\/wp-json\/wp\/v2\/posts\/234137\/revisions"}],"wp:featuredmedia":[{"embeddable":true,"href":"https:\/\/www.europesays.com\/hu\/wp-json\/wp\/v2\/media\/234138"}],"wp:attachment":[{"href":"https:\/\/www.europesays.com\/hu\/wp-json\/wp\/v2\/media?parent=234137"}],"wp:term":[{"taxonomy":"category","embeddable":true,"href":"https:\/\/www.europesays.com\/hu\/wp-json\/wp\/v2\/categories?post=234137"},{"taxonomy":"post_tag","embeddable":true,"href":"https:\/\/www.europesays.com\/hu\/wp-json\/wp\/v2\/tags?post=234137"}],"curies":[{"name":"wp","href":"https:\/\/api.w.org\/{rel}","templated":true}]}}